{"id":51268,"date":"2021-09-18T09:10:39","date_gmt":"2021-09-18T07:10:39","guid":{"rendered":"https:\/\/www.mojevrijeme.hr\/magazin\/?p=51268"},"modified":"2021-12-02T12:04:32","modified_gmt":"2021-12-02T11:04:32","slug":"dodite-u-maksimirsku-pogledajte-novu-izlozbu-na-ulici","status":"publish","type":"post","link":"https:\/\/www.mojevrijeme.hr\/magazin\/2021\/09\/dodite-u-maksimirsku-pogledajte-novu-izlozbu-na-ulici\/","title":{"rendered":"Do\u0111ite u Maksimirsku, pogledajte novu &#8216;Izlo\u017ebu na ulici&#8217;"},"content":{"rendered":"\n<p>Svake godine, po nekoliko puta,&nbsp;studenti Akademije likovnih umjetnosti Sveu\u010dili\u0161ta u Zagrebu&nbsp;oslikavaju&nbsp;panoe u Maksimiru. Jedna od najprometnijih zagreba\u010dkih ulica tako se sezonski mijenja, a oni koji znaju prepoznati ljepotu, s nestrpljenjem i\u0161\u010dekuju novi postav. Jedan od njih je i na\u0161 fotoreporter Sandro Bura koji je snimio prilo\u017eenu galeriju. <\/p>\n\n\n\n<p>&#8220;Preslikavanjem starih radova ra\u0111aju se novi motivi koji oboga\u0107uju grad umjetno\u0161\u0107u. Dok mladi umjetnici oslikavaju panoe, \u010desto razgovaraju s prolaznicima, a ponekad se i djeca odlu\u010de zaprljati bojom. Pro\u0161le godine je projekt&nbsp;Izlo\u017ebe na ulici&nbsp;dobio&nbsp;Rektorovu nagradu Sveu\u010dili\u0161ta u Zagrebu. U prvom planu je odnos izme\u0111u umjetnosti i gra\u0111ana. Umjetnost je stvorena da oplemeni sve koje okru\u017euje i da krasi na\u0161 grad Zagreb&#8221;, navode iz Akademije koja donosi umjetnost na otvorene gradske prostore u suradnji s&nbsp;Centrom za kulturu i informacije Maksimir, a u sklopu projekta&nbsp;Izlo\u017eba na ulici. <\/p>\n\n\n<style type=\"text\/css\">\n#foogallery-gallery-51286.fg-masonry { --fg-gutter: 0px; }<\/style>\n\t\t\t<div class=\"foogallery foogallery-container foogallery-masonry foogallery-lightbox-foobox fg-center fg-masonry fg-ready fg-light fg-shadow-outline fg-loading-default fg-loaded-fade-in fg-hover-fade fg-hover-zoom fg-col3\" id=\"foogallery-gallery-51286\" data-foogallery=\"{&quot;item&quot;:{&quot;showCaptionTitle&quot;:true,&quot;showCaptionDescription&quot;:true},&quot;lazy&quot;:true}\" style=\"--fg-title-line-clamp: 0; --fg-description-line-clamp: 0;\" >\n\t\t<div class=\"fg-column-width\"><\/div>\n\t<div class=\"fg-gutter-width\"><\/div>\n\t\t<div class=\"fg-item fg-type-image fg-idle\"><figure class=\"fg-item-inner\"><a href=\"https:\/\/www.mojevrijeme.hr\/magazin\/wp-content\/uploads\/2021\/09\/alu.jpg\" data-caption-title=\"foto: Sandro Bura\" data-caption-desc=\"foto: Sandro Bura\" data-attachment-id=\"51246\" data-type=\"image\" class=\"fg-thumb\"><span class=\"fg-image-wrap\"><img decoding=\"async\" title=\"foto: Sandro Bura\" width=\"250\" height=\"150\" class=\"skip-lazy fg-image\" data-src-fg=\"https:\/\/www.mojevrijeme.hr\/magazin\/wp-content\/uploads\/cache\/2021\/09\/alu\/594411109.jpg\" data-srcset-fg=\"https:\/\/www.mojevrijeme.hr\/magazin\/wp-content\/uploads\/cache\/2021\/09\/alu\/2171396661.jpg 3x\" src=\"data:image\/svg+xml,%3Csvg%20xmlns%3D%22http%3A%2F%2Fwww.w3.org%2F2000%2Fsvg%22%20width%3D%22250%22%20height%3D%22150%22%20viewBox%3D%220%200%20250%20150%22%3E%3C%2Fsvg%3E\" loading=\"eager\"><\/span><span class=\"fg-image-overlay\"><\/span><\/a><figcaption class=\"fg-caption\"><div class=\"fg-caption-inner\"><div class=\"fg-caption-title\">foto: Sandro Bura<\/div><div class=\"fg-caption-desc\">foto: Sandro Bura<\/div><\/div><\/figcaption><\/figure><div class=\"fg-loader\"><\/div><\/div><div class=\"fg-item fg-type-image fg-idle\"><figure class=\"fg-item-inner\"><a href=\"https:\/\/www.mojevrijeme.hr\/magazin\/wp-content\/uploads\/2021\/09\/prolaznica.jpg\" data-caption-title=\"foto: Sandro Bura\" data-caption-desc=\"foto: Sandro Bura\" data-attachment-id=\"51300\" data-type=\"image\" class=\"fg-thumb\"><span class=\"fg-image-wrap\"><img fetchpriority=\"high\" decoding=\"async\" title=\"foto: Sandro Bura\" width=\"250\" height=\"417\" class=\"skip-lazy fg-image\" data-src-fg=\"https:\/\/www.mojevrijeme.hr\/magazin\/wp-content\/uploads\/cache\/2021\/09\/prolaznica\/348810825.jpg\" data-srcset-fg=\"https:\/\/www.mojevrijeme.hr\/magazin\/wp-content\/uploads\/cache\/2021\/09\/prolaznica\/2567552288.jpg 3x\" src=\"data:image\/svg+xml,%3Csvg%20xmlns%3D%22http%3A%2F%2Fwww.w3.org%2F2000%2Fsvg%22%20width%3D%22250%22%20height%3D%22417%22%20viewBox%3D%220%200%20250%20417%22%3E%3C%2Fsvg%3E\" loading=\"eager\"><\/span><span class=\"fg-image-overlay\"><\/span><\/a><figcaption class=\"fg-caption\"><div class=\"fg-caption-inner\"><div class=\"fg-caption-title\">foto: Sandro Bura<\/div><div class=\"fg-caption-desc\">foto: Sandro Bura<\/div><\/div><\/figcaption><\/figure><div class=\"fg-loader\"><\/div><\/div><div class=\"fg-item fg-type-image fg-idle\"><figure class=\"fg-item-inner\"><a href=\"https:\/\/www.mojevrijeme.hr\/magazin\/wp-content\/uploads\/2021\/09\/l-elezovic.jpg\" data-caption-title=\"foto: Sandro Bura\" data-caption-desc=\"foto: Sandro Bura\" data-attachment-id=\"51253\" data-type=\"image\" class=\"fg-thumb\"><span class=\"fg-image-wrap\"><img decoding=\"async\" title=\"foto: Sandro Bura\" width=\"250\" height=\"150\" class=\"skip-lazy fg-image\" data-src-fg=\"https:\/\/www.mojevrijeme.hr\/magazin\/wp-content\/uploads\/cache\/2021\/09\/l-elezovic\/1900363987.jpg\" data-srcset-fg=\"https:\/\/www.mojevrijeme.hr\/magazin\/wp-content\/uploads\/cache\/2021\/09\/l-elezovic\/4236678074.jpg 3x\" src=\"data:image\/svg+xml,%3Csvg%20xmlns%3D%22http%3A%2F%2Fwww.w3.org%2F2000%2Fsvg%22%20width%3D%22250%22%20height%3D%22150%22%20viewBox%3D%220%200%20250%20150%22%3E%3C%2Fsvg%3E\" loading=\"eager\"><\/span><span class=\"fg-image-overlay\"><\/span><\/a><figcaption class=\"fg-caption\"><div class=\"fg-caption-inner\"><div class=\"fg-caption-title\">foto: Sandro Bura<\/div><div class=\"fg-caption-desc\">foto: Sandro Bura<\/div><\/div><\/figcaption><\/figure><div class=\"fg-loader\"><\/div><\/div><div class=\"fg-item fg-type-image fg-idle\"><figure class=\"fg-item-inner\"><a href=\"https:\/\/www.mojevrijeme.hr\/magazin\/wp-content\/uploads\/2021\/09\/dorotea-budic.jpg\" data-caption-title=\"foto: Sandro Bura\" data-caption-desc=\"foto: Sandro Bura\" data-attachment-id=\"51266\" data-type=\"image\" class=\"fg-thumb\"><span class=\"fg-image-wrap\"><img decoding=\"async\" title=\"foto: Sandro Bura\" width=\"250\" height=\"150\" class=\"skip-lazy fg-image\" data-src-fg=\"https:\/\/www.mojevrijeme.hr\/magazin\/wp-content\/uploads\/cache\/2021\/09\/dorotea-budic\/971623392.jpg\" data-srcset-fg=\"https:\/\/www.mojevrijeme.hr\/magazin\/wp-content\/uploads\/cache\/2021\/09\/dorotea-budic\/3600236052.jpg 3x\" src=\"data:image\/svg+xml,%3Csvg%20xmlns%3D%22http%3A%2F%2Fwww.w3.org%2F2000%2Fsvg%22%20width%3D%22250%22%20height%3D%22150%22%20viewBox%3D%220%200%20250%20150%22%3E%3C%2Fsvg%3E\" loading=\"eager\"><\/span><span class=\"fg-image-overlay\"><\/span><\/a><figcaption class=\"fg-caption\"><div class=\"fg-caption-inner\"><div class=\"fg-caption-title\">foto: Sandro Bura<\/div><div class=\"fg-caption-desc\">foto: Sandro Bura<\/div><\/div><\/figcaption><\/figure><div class=\"fg-loader\"><\/div><\/div><div class=\"fg-item fg-type-image fg-idle\"><figure class=\"fg-item-inner\"><a href=\"https:\/\/www.mojevrijeme.hr\/magazin\/wp-content\/uploads\/2021\/09\/nikolina-zabcic.jpg\" data-caption-title=\"foto: Sandro Bura\" data-caption-desc=\"foto: Sandro Bura\" data-attachment-id=\"51265\" data-type=\"image\" class=\"fg-thumb\"><span class=\"fg-image-wrap\"><img decoding=\"async\" title=\"foto: Sandro Bura\" width=\"250\" height=\"150\" class=\"skip-lazy fg-image\" data-src-fg=\"https:\/\/www.mojevrijeme.hr\/magazin\/wp-content\/uploads\/cache\/2021\/09\/nikolina-zabcic\/1070572427.jpg\" data-srcset-fg=\"https:\/\/www.mojevrijeme.hr\/magazin\/wp-content\/uploads\/cache\/2021\/09\/nikolina-zabcic\/2194173663.jpg 3x\" src=\"data:image\/svg+xml,%3Csvg%20xmlns%3D%22http%3A%2F%2Fwww.w3.org%2F2000%2Fsvg%22%20width%3D%22250%22%20height%3D%22150%22%20viewBox%3D%220%200%20250%20150%22%3E%3C%2Fsvg%3E\" loading=\"eager\"><\/span><span class=\"fg-image-overlay\"><\/span><\/a><figcaption class=\"fg-caption\"><div class=\"fg-caption-inner\"><div class=\"fg-caption-title\">foto: Sandro Bura<\/div><div class=\"fg-caption-desc\">foto: Sandro Bura<\/div><\/div><\/figcaption><\/figure><div class=\"fg-loader\"><\/div><\/div><div class=\"fg-item fg-type-image fg-idle\"><figure class=\"fg-item-inner\"><a href=\"https:\/\/www.mojevrijeme.hr\/magazin\/wp-content\/uploads\/2021\/09\/nikola-grabovac.jpg\" data-caption-title=\"foto: Sandro Bura\" data-caption-desc=\"foto: Sandro Bura\" data-attachment-id=\"51263\" data-type=\"image\" class=\"fg-thumb\"><span class=\"fg-image-wrap\"><img decoding=\"async\" title=\"foto: Sandro Bura\" width=\"250\" height=\"150\" class=\"skip-lazy fg-image\" data-src-fg=\"https:\/\/www.mojevrijeme.hr\/magazin\/wp-content\/uploads\/cache\/2021\/09\/nikola-grabovac\/3030848629.jpg\" data-srcset-fg=\"https:\/\/www.mojevrijeme.hr\/magazin\/wp-content\/uploads\/cache\/2021\/09\/nikola-grabovac\/161536289.jpg 3x\" src=\"data:image\/svg+xml,%3Csvg%20xmlns%3D%22http%3A%2F%2Fwww.w3.org%2F2000%2Fsvg%22%20width%3D%22250%22%20height%3D%22150%22%20viewBox%3D%220%200%20250%20150%22%3E%3C%2Fsvg%3E\" loading=\"eager\"><\/span><span class=\"fg-image-overlay\"><\/span><\/a><figcaption class=\"fg-caption\"><div class=\"fg-caption-inner\"><div class=\"fg-caption-title\">foto: Sandro Bura<\/div><div class=\"fg-caption-desc\">foto: Sandro Bura<\/div><\/div><\/figcaption><\/figure><div class=\"fg-loader\"><\/div><\/div><div class=\"fg-item fg-type-image fg-idle\"><figure class=\"fg-item-inner\"><a href=\"https:\/\/www.mojevrijeme.hr\/magazin\/wp-content\/uploads\/2021\/09\/zm.jpg\" data-caption-title=\"foto: Sandro Bura\" data-caption-desc=\"foto: Sandro Bura\" data-attachment-id=\"51254\" data-type=\"image\" class=\"fg-thumb\"><span class=\"fg-image-wrap\"><img decoding=\"async\" title=\"foto: Sandro Bura\" width=\"250\" height=\"150\" class=\"skip-lazy fg-image\" data-src-fg=\"https:\/\/www.mojevrijeme.hr\/magazin\/wp-content\/uploads\/cache\/2021\/09\/zm\/2528734495.jpg\" data-srcset-fg=\"https:\/\/www.mojevrijeme.hr\/magazin\/wp-content\/uploads\/cache\/2021\/09\/zm\/4040445756.jpg 3x\" src=\"data:image\/svg+xml,%3Csvg%20xmlns%3D%22http%3A%2F%2Fwww.w3.org%2F2000%2Fsvg%22%20width%3D%22250%22%20height%3D%22150%22%20viewBox%3D%220%200%20250%20150%22%3E%3C%2Fsvg%3E\" loading=\"eager\"><\/span><span class=\"fg-image-overlay\"><\/span><\/a><figcaption class=\"fg-caption\"><div class=\"fg-caption-inner\"><div class=\"fg-caption-title\">foto: Sandro Bura<\/div><div class=\"fg-caption-desc\">foto: Sandro Bura<\/div><\/div><\/figcaption><\/figure><div class=\"fg-loader\"><\/div><\/div><div class=\"fg-item fg-type-image fg-idle\"><figure class=\"fg-item-inner\"><a href=\"https:\/\/www.mojevrijeme.hr\/magazin\/wp-content\/uploads\/2021\/09\/dinosaur.jpg\" data-caption-title=\"foto: Sandro Bura\" data-caption-desc=\"foto: Sandro Bura\" data-attachment-id=\"51255\" data-type=\"image\" class=\"fg-thumb\"><span class=\"fg-image-wrap\"><img decoding=\"async\" title=\"foto: Sandro Bura\" width=\"250\" height=\"150\" class=\"skip-lazy fg-image\" data-src-fg=\"https:\/\/www.mojevrijeme.hr\/magazin\/wp-content\/uploads\/cache\/2021\/09\/dinosaur\/3609536801.jpg\" data-srcset-fg=\"https:\/\/www.mojevrijeme.hr\/magazin\/wp-content\/uploads\/cache\/2021\/09\/dinosaur\/1745533585.jpg 3x\" src=\"data:image\/svg+xml,%3Csvg%20xmlns%3D%22http%3A%2F%2Fwww.w3.org%2F2000%2Fsvg%22%20width%3D%22250%22%20height%3D%22150%22%20viewBox%3D%220%200%20250%20150%22%3E%3C%2Fsvg%3E\" loading=\"eager\"><\/span><span class=\"fg-image-overlay\"><\/span><\/a><figcaption class=\"fg-caption\"><div class=\"fg-caption-inner\"><div class=\"fg-caption-title\">foto: Sandro Bura<\/div><div class=\"fg-caption-desc\">foto: Sandro Bura<\/div><\/div><\/figcaption><\/figure><div class=\"fg-loader\"><\/div><\/div><div class=\"fg-item fg-type-image fg-idle\"><figure class=\"fg-item-inner\"><a href=\"https:\/\/www.mojevrijeme.hr\/magazin\/wp-content\/uploads\/2021\/09\/marta-katavic.jpg\" data-caption-title=\"foto: Sandro Bura\" data-caption-desc=\"foto: Sandro Bura\" data-attachment-id=\"51256\" data-type=\"image\" class=\"fg-thumb\"><span class=\"fg-image-wrap\"><img decoding=\"async\" title=\"foto: Sandro Bura\" width=\"250\" height=\"150\" class=\"skip-lazy fg-image\" data-src-fg=\"https:\/\/www.mojevrijeme.hr\/magazin\/wp-content\/uploads\/cache\/2021\/09\/marta-katavic\/3998577513.jpg\" data-srcset-fg=\"https:\/\/www.mojevrijeme.hr\/magazin\/wp-content\/uploads\/cache\/2021\/09\/marta-katavic\/19629725.jpg 3x\" src=\"data:image\/svg+xml,%3Csvg%20xmlns%3D%22http%3A%2F%2Fwww.w3.org%2F2000%2Fsvg%22%20width%3D%22250%22%20height%3D%22150%22%20viewBox%3D%220%200%20250%20150%22%3E%3C%2Fsvg%3E\" loading=\"eager\"><\/span><span class=\"fg-image-overlay\"><\/span><\/a><figcaption class=\"fg-caption\"><div class=\"fg-caption-inner\"><div class=\"fg-caption-title\">foto: Sandro Bura<\/div><div class=\"fg-caption-desc\">foto: Sandro Bura<\/div><\/div><\/figcaption><\/figure><div class=\"fg-loader\"><\/div><\/div><div class=\"fg-item fg-type-image fg-idle\"><figure class=\"fg-item-inner\"><a href=\"https:\/\/www.mojevrijeme.hr\/magazin\/wp-content\/uploads\/2021\/09\/natasa-devcic.jpg\" data-caption-title=\"foto: Sandro Bura\" data-caption-desc=\"foto: Sandro Bura\" data-attachment-id=\"51257\" data-type=\"image\" class=\"fg-thumb\"><span class=\"fg-image-wrap\"><img decoding=\"async\" title=\"foto: Sandro Bura\" width=\"250\" height=\"150\" class=\"skip-lazy fg-image\" data-src-fg=\"https:\/\/www.mojevrijeme.hr\/magazin\/wp-content\/uploads\/cache\/2021\/09\/natasa-devcic\/788287605.jpg\" data-srcset-fg=\"https:\/\/www.mojevrijeme.hr\/magazin\/wp-content\/uploads\/cache\/2021\/09\/natasa-devcic\/3246564737.jpg 3x\" src=\"data:image\/svg+xml,%3Csvg%20xmlns%3D%22http%3A%2F%2Fwww.w3.org%2F2000%2Fsvg%22%20width%3D%22250%22%20height%3D%22150%22%20viewBox%3D%220%200%20250%20150%22%3E%3C%2Fsvg%3E\" loading=\"eager\"><\/span><span class=\"fg-image-overlay\"><\/span><\/a><figcaption class=\"fg-caption\"><div class=\"fg-caption-inner\"><div class=\"fg-caption-title\">foto: Sandro Bura<\/div><div class=\"fg-caption-desc\">foto: Sandro Bura<\/div><\/div><\/figcaption><\/figure><div class=\"fg-loader\"><\/div><\/div><div class=\"fg-item fg-type-image fg-idle\"><figure class=\"fg-item-inner\"><a href=\"https:\/\/www.mojevrijeme.hr\/magazin\/wp-content\/uploads\/2021\/09\/lana-lehamper.jpg\" data-caption-title=\"foto: Sandro Bura\" data-caption-desc=\"foto: Sandro Bura\" data-attachment-id=\"51258\" data-type=\"image\" class=\"fg-thumb\"><span class=\"fg-image-wrap\"><img decoding=\"async\" title=\"foto: Sandro Bura\" width=\"250\" height=\"150\" class=\"skip-lazy fg-image\" data-src-fg=\"https:\/\/www.mojevrijeme.hr\/magazin\/wp-content\/uploads\/cache\/2021\/09\/lana-lehamper\/2984411064.jpg\" data-srcset-fg=\"https:\/\/www.mojevrijeme.hr\/magazin\/wp-content\/uploads\/cache\/2021\/09\/lana-lehamper\/1587317324.jpg 3x\" src=\"data:image\/svg+xml,%3Csvg%20xmlns%3D%22http%3A%2F%2Fwww.w3.org%2F2000%2Fsvg%22%20width%3D%22250%22%20height%3D%22150%22%20viewBox%3D%220%200%20250%20150%22%3E%3C%2Fsvg%3E\" loading=\"eager\"><\/span><span class=\"fg-image-overlay\"><\/span><\/a><figcaption class=\"fg-caption\"><div class=\"fg-caption-inner\"><div class=\"fg-caption-title\">foto: Sandro Bura<\/div><div class=\"fg-caption-desc\">foto: Sandro Bura<\/div><\/div><\/figcaption><\/figure><div class=\"fg-loader\"><\/div><\/div><div class=\"fg-item fg-type-image fg-idle\"><figure class=\"fg-item-inner\"><a href=\"https:\/\/www.mojevrijeme.hr\/magazin\/wp-content\/uploads\/2021\/09\/vid-vukelic.jpg\" data-caption-title=\"foto: Sandro Bura\" data-caption-desc=\"foto: Sandro Bura\" data-attachment-id=\"51259\" data-type=\"image\" class=\"fg-thumb\"><span class=\"fg-image-wrap\"><img decoding=\"async\" title=\"foto: Sandro Bura\" width=\"250\" height=\"150\" class=\"skip-lazy fg-image\" data-src-fg=\"https:\/\/www.mojevrijeme.hr\/magazin\/wp-content\/uploads\/cache\/2021\/09\/vid-vukelic\/2256629031.jpg\" data-srcset-fg=\"https:\/\/www.mojevrijeme.hr\/magazin\/wp-content\/uploads\/cache\/2021\/09\/vid-vukelic\/2992797448.jpg 3x\" src=\"data:image\/svg+xml,%3Csvg%20xmlns%3D%22http%3A%2F%2Fwww.w3.org%2F2000%2Fsvg%22%20width%3D%22250%22%20height%3D%22150%22%20viewBox%3D%220%200%20250%20150%22%3E%3C%2Fsvg%3E\" loading=\"eager\"><\/span><span class=\"fg-image-overlay\"><\/span><\/a><figcaption class=\"fg-caption\"><div class=\"fg-caption-inner\"><div class=\"fg-caption-title\">foto: Sandro Bura<\/div><div class=\"fg-caption-desc\">foto: Sandro Bura<\/div><\/div><\/figcaption><\/figure><div class=\"fg-loader\"><\/div><\/div><div class=\"fg-item fg-type-image fg-idle\"><figure class=\"fg-item-inner\"><a href=\"https:\/\/www.mojevrijeme.hr\/magazin\/wp-content\/uploads\/2021\/09\/maksimirska.jpg\" data-caption-title=\"foto: Sandro Bura\" data-caption-desc=\"foto: Sandro Bura\" data-attachment-id=\"51260\" data-type=\"image\" class=\"fg-thumb\"><span class=\"fg-image-wrap\"><img decoding=\"async\" title=\"foto: Sandro Bura\" width=\"250\" height=\"150\" class=\"skip-lazy fg-image\" data-src-fg=\"https:\/\/www.mojevrijeme.hr\/magazin\/wp-content\/uploads\/cache\/2021\/09\/maksimirska\/434313232.jpg\" data-srcset-fg=\"https:\/\/www.mojevrijeme.hr\/magazin\/wp-content\/uploads\/cache\/2021\/09\/maksimirska\/754975295.jpg 3x\" src=\"data:image\/svg+xml,%3Csvg%20xmlns%3D%22http%3A%2F%2Fwww.w3.org%2F2000%2Fsvg%22%20width%3D%22250%22%20height%3D%22150%22%20viewBox%3D%220%200%20250%20150%22%3E%3C%2Fsvg%3E\" loading=\"eager\"><\/span><span class=\"fg-image-overlay\"><\/span><\/a><figcaption class=\"fg-caption\"><div class=\"fg-caption-inner\"><div class=\"fg-caption-title\">foto: Sandro Bura<\/div><div class=\"fg-caption-desc\">foto: Sandro Bura<\/div><\/div><\/figcaption><\/figure><div class=\"fg-loader\"><\/div><\/div><div class=\"fg-item fg-type-image fg-idle\"><figure class=\"fg-item-inner\"><a href=\"https:\/\/www.mojevrijeme.hr\/magazin\/wp-content\/uploads\/2021\/09\/petra-divkovic.jpg\" data-caption-title=\"foto: Sandro Bura\" data-caption-desc=\"foto: Sandro Bura\" data-attachment-id=\"51261\" data-type=\"image\" class=\"fg-thumb\"><span class=\"fg-image-wrap\"><img decoding=\"async\" title=\"foto: Sandro Bura\" width=\"250\" height=\"150\" class=\"skip-lazy fg-image\" data-src-fg=\"https:\/\/www.mojevrijeme.hr\/magazin\/wp-content\/uploads\/cache\/2021\/09\/petra-divkovic\/1343890134.jpg\" data-srcset-fg=\"https:\/\/www.mojevrijeme.hr\/magazin\/wp-content\/uploads\/cache\/2021\/09\/petra-divkovic\/3928320550.jpg 3x\" src=\"data:image\/svg+xml,%3Csvg%20xmlns%3D%22http%3A%2F%2Fwww.w3.org%2F2000%2Fsvg%22%20width%3D%22250%22%20height%3D%22150%22%20viewBox%3D%220%200%20250%20150%22%3E%3C%2Fsvg%3E\" loading=\"eager\"><\/span><span class=\"fg-image-overlay\"><\/span><\/a><figcaption class=\"fg-caption\"><div class=\"fg-caption-inner\"><div class=\"fg-caption-title\">foto: Sandro Bura<\/div><div class=\"fg-caption-desc\">foto: Sandro Bura<\/div><\/div><\/figcaption><\/figure><div class=\"fg-loader\"><\/div><\/div><div class=\"fg-item fg-type-image fg-idle\"><figure class=\"fg-item-inner\"><a href=\"https:\/\/www.mojevrijeme.hr\/magazin\/wp-content\/uploads\/2021\/09\/mijenjam-se-postepeno.jpg\" data-caption-title=\"foto: Sandro Bura\" data-caption-desc=\"foto: Sandro Bura\" data-attachment-id=\"51262\" data-type=\"image\" class=\"fg-thumb\"><span class=\"fg-image-wrap\"><img decoding=\"async\" title=\"foto: Sandro Bura\" width=\"250\" height=\"150\" class=\"skip-lazy fg-image\" data-src-fg=\"https:\/\/www.mojevrijeme.hr\/magazin\/wp-content\/uploads\/cache\/2021\/09\/mijenjam-se-postepeno\/1253988287.jpg\" data-srcset-fg=\"https:\/\/www.mojevrijeme.hr\/magazin\/wp-content\/uploads\/cache\/2021\/09\/mijenjam-se-postepeno\/2624939214.jpg 3x\" src=\"data:image\/svg+xml,%3Csvg%20xmlns%3D%22http%3A%2F%2Fwww.w3.org%2F2000%2Fsvg%22%20width%3D%22250%22%20height%3D%22150%22%20viewBox%3D%220%200%20250%20150%22%3E%3C%2Fsvg%3E\" loading=\"eager\"><\/span><span class=\"fg-image-overlay\"><\/span><\/a><figcaption class=\"fg-caption\"><div class=\"fg-caption-inner\"><div class=\"fg-caption-title\">foto: Sandro Bura<\/div><div class=\"fg-caption-desc\">foto: Sandro Bura<\/div><\/div><\/figcaption><\/figure><div class=\"fg-loader\"><\/div><\/div><div class=\"fg-item fg-type-image fg-idle\"><figure class=\"fg-item-inner\"><a href=\"https:\/\/www.mojevrijeme.hr\/magazin\/wp-content\/uploads\/2021\/09\/mihael-badun.jpg\" data-caption-title=\"foto: Sandro Bura\" data-caption-desc=\"foto: Sandro Bura\" data-attachment-id=\"51252\" data-type=\"image\" class=\"fg-thumb\"><span class=\"fg-image-wrap\"><img decoding=\"async\" title=\"foto: Sandro Bura\" width=\"250\" height=\"150\" class=\"skip-lazy fg-image\" data-src-fg=\"https:\/\/www.mojevrijeme.hr\/magazin\/wp-content\/uploads\/cache\/2021\/09\/mihael-badun\/3497860591.jpg\" data-srcset-fg=\"https:\/\/www.mojevrijeme.hr\/magazin\/wp-content\/uploads\/cache\/2021\/09\/mihael-badun\/2073609132.jpg 3x\" src=\"data:image\/svg+xml,%3Csvg%20xmlns%3D%22http%3A%2F%2Fwww.w3.org%2F2000%2Fsvg%22%20width%3D%22250%22%20height%3D%22150%22%20viewBox%3D%220%200%20250%20150%22%3E%3C%2Fsvg%3E\" loading=\"eager\"><\/span><span class=\"fg-image-overlay\"><\/span><\/a><figcaption class=\"fg-caption\"><div class=\"fg-caption-inner\"><div class=\"fg-caption-title\">foto: Sandro Bura<\/div><div class=\"fg-caption-desc\">foto: Sandro Bura<\/div><\/div><\/figcaption><\/figure><div class=\"fg-loader\"><\/div><\/div><div class=\"fg-item fg-type-image fg-idle\"><figure class=\"fg-item-inner\"><a href=\"https:\/\/www.mojevrijeme.hr\/magazin\/wp-content\/uploads\/2021\/09\/dorian-horvatic.jpg\" data-caption-title=\"foto: Sandro Bura\" data-caption-desc=\"foto: Sandro Bura\" data-attachment-id=\"51251\" data-type=\"image\" class=\"fg-thumb\"><span class=\"fg-image-wrap\"><img decoding=\"async\" title=\"foto: Sandro Bura\" width=\"250\" height=\"150\" class=\"skip-lazy fg-image\" data-src-fg=\"https:\/\/www.mojevrijeme.hr\/magazin\/wp-content\/uploads\/cache\/2021\/09\/dorian-horvatic\/2230008299.jpg\" data-srcset-fg=\"https:\/\/www.mojevrijeme.hr\/magazin\/wp-content\/uploads\/cache\/2021\/09\/dorian-horvatic\/971830463.jpg 3x\" src=\"data:image\/svg+xml,%3Csvg%20xmlns%3D%22http%3A%2F%2Fwww.w3.org%2F2000%2Fsvg%22%20width%3D%22250%22%20height%3D%22150%22%20viewBox%3D%220%200%20250%20150%22%3E%3C%2Fsvg%3E\" loading=\"eager\"><\/span><span class=\"fg-image-overlay\"><\/span><\/a><figcaption class=\"fg-caption\"><div class=\"fg-caption-inner\"><div class=\"fg-caption-title\">foto: Sandro Bura<\/div><div class=\"fg-caption-desc\">foto: Sandro Bura<\/div><\/div><\/figcaption><\/figure><div class=\"fg-loader\"><\/div><\/div><div class=\"fg-item fg-type-image fg-idle\"><figure class=\"fg-item-inner\"><a href=\"https:\/\/www.mojevrijeme.hr\/magazin\/wp-content\/uploads\/2021\/09\/as.jpg\" data-caption-title=\"foto: Sandro Bura\" data-caption-desc=\"foto: Sandro Bura\" data-attachment-id=\"51250\" data-type=\"image\" class=\"fg-thumb\"><span class=\"fg-image-wrap\"><img decoding=\"async\" title=\"foto: Sandro Bura\" width=\"250\" height=\"150\" class=\"skip-lazy fg-image\" data-src-fg=\"https:\/\/www.mojevrijeme.hr\/magazin\/wp-content\/uploads\/cache\/2021\/09\/as\/1982641168.jpg\" data-srcset-fg=\"https:\/\/www.mojevrijeme.hr\/magazin\/wp-content\/uploads\/cache\/2021\/09\/as\/272733747.jpg 3x\" src=\"data:image\/svg+xml,%3Csvg%20xmlns%3D%22http%3A%2F%2Fwww.w3.org%2F2000%2Fsvg%22%20width%3D%22250%22%20height%3D%22150%22%20viewBox%3D%220%200%20250%20150%22%3E%3C%2Fsvg%3E\" loading=\"eager\"><\/span><span class=\"fg-image-overlay\"><\/span><\/a><figcaption class=\"fg-caption\"><div class=\"fg-caption-inner\"><div class=\"fg-caption-title\">foto: Sandro Bura<\/div><div class=\"fg-caption-desc\">foto: Sandro Bura<\/div><\/div><\/figcaption><\/figure><div class=\"fg-loader\"><\/div><\/div><div class=\"fg-item fg-type-image fg-idle\"><figure class=\"fg-item-inner\"><a href=\"https:\/\/www.mojevrijeme.hr\/magazin\/wp-content\/uploads\/2021\/09\/tea-svaric.jpg\" data-caption-title=\"foto: Sandro Bura\" data-caption-desc=\"foto: Sandro Bura\" data-attachment-id=\"51249\" data-type=\"image\" class=\"fg-thumb\"><span class=\"fg-image-wrap\"><img decoding=\"async\" title=\"foto: Sandro Bura\" width=\"250\" height=\"150\" class=\"skip-lazy fg-image\" data-src-fg=\"https:\/\/www.mojevrijeme.hr\/magazin\/wp-content\/uploads\/cache\/2021\/09\/tea-svaric\/2675512431.jpg\" data-srcset-fg=\"https:\/\/www.mojevrijeme.hr\/magazin\/wp-content\/uploads\/cache\/2021\/09\/tea-svaric\/314230534.jpg 3x\" src=\"data:image\/svg+xml,%3Csvg%20xmlns%3D%22http%3A%2F%2Fwww.w3.org%2F2000%2Fsvg%22%20width%3D%22250%22%20height%3D%22150%22%20viewBox%3D%220%200%20250%20150%22%3E%3C%2Fsvg%3E\" loading=\"eager\"><\/span><span class=\"fg-image-overlay\"><\/span><\/a><figcaption class=\"fg-caption\"><div class=\"fg-caption-inner\"><div class=\"fg-caption-title\">foto: Sandro Bura<\/div><div class=\"fg-caption-desc\">foto: Sandro Bura<\/div><\/div><\/figcaption><\/figure><div class=\"fg-loader\"><\/div><\/div><div class=\"fg-item fg-type-image fg-idle\"><figure class=\"fg-item-inner\"><a href=\"https:\/\/www.mojevrijeme.hr\/magazin\/wp-content\/uploads\/2021\/09\/zaklina-somora.jpg\" data-caption-title=\"foto: Sandro Bura\" data-caption-desc=\"foto: Sandro Bura\" data-attachment-id=\"51248\" data-type=\"image\" class=\"fg-thumb\"><span class=\"fg-image-wrap\"><img decoding=\"async\" title=\"foto: Sandro Bura\" width=\"250\" height=\"150\" class=\"skip-lazy fg-image\" data-src-fg=\"https:\/\/www.mojevrijeme.hr\/magazin\/wp-content\/uploads\/cache\/2021\/09\/zaklina-somora\/1123671624.jpg\" data-srcset-fg=\"https:\/\/www.mojevrijeme.hr\/magazin\/wp-content\/uploads\/cache\/2021\/09\/zaklina-somora\/4173764280.jpg 3x\" src=\"data:image\/svg+xml,%3Csvg%20xmlns%3D%22http%3A%2F%2Fwww.w3.org%2F2000%2Fsvg%22%20width%3D%22250%22%20height%3D%22150%22%20viewBox%3D%220%200%20250%20150%22%3E%3C%2Fsvg%3E\" loading=\"eager\"><\/span><span class=\"fg-image-overlay\"><\/span><\/a><figcaption class=\"fg-caption\"><div class=\"fg-caption-inner\"><div class=\"fg-caption-title\">foto: Sandro Bura<\/div><div class=\"fg-caption-desc\">foto: Sandro Bura<\/div><\/div><\/figcaption><\/figure><div class=\"fg-loader\"><\/div><\/div><div class=\"fg-item fg-type-image fg-idle\"><figure class=\"fg-item-inner\"><a href=\"https:\/\/www.mojevrijeme.hr\/magazin\/wp-content\/uploads\/2021\/09\/maksimirska-paneli.jpg\" data-caption-title=\"foto: Sandro Bura\" data-caption-desc=\"foto: Sandro Bura\" data-attachment-id=\"51267\" data-type=\"image\" class=\"fg-thumb\"><span class=\"fg-image-wrap\"><img decoding=\"async\" title=\"foto: Sandro Bura\" width=\"250\" height=\"150\" class=\"skip-lazy fg-image\" data-src-fg=\"https:\/\/www.mojevrijeme.hr\/magazin\/wp-content\/uploads\/cache\/2021\/09\/maksimirska-paneli\/737977157.jpg\" data-srcset-fg=\"https:\/\/www.mojevrijeme.hr\/magazin\/wp-content\/uploads\/cache\/2021\/09\/maksimirska-paneli\/2692290868.jpg 3x\" src=\"data:image\/svg+xml,%3Csvg%20xmlns%3D%22http%3A%2F%2Fwww.w3.org%2F2000%2Fsvg%22%20width%3D%22250%22%20height%3D%22150%22%20viewBox%3D%220%200%20250%20150%22%3E%3C%2Fsvg%3E\" loading=\"eager\"><\/span><span class=\"fg-image-overlay\"><\/span><\/a><figcaption class=\"fg-caption\"><div class=\"fg-caption-inner\"><div class=\"fg-caption-title\">foto: Sandro Bura<\/div><div class=\"fg-caption-desc\">foto: Sandro Bura<\/div><\/div><\/figcaption><\/figure><div class=\"fg-loader\"><\/div><\/div><div class=\"fg-item fg-type-image fg-idle\"><figure class=\"fg-item-inner\"><a href=\"https:\/\/www.mojevrijeme.hr\/magazin\/wp-content\/uploads\/2021\/09\/tea-lovric.jpg\" data-caption-title=\"foto: Sandro Bura\" data-caption-desc=\"foto: Sandro Bura\" data-attachment-id=\"51247\" data-type=\"image\" class=\"fg-thumb\"><span class=\"fg-image-wrap\"><img decoding=\"async\" title=\"foto: Sandro Bura\" width=\"250\" height=\"150\" class=\"skip-lazy fg-image\" data-src-fg=\"https:\/\/www.mojevrijeme.hr\/magazin\/wp-content\/uploads\/cache\/2021\/09\/tea-lovric\/1963474862.jpg\" data-srcset-fg=\"https:\/\/www.mojevrijeme.hr\/magazin\/wp-content\/uploads\/cache\/2021\/09\/tea-lovric\/4174113991.jpg 3x\" src=\"data:image\/svg+xml,%3Csvg%20xmlns%3D%22http%3A%2F%2Fwww.w3.org%2F2000%2Fsvg%22%20width%3D%22250%22%20height%3D%22150%22%20viewBox%3D%220%200%20250%20150%22%3E%3C%2Fsvg%3E\" loading=\"eager\"><\/span><span class=\"fg-image-overlay\"><\/span><\/a><figcaption class=\"fg-caption\"><div class=\"fg-caption-inner\"><div class=\"fg-caption-title\">foto: Sandro Bura<\/div><div class=\"fg-caption-desc\">foto: Sandro Bura<\/div><\/div><\/figcaption><\/figure><div class=\"fg-loader\"><\/div><\/div><div class=\"fg-item fg-type-image fg-idle\"><figure class=\"fg-item-inner\"><a href=\"https:\/\/www.mojevrijeme.hr\/magazin\/wp-content\/uploads\/2021\/09\/ida-jakovljevic.jpg\" data-caption-title=\"foto: Sandro Bura\" data-caption-desc=\"foto: Sandro Bura\" data-attachment-id=\"51264\" data-type=\"image\" class=\"fg-thumb\"><span class=\"fg-image-wrap\"><img decoding=\"async\" title=\"foto: Sandro Bura\" width=\"250\" height=\"150\" class=\"skip-lazy fg-image\" data-src-fg=\"https:\/\/www.mojevrijeme.hr\/magazin\/wp-content\/uploads\/cache\/2021\/09\/ida-jakovljevic\/3647441709.jpg\" data-srcset-fg=\"https:\/\/www.mojevrijeme.hr\/magazin\/wp-content\/uploads\/cache\/2021\/09\/ida-jakovljevic\/1684031097.jpg 3x\" src=\"data:image\/svg+xml,%3Csvg%20xmlns%3D%22http%3A%2F%2Fwww.w3.org%2F2000%2Fsvg%22%20width%3D%22250%22%20height%3D%22150%22%20viewBox%3D%220%200%20250%20150%22%3E%3C%2Fsvg%3E\" loading=\"eager\"><\/span><span class=\"fg-image-overlay\"><\/span><\/a><figcaption class=\"fg-caption\"><div class=\"fg-caption-inner\"><div class=\"fg-caption-title\">foto: Sandro Bura<\/div><div class=\"fg-caption-desc\">foto: Sandro Bura<\/div><\/div><\/figcaption><\/figure><div class=\"fg-loader\"><\/div><\/div><\/div>\n\n\n<p class=\"has-text-align-center\">.<\/p><div id=\"mojev-1779412220\" class=\"mojev-u-tekstu mojev-entity-placement\" style=\"margin-left: auto;margin-right: auto;text-align: center;\"><div class=\"mojev-adlabel\">oglas<\/div><div style=\"height: 250px;\"><script async src=\"https:\/\/pagead2.googlesyndication.com\/pagead\/js\/adsbygoogle.js?client=ca-pub-8106111766207173\"\r\n     crossorigin=\"anonymous\"><\/script>\r\n<!-- Prikazni 1 u tekstu -->\r\n<ins class=\"adsbygoogle\"\r\n     style=\"display:block\"\r\n     data-ad-client=\"ca-pub-8106111766207173\"\r\n     data-ad-slot=\"8535551207\"\r\n     data-ad-format=\"auto\"\r\n     data-full-width-responsive=\"true\"><\/ins>\r\n<script>\r\n     (adsbygoogle = window.adsbygoogle || []).push({});\r\n<\/script><\/div><\/div><br style=\"clear: both; display: block; float: none;\"\/>\n\n\n\n<p>Najnoviju izlo\u017ebu osmisli su i realizirali Ante \u0160abi\u0107, Antonela \u0160urbek, Dorian Horvati\u0107, Dorian Pacak, Dorotea Budi\u0107, Helena Bosni\u0107, Ida Jakovljevi\u0107, Lana Lehpamer, Lora Elezovi\u0107, Marta Katovi\u0107, Mihael Ba\u0111un, Nata\u0161a Dev\u010di\u0107, Nikola Grabovac, Nikolina \u017dab\u010di\u0107, Petra Divkovi\u0107, Tea Lovri\u0107, Tea \u0160vari\u0107, Vid Vukeli\u0107, Zdenko Mi\u0161a, \u017daklina Sohora. Projekt je financijski podr\u017eala, u sklopu svojih projekata &#8220;Murali Murti\u0107&#8221; i &#8220;Artupunktura&#8221;, Turisti\u010dka zajednica Grada Zagreba. <\/p>\n<div id=\"mojev-1028278148\" class=\"mojev-kraj-teksta mojev-entity-placement\" style=\"margin-bottom: 20px;margin-left: auto;margin-right: auto;text-align: center;\"><div class=\"mojev-adlabel\">oglas<\/div><div style=\"height: 250px;\"><script async src=\"https:\/\/pagead2.googlesyndication.com\/pagead\/js\/adsbygoogle.js?client=ca-pub-8106111766207173\"\r\n     crossorigin=\"anonymous\"><\/script>\r\n<!-- Display-1 -->\r\n<ins class=\"adsbygoogle\"\r\n     style=\"display:block\"\r\n     data-ad-client=\"ca-pub-8106111766207173\"\r\n     data-ad-slot=\"1465712950\"\r\n     data-ad-format=\"auto\"\r\n     data-full-width-responsive=\"true\"><\/ins>\r\n<script>\r\n     (adsbygoogle = window.adsbygoogle || []).push({});\r\n<\/script><\/div><\/div>","protected":false},"excerpt":{"rendered":"<p>Umjetnost je stvorena da oplemeni sve koje okru\u017euje i da krasi na\u0161 grad Zagreb, ka\u017eu studenti koji su jo\u0161 jednom oslikali maksimirske panoe. <\/p>\n","protected":false},"author":2,"featured_media":51260,"comment_status":"closed","ping_status":"closed","sticky":false,"template":"","format":"gallery","meta":{"footnotes":""},"categories":[2],"tags":[92,39],"class_list":["post-51268","post","type-post","status-publish","format-gallery","has-post-thumbnail","hentry","category-mozaik","tag-umjetnost","tag-zagreb","post_format-post-format-gallery"],"_links":{"self":[{"href":"https:\/\/www.mojevrijeme.hr\/magazin\/wp-json\/wp\/v2\/posts\/51268","targetHints":{"allow":["GET"]}}],"collection":[{"href":"https:\/\/www.mojevrijeme.hr\/magazin\/wp-json\/wp\/v2\/posts"}],"about":[{"href":"https:\/\/www.mojevrijeme.hr\/magazin\/wp-json\/wp\/v2\/types\/post"}],"author":[{"embeddable":true,"href":"https:\/\/www.mojevrijeme.hr\/magazin\/wp-json\/wp\/v2\/users\/2"}],"replies":[{"embeddable":true,"href":"https:\/\/www.mojevrijeme.hr\/magazin\/wp-json\/wp\/v2\/comments?post=51268"}],"version-history":[{"count":0,"href":"https:\/\/www.mojevrijeme.hr\/magazin\/wp-json\/wp\/v2\/posts\/51268\/revisions"}],"wp:featuredmedia":[{"embeddable":true,"href":"https:\/\/www.mojevrijeme.hr\/magazin\/wp-json\/wp\/v2\/media\/51260"}],"wp:attachment":[{"href":"https:\/\/www.mojevrijeme.hr\/magazin\/wp-json\/wp\/v2\/media?parent=51268"}],"wp:term":[{"taxonomy":"category","embeddable":true,"href":"https:\/\/www.mojevrijeme.hr\/magazin\/wp-json\/wp\/v2\/categories?post=51268"},{"taxonomy":"post_tag","embeddable":true,"href":"https:\/\/www.mojevrijeme.hr\/magazin\/wp-json\/wp\/v2\/tags?post=51268"}],"curies":[{"name":"wp","href":"https:\/\/api.w.org\/{rel}","templated":true}]}}