{"id":52907,"date":"2021-10-26T15:00:55","date_gmt":"2021-10-26T13:00:55","guid":{"rendered":"https:\/\/www.mojevrijeme.hr\/magazin\/?p=52907"},"modified":"2021-10-26T15:03:18","modified_gmt":"2021-10-26T13:03:18","slug":"novotny-400-000-umirovljenika-bi-moglo-i-dalje-raditi-prisilna-mirovina-je-besmislica","status":"publish","type":"post","link":"https:\/\/www.mojevrijeme.hr\/magazin\/2021\/10\/novotny-400-000-umirovljenika-bi-moglo-i-dalje-raditi-prisilna-mirovina-je-besmislica\/","title":{"rendered":"Novotny: 400.000 umirovljenika moglo bi i dalje raditi, prisilna mirovina je besmislica"},"content":{"rendered":"\n<p>Ekonomski analiti\u010dar dr. <strong>Damir Novotni<\/strong> komentirao je za javnu televiziju novi Zakon o radu. Ka\u017ee da je europska, a ne samo hrvatska realnost da umirovljenici rade i kada steknu uvjete za mirovinu, jer nedostaje kvalificirane radne snage. Poru\u010dio je kako se Hrvatska treba ugledati na Njema\u010dku.<\/p>\n\n\n\n<p>&#8220;Njema\u010dka nema Zakon o radu, ona ima kolektivne ugovore izme\u0111u radnika i poslodavaca. Njema\u010dka je omogu\u0107ila i dr\u017eavnim \u010dinovnicima rad na pola radnog vremena, omogu\u0107ila je rad kod vi\u0161e poslodavaca i sli\u010dno&#8221;, rekao je Novotny.<\/p>\n\n\n\n<p>Naglasio je kako veliki broj uslu\u017enih djelatnosti u Hrvatskoj radi u sivoj zoni, a smatra i da je prisilan odlazak u mirovinu besmislica, jer Hrvatskoj trebaju kvalitetni i radno sposobni, obrazovni ljudi.<\/p><div id=\"mojev-2885069644\" class=\"mojev-u-tekstu mojev-entity-placement\" style=\"margin-left: auto;margin-right: auto;text-align: center;\"><div class=\"mojev-adlabel\">oglas<\/div><div style=\"height: 250px;\"><script async src=\"https:\/\/pagead2.googlesyndication.com\/pagead\/js\/adsbygoogle.js?client=ca-pub-8106111766207173\"\r\n     crossorigin=\"anonymous\"><\/script>\r\n<!-- Prikazni 1 u tekstu -->\r\n<ins class=\"adsbygoogle\"\r\n     style=\"display:block\"\r\n     data-ad-client=\"ca-pub-8106111766207173\"\r\n     data-ad-slot=\"8535551207\"\r\n     data-ad-format=\"auto\"\r\n     data-full-width-responsive=\"true\"><\/ins>\r\n<script>\r\n     (adsbygoogle = window.adsbygoogle || []).push({});\r\n<\/script><\/div><\/div><br style=\"clear: both; display: block; float: none;\"\/>\n\n\n\n<p>Sindikati su po njemu, najkonzervativniji dio hrvatskog dru\u0161tva. &#8220;Oni razmi\u0161ljaju o dobu ranog kapitalizma, izrabljivanju radni\u010dke klase, te\u0161kih uvjeta rada u tvornicama, a mi zapravo industrijske proizvodnje niti nemamo. Mi nemamo tog tipa izrabljivanja radni\u010dke klase,&#8221; naglasio je. &#8220;Na\u0161i neki umirovljenicu su mladi, njih oko tristo, \u010detiristo tisu\u0107a i mogli bi i dalje raditi&#8221;, ka\u017ee Novotny. Dodao je kako i Hrvatsku \u010deka uvoz radne snage.&nbsp;<\/p>\n<div id=\"mojev-3029053930\" class=\"mojev-kraj-teksta mojev-entity-placement\" style=\"margin-bottom: 20px;margin-left: auto;margin-right: auto;text-align: center;\"><div class=\"mojev-adlabel\">oglas<\/div><div style=\"height: 250px;\"><script async src=\"https:\/\/pagead2.googlesyndication.com\/pagead\/js\/adsbygoogle.js?client=ca-pub-8106111766207173\"\r\n     crossorigin=\"anonymous\"><\/script>\r\n<!-- Display-1 -->\r\n<ins class=\"adsbygoogle\"\r\n     style=\"display:block\"\r\n     data-ad-client=\"ca-pub-8106111766207173\"\r\n     data-ad-slot=\"1465712950\"\r\n     data-ad-format=\"auto\"\r\n     data-full-width-responsive=\"true\"><\/ins>\r\n<script>\r\n     (adsbygoogle = window.adsbygoogle || []).push({});\r\n<\/script><\/div><\/div>","protected":false},"excerpt":{"rendered":"<p>Oni razmi\u0161ljaju o dobu ranog kapitalizma, izrabljivanju radni\u010dke klase, te\u0161kih uvjeta rada u tvornicama, a mi zapravo industrijske proizvodnje niti nemamo, ka\u017ee ekonomski analiti\u010dar o sindikatima.<\/p>\n","protected":false},"author":1,"featured_media":26889,"comment_status":"closed","ping_status":"closed","sticky":false,"template":"","format":"standard","meta":{"footnotes":""},"categories":[9],"tags":[1729,2706,957,1315],"class_list":["post-52907","post","type-post","status-publish","format-standard","has-post-thumbnail","hentry","category-vijesti","tag-damir-novotny","tag-dob-za-umirovljenje","tag-mirovina","tag-sindikati"],"_links":{"self":[{"href":"https:\/\/www.mojevrijeme.hr\/magazin\/wp-json\/wp\/v2\/posts\/52907","targetHints":{"allow":["GET"]}}],"collection":[{"href":"https:\/\/www.mojevrijeme.hr\/magazin\/wp-json\/wp\/v2\/posts"}],"about":[{"href":"https:\/\/www.mojevrijeme.hr\/magazin\/wp-json\/wp\/v2\/types\/post"}],"author":[{"embeddable":true,"href":"https:\/\/www.mojevrijeme.hr\/magazin\/wp-json\/wp\/v2\/users\/1"}],"replies":[{"embeddable":true,"href":"https:\/\/www.mojevrijeme.hr\/magazin\/wp-json\/wp\/v2\/comments?post=52907"}],"version-history":[{"count":0,"href":"https:\/\/www.mojevrijeme.hr\/magazin\/wp-json\/wp\/v2\/posts\/52907\/revisions"}],"wp:featuredmedia":[{"embeddable":true,"href":"https:\/\/www.mojevrijeme.hr\/magazin\/wp-json\/wp\/v2\/media\/26889"}],"wp:attachment":[{"href":"https:\/\/www.mojevrijeme.hr\/magazin\/wp-json\/wp\/v2\/media?parent=52907"}],"wp:term":[{"taxonomy":"category","embeddable":true,"href":"https:\/\/www.mojevrijeme.hr\/magazin\/wp-json\/wp\/v2\/categories?post=52907"},{"taxonomy":"post_tag","embeddable":true,"href":"https:\/\/www.mojevrijeme.hr\/magazin\/wp-json\/wp\/v2\/tags?post=52907"}],"curies":[{"name":"wp","href":"https:\/\/api.w.org\/{rel}","templated":true}]}}