{"id":53389,"date":"2021-11-08T10:02:46","date_gmt":"2021-11-08T09:02:46","guid":{"rendered":"https:\/\/www.mojevrijeme.hr\/magazin\/?p=53389"},"modified":"2021-11-08T10:03:37","modified_gmt":"2021-11-08T09:03:37","slug":"emisija-plinova-biden-je-pustio-vjetar-pred-camillom-kako-si-moze-pomoci","status":"publish","type":"post","link":"https:\/\/www.mojevrijeme.hr\/magazin\/2021\/11\/emisija-plinova-biden-je-pustio-vjetar-pred-camillom-kako-si-moze-pomoci\/","title":{"rendered":"Emisija plinova: Biden je pustio vjetar pred Camillom. Kako si mo\u017ee pomo\u0107i?"},"content":{"rendered":"\n<p>Kao da je no\u0161ena divljim vjetrom, vijest o neugodnosti koju je do\u017eivio ameri\u010dki predsjednik <strong>Joe Biden<\/strong> (78) obi\u0161la je svijet. Naime, Biden je ispustio vjetar dok je razgovarao s vojvotkinjom od Cornwalla na konferenciji o klimatskim promjenama UN-a (COP26) u Glasgowu.<\/p>\n\n\n\n<p>\u010cini se je upravo vojvotkinja, <strong>Camilla Parker Bowles<\/strong>, obznanila tu informaciju koja je samo kap u moru neugodnih situacija u kojima se ameri\u010dki prisjednik na\u0161ao. &#8220;Bio je dug i glasan te ga je bilo nemogu\u0107e ignorirati&#8221;, otkrio je neimenovani izvor New York Posta i dodao: &#8220;Camilla ne prestaje govoriti o tome.&#8221;<\/p>\n\n\n\n<p>Vreme\u0161ni predsjednik svjetske velesile mogao bi se pozvati na stru\u010dnjake koji tvrde da starije osobe ispu\u0161taju vi\u0161e vjetrova zahvaljuju\u0107i metabolizmu koji se s godinama usporava. Hrana se du\u017ee zadr\u017eava u probavnom sustavu, a i probava proizvodi manje enzima i kiseline potrebne za razgradnju hrane.<\/p><div id=\"mojev-2718223728\" class=\"mojev-u-tekstu mojev-entity-placement\" style=\"margin-left: auto;margin-right: auto;text-align: center;\"><div class=\"mojev-adlabel\">oglas<\/div><div style=\"height: 250px;\"><script async src=\"https:\/\/pagead2.googlesyndication.com\/pagead\/js\/adsbygoogle.js?client=ca-pub-8106111766207173\"\r\n     crossorigin=\"anonymous\"><\/script>\r\n<!-- Prikazni 1 u tekstu -->\r\n<ins class=\"adsbygoogle\"\r\n     style=\"display:block\"\r\n     data-ad-client=\"ca-pub-8106111766207173\"\r\n     data-ad-slot=\"8535551207\"\r\n     data-ad-format=\"auto\"\r\n     data-full-width-responsive=\"true\"><\/ins>\r\n<script>\r\n     (adsbygoogle = window.adsbygoogle || []).push({});\r\n<\/script><\/div><\/div><br style=\"clear: both; display: block; float: none;\"\/>\n\n\n\n<p>Uz to, probavni sustav sastavljen je od mi\u0161i\u0107a koji slabe s vremenom, a to usporava probavu i posljedi\u010dno vodi k poja\u010danom stvaranju vjetrova. Osim toga, i neki lijekovi mogu uzrokovati ovu neugodnu situaciju.<\/p>\n\n\n\n<p>Ako je pitati lije\u010dnike, ameri\u010dki predsjednik trebao bi pripaziti na prehranu kako bi prevenirao budu\u0107e vjetrovite ispade. Prije svega, trebao bi piti dovoljno vode, vje\u017ebati, izbjegavati mlijeko i mlije\u010dne proizvode te povr\u0107e koje izaziva nadutost, ja\u010dati mi\u0161i\u0107e zdjelice Kegelovim vje\u017ebama te prestati \u017evakati \u017evaka\u0107e gume.<\/p>\n<div id=\"mojev-1383925830\" class=\"mojev-kraj-teksta mojev-entity-placement\" style=\"margin-bottom: 20px;margin-left: auto;margin-right: auto;text-align: center;\"><div class=\"mojev-adlabel\">oglas<\/div><div style=\"height: 250px;\"><script async src=\"https:\/\/pagead2.googlesyndication.com\/pagead\/js\/adsbygoogle.js?client=ca-pub-8106111766207173\"\r\n     crossorigin=\"anonymous\"><\/script>\r\n<!-- Display-1 -->\r\n<ins class=\"adsbygoogle\"\r\n     style=\"display:block\"\r\n     data-ad-client=\"ca-pub-8106111766207173\"\r\n     data-ad-slot=\"1465712950\"\r\n     data-ad-format=\"auto\"\r\n     data-full-width-responsive=\"true\"><\/ins>\r\n<script>\r\n     (adsbygoogle = window.adsbygoogle || []).push({});\r\n<\/script><\/div><\/div>","protected":false},"excerpt":{"rendered":"<p>Predsjednik svjetske velesile mogao bi se pozvati na stru\u010dnjake koji tvrde da starije osobe ispu\u0161taju vi\u0161e vjetrova zahvaljuju\u0107i metabolizmu koji se s godinama usporava.<\/p>\n","protected":false},"author":1,"featured_media":41906,"comment_status":"closed","ping_status":"closed","sticky":false,"template":"","format":"standard","meta":{"footnotes":""},"categories":[84],"tags":[2945,2497,672,2944],"class_list":["post-53389","post","type-post","status-publish","format-standard","has-post-thumbnail","hentry","category-show","tag-camilla-parker-bowles","tag-joe-biden","tag-probava","tag-vjetrovi"],"_links":{"self":[{"href":"https:\/\/www.mojevrijeme.hr\/magazin\/wp-json\/wp\/v2\/posts\/53389","targetHints":{"allow":["GET"]}}],"collection":[{"href":"https:\/\/www.mojevrijeme.hr\/magazin\/wp-json\/wp\/v2\/posts"}],"about":[{"href":"https:\/\/www.mojevrijeme.hr\/magazin\/wp-json\/wp\/v2\/types\/post"}],"author":[{"embeddable":true,"href":"https:\/\/www.mojevrijeme.hr\/magazin\/wp-json\/wp\/v2\/users\/1"}],"replies":[{"embeddable":true,"href":"https:\/\/www.mojevrijeme.hr\/magazin\/wp-json\/wp\/v2\/comments?post=53389"}],"version-history":[{"count":0,"href":"https:\/\/www.mojevrijeme.hr\/magazin\/wp-json\/wp\/v2\/posts\/53389\/revisions"}],"wp:featuredmedia":[{"embeddable":true,"href":"https:\/\/www.mojevrijeme.hr\/magazin\/wp-json\/wp\/v2\/media\/41906"}],"wp:attachment":[{"href":"https:\/\/www.mojevrijeme.hr\/magazin\/wp-json\/wp\/v2\/media?parent=53389"}],"wp:term":[{"taxonomy":"category","embeddable":true,"href":"https:\/\/www.mojevrijeme.hr\/magazin\/wp-json\/wp\/v2\/categories?post=53389"},{"taxonomy":"post_tag","embeddable":true,"href":"https:\/\/www.mojevrijeme.hr\/magazin\/wp-json\/wp\/v2\/tags?post=53389"}],"curies":[{"name":"wp","href":"https:\/\/api.w.org\/{rel}","templated":true}]}}