{"id":53412,"date":"2021-11-09T10:01:21","date_gmt":"2021-11-09T09:01:21","guid":{"rendered":"https:\/\/www.mojevrijeme.hr\/magazin\/?p=53412"},"modified":"2021-11-11T20:59:30","modified_gmt":"2021-11-11T19:59:30","slug":"slovenka-u-zrelim-godinama-hrabro-preselila-na-vis-tu-se-zivi-u-prvoj-a-gore-u-cetvrtoj-brzini","status":"publish","type":"post","link":"https:\/\/www.mojevrijeme.hr\/magazin\/2021\/11\/slovenka-u-zrelim-godinama-hrabro-preselila-na-vis-tu-se-zivi-u-prvoj-a-gore-u-cetvrtoj-brzini\/","title":{"rendered":"Slovenka u zrelim godinama hrabro preselila na Vis: Tu se \u017eivi u prvoj, a gore u \u010detvrtoj brzini"},"content":{"rendered":"\n<p><strong>Branka Mu\u0161i\u010d<\/strong> odrasla je uz samohranu majku uz koju je u ranoj mladosti do\u017eivjela veliki \u0161ok \u2013 imala je 15 godina kad joj je u prometnoj nesre\u0107i stradao stariji brat. Ve\u0107 je tada shvatila da mora \u0161to prije stati na svoje noge i u njoj se rodila ambicija i borbeni duh. Pokrenula je najprije biznis u Sloveniji, a godinama kasnije svoje je znanje i iskustvo prenijela i u posao na Visu. Na ovaj je otok naposljetku i preselila, i iako u Sloveniji ima sina i majku te i dalje poslovnu poveznicu, ka\u017ee da je sve sigurnija da \u0107e umirovljeni\u010dke dane \u017eivjeti u Dalmaciji, gdje ima, ka\u017ee, dovoljno ljepote i sunca koji hrane njezinu du\u0161u.<\/p>\n\n\n\n<p>Svoju je viziju \u017eivota od temelja do krova poduzetna Branka izgradila ve\u0107 u srednjoj \u0161koli i od tada nije prestala razvijati svoje potencijale. &#8220;\u010cim sam zavr\u0161ila srednju \u0161kolu, zaposlila sam se u drvnoj industriji jer nisam mogla prona\u0107i drugi posao, a uz taj posao jo\u0161 sam i konobarila, sve sa \u017eeljom da si omogu\u0107im do\u0161kolovanje. Poha\u0111ala sam tako uz rad razne dodatne kozmeti\u010dke te\u010dajeve te se pripremala za majstorski ispit koji sam polo\u017eila u Obrtni\u010dkoj komori Slovenije.&#8221;<\/p>\n\n\n\n<p>&#8220;Nakon toga privremeno sam se zaposlila u jednom kozmeti\u010dkom salonu gdje sam stekla dragocjenu praksu. Nakon devet godina bila sam spremna otvoriti vlastiti kozmeti\u010dko-pedikerski salon i nazvala ga Studio B&#8221;, govori nam Branka Mu\u0161i\u010d. Najprije je, ka\u017ee, to bio manji salon, no posao je rastao pa je s vremenom preselila na novu lokaciju i u ve\u0107i prostor, na kojoj salon postoji i danas, a ona ga i dalje nadgleda.<\/p><div id=\"mojev-1879822168\" class=\"mojev-u-tekstu mojev-entity-placement\" style=\"margin-left: auto;margin-right: auto;text-align: center;\"><div class=\"mojev-adlabel\">oglas<\/div><div style=\"height: 250px;\"><script async src=\"https:\/\/pagead2.googlesyndication.com\/pagead\/js\/adsbygoogle.js?client=ca-pub-8106111766207173\"\r\n     crossorigin=\"anonymous\"><\/script>\r\n<!-- Prikazni 1 u tekstu -->\r\n<ins class=\"adsbygoogle\"\r\n     style=\"display:block\"\r\n     data-ad-client=\"ca-pub-8106111766207173\"\r\n     data-ad-slot=\"8535551207\"\r\n     data-ad-format=\"auto\"\r\n     data-full-width-responsive=\"true\"><\/ins>\r\n<script>\r\n     (adsbygoogle = window.adsbygoogle || []).push({});\r\n<\/script><\/div><\/div><br style=\"clear: both; display: block; float: none;\"\/>\n\n\n\n<h3 class=\"wp-block-heading\">Odluka \u017eivota<\/h3>\n\n\n\n<p>Na Vis je, otkrila nam je, prvi put do\u0161la prije 10 godina, i to na ljetovanje. Do\u017eivjela ga je kao idealnu destinaciju za odmor i vra\u0107ala se ovdje svake godine. &#8220;Jedne sam godina do\u0161la u studenom, jer ne volim ljetovati u sezoni kad ima previ\u0161e turista, volim mir. Zadr\u017eala sam se na Visu punih 14 dana i malo po malo uvi\u0111ala da mi ovdje \u017eivot toliko godi, da bih mogla tu i \u017eivjeti. Uvidjela sam i da u gradu nema kozmeti\u010dkog salona i uvidjela da bih mo\u017eda mogla dobiti priliku da ovdje i radim. Odva\u017eila sam se oti\u0107i u gradsku upravu, predstaviti \u010dime se bavim i raspitati se postoji li kakav gradski prostor koji bih mogla dobiti u najam&#8221;, govori nam odva\u017ena gospo\u0111a Branka i dodaje da je ve\u0107 pola godine kasnije iza\u0161ao natje\u010daj za najam gradskog poslovnog prostora, na koji se prijavila.<\/p>\n\n\n\n<figure class=\"wp-block-image size-large\"><img loading=\"lazy\" decoding=\"async\" width=\"740\" height=\"444\" src=\"https:\/\/www.mojevrijeme.hr\/magazin\/wp-content\/uploads\/2021\/11\/komiza-vis-740x444.jpg\" alt=\"\" class=\"wp-image-53426\" srcset=\"https:\/\/www.mojevrijeme.hr\/magazin\/wp-content\/uploads\/2021\/11\/komiza-vis-740x444.jpg 740w, https:\/\/www.mojevrijeme.hr\/magazin\/wp-content\/uploads\/2021\/11\/komiza-vis-636x382.jpg 636w, https:\/\/www.mojevrijeme.hr\/magazin\/wp-content\/uploads\/2021\/11\/komiza-vis-768x461.jpg 768w, https:\/\/www.mojevrijeme.hr\/magazin\/wp-content\/uploads\/2021\/11\/komiza-vis-1536x922.jpg 1536w, https:\/\/www.mojevrijeme.hr\/magazin\/wp-content\/uploads\/2021\/11\/komiza-vis-1500x900.jpg 1500w, https:\/\/www.mojevrijeme.hr\/magazin\/wp-content\/uploads\/2021\/11\/komiza-vis-1600x960.jpg 1600w, https:\/\/www.mojevrijeme.hr\/magazin\/wp-content\/uploads\/2021\/11\/komiza-vis-590x354.jpg 590w, https:\/\/www.mojevrijeme.hr\/magazin\/wp-content\/uploads\/2021\/11\/komiza-vis-400x240.jpg 400w, https:\/\/www.mojevrijeme.hr\/magazin\/wp-content\/uploads\/2021\/11\/komiza-vis-1000x600.jpg 1000w, https:\/\/www.mojevrijeme.hr\/magazin\/wp-content\/uploads\/2021\/11\/komiza-vis-820x492.jpg 820w, https:\/\/www.mojevrijeme.hr\/magazin\/wp-content\/uploads\/2021\/11\/komiza-vis-1080x648.jpg 1080w, https:\/\/www.mojevrijeme.hr\/magazin\/wp-content\/uploads\/2021\/11\/komiza-vis.jpg 2000w\" sizes=\"auto, (max-width: 740px) 100vw, 740px\" \/><figcaption>foto: Jared Lisack\/Unsplash<\/figcaption><\/figure>\n\n\n\n<p>No, kako to ve\u0107 biva u Lijepoj Na\u0161oj, nije sve teklo glatko tog prolje\u0107a, a nadala se da \u0107e uspjeti posao pokrenuti i prije po\u010detka turisti\u010dke sezone. &#8220;Sve se ne\u0161to zakompliciralo, svaki put nedostajao mi je jo\u0161 jedan papir, ili pak nije bilo osobe koja je radila na mom slu\u010daju. Toliko se sve odvuklo, da je pro\u0161la cijela ta sezona&#8221;, objasnila nam je ova poduzetnica koja je sada ve\u0107 27 godina u poduzetni\u0161tvu.<\/p>\n\n\n\n<h3 class=\"wp-block-heading\">Volonterka za svaku pohvalu<\/h3>\n\n\n\n<p>Preseliv\u0161i na Vis, zadr\u017eala je kozmeti\u010dki salon u Ko\u010devju, kojeg i dalje vodi, ali zaposlenice brinu da sve svakodnevno besprijekorno funkcionira. Uz to je Branka Mu\u0161i\u010d i \u010dlanica upravnog odbora kozmeti\u010dke sekcije pri Obrtni\u010dkoj komori Slovenije. Osim zbog posla, u Sloveniju \u010desto putuje i jer ondje \u017eive njezina majka i 26-godi\u0161nji sin. <\/p>\n\n\n\n<p>&#8220;Majci je bilo jako te\u0161ko prihvatiti moju odluku o preseljenju na tako udaljen hrvatski otok. Ona je &#8216;starog kova&#8217; i smatra da su djeca du\u017ena brinuti se za roditelje, osobito ako su roditelji sami. Ja se brinem o njoj, ali \u017eelim voditi i vlastiti \u017eivot na na\u010din kako odgovara mom bi\u0107u. Dok mi je bio sin mla\u0111i nisam ni pomi\u0161ljala na nikakvo preseljenje, k tome je kao 13-godi\u0161njak dobio \u0161e\u0107ernu bolest tip 1. Kao roditelj bila sam odgovorna za njega, ali smatram da djecu nakon srednje \u0161kole treba pustiti da sama polete. On danas ima svoj ispunjen \u017eivot i drago mi je zbog toga, a ja sam, eto, ovdje&#8221;, ispri\u010dala nam je na\u0161a sugovornica naglasiv\u0161i da joj je te\u017ee putovati u smjeru Slovenije negoli se vra\u0107ati na Vis, no tamo mora i\u0107i zbog silnih obveza i dragih ljudi.<\/p>\n\n\n\n<p>Uklju\u010duje to putovanje i njezin volonterski anga\u017eman \u2013 kad god je u rodnoj zemlji, jedan dan u tjednu vozi automobil nazvan &#8220;Sopotniki&#8221;, kojeg je op\u0107ina Ko\u010devje dala zajednici, a voze ga volonteri. Bit tog hvalevrijednog poteza je prijevoz starijih ljudi od to\u010dke A do to\u010dke B, naj\u010de\u0161\u0107e lije\u010dniku, na fizioterapije i po hranu. &#8220;Na Visu ima puno starijih ljudi koji su sami i mislim da bi i ovdje ovako ne\u0161to bilo po\u017eeljno&#8221;, istaknula je.<\/p>\n\n\n\n<h3 class=\"wp-block-heading\"><strong>Spontanost za radost \u017eivljenja<\/strong><\/h3>\n\n\n\n<p>U \u017eivotu, ka\u017ee, sve radi spontano, pu\u0161ta da ju \u017eivot vodi. &#8220;Ako ujutro nema posla u salonu, odem na kavu, prepustim se danu. Evo, kad me pitate gdje \u0107u biti u mirovini, ja i ne znam, ali znam da \u0107e to biti negdje u Dalmaciji, mo\u017eda i ovdje. Mora to biti u toplom kraju, jer je sunce meni najva\u017enija hrana za du\u0161u. Na Visu imam svoj stan, ali me to ne ve\u017ee da moram ostati ba\u0161 ovdje. Nikad se ne ve\u017eem za materijalne stvari, ne zna\u010de mi mnogo. U \u017eivotu \u010dovjek mora samo prona\u0107i klju\u010d za mir&#8221;, rekla je.<\/p>\n\n\n\n<figure class=\"wp-block-image size-large\"><img loading=\"lazy\" decoding=\"async\" width=\"740\" height=\"444\" src=\"https:\/\/www.mojevrijeme.hr\/magazin\/wp-content\/uploads\/2021\/11\/otok-vis-740x444.jpg\" alt=\"\" class=\"wp-image-53425\" srcset=\"https:\/\/www.mojevrijeme.hr\/magazin\/wp-content\/uploads\/2021\/11\/otok-vis-740x444.jpg 740w, https:\/\/www.mojevrijeme.hr\/magazin\/wp-content\/uploads\/2021\/11\/otok-vis-636x382.jpg 636w, https:\/\/www.mojevrijeme.hr\/magazin\/wp-content\/uploads\/2021\/11\/otok-vis-768x461.jpg 768w, https:\/\/www.mojevrijeme.hr\/magazin\/wp-content\/uploads\/2021\/11\/otok-vis-1536x922.jpg 1536w, https:\/\/www.mojevrijeme.hr\/magazin\/wp-content\/uploads\/2021\/11\/otok-vis-1500x900.jpg 1500w, https:\/\/www.mojevrijeme.hr\/magazin\/wp-content\/uploads\/2021\/11\/otok-vis-1600x960.jpg 1600w, https:\/\/www.mojevrijeme.hr\/magazin\/wp-content\/uploads\/2021\/11\/otok-vis-590x354.jpg 590w, https:\/\/www.mojevrijeme.hr\/magazin\/wp-content\/uploads\/2021\/11\/otok-vis-400x240.jpg 400w, https:\/\/www.mojevrijeme.hr\/magazin\/wp-content\/uploads\/2021\/11\/otok-vis-1000x600.jpg 1000w, https:\/\/www.mojevrijeme.hr\/magazin\/wp-content\/uploads\/2021\/11\/otok-vis-820x492.jpg 820w, https:\/\/www.mojevrijeme.hr\/magazin\/wp-content\/uploads\/2021\/11\/otok-vis-1080x648.jpg 1080w, https:\/\/www.mojevrijeme.hr\/magazin\/wp-content\/uploads\/2021\/11\/otok-vis.jpg 2000w\" sizes=\"auto, (max-width: 740px) 100vw, 740px\" \/><figcaption>foto: Jared Lisack\/Unsplash<\/figcaption><\/figure>\n\n\n\n<p>Ona je svoj mir prona\u0161la na Visu, a \u017eudjela je za mirom desetlje\u0107ima. &#8220;Za radnog vijeka, osobito kad sam tek stasala u poduzetni\u0161tvu, a sin je jo\u0161 bio mali, imala sam neopisivo puno posla i obaveza. Za\u017eeljela sam se mira i \u017eivota negdje gdje ima vi\u0161e sunca negoli u mom kraju, ali i manje ljudi. Osim Visa, razmi\u0161ljala sam i o Lastovu i Mljetu, ali je presudilo to \u0161to mi se na Visu najprije ukazao poslovni prostor. Sretna sam ovdje, iako na po\u010detku nije bilo lako. Trebalo se prilagoditi na novu dr\u017eavu, ljude, ne ide to lako. Tu se \u017eivi u prvoj brzini, a gore sam \u017eivjela u \u010detvrtoj. Tu je svaki dan isti&#8221;, govori i dodaje da su joj se svi \u010dudili kad je do\u0161la s pri\u010dom da ostaje. &#8220;Otkud ta \u017eena, i jo\u0161 sama, na Visu&#8221;, pitali su je mnogi.<\/p>\n\n\n\n<p>&#8220;Gledali su me s nepovjerenjem, ali su me mnogi i bodrili, osobito kad mi se zakompliciralo s papirima. Sad kad ovdje imam svoj stan, e sad ve\u0107 ka\u017eu da sam njihova.&nbsp;Rekla sam si da \u0107u tu ostati ako dovoljno zaradim da imam sve \u0161to trebam za sebe, za \u017eivot nam ionako jako malo treba. A u sezoni je, moram re\u0107i, bilo jako puno posla, zahvalna sam na tome&#8221;, otkriva gospo\u0111a Branka koja sada na Visu ima i svoj krug prijatelja, ali i dalje, ka\u017ee, zna i voli biti i sama sa sobom.<\/p>\n\n\n\n<h3 class=\"wp-block-heading\"><strong>Anegdota koja \u0107e vas nasmijati<\/strong><\/h3>\n\n\n\n<p>U vrijeme kad je tek do\u0161la na Vis, nitko, ka\u017ee, nije htio piti kavu s njom. &#8220;Mislila sam da ne\u0161to nije u redu sa mnom, ali ozbiljno. Trajalo to sve dok mi netko nije pri\u0161ao i rekao da se maknem sa sunca. Kad sam se pomaknula u hlad, sve je bilo u redu&#8221;, rekla je kroz smijeh i dodala da Vi\u0161ani znaju da onaj tko sjedi na suncu nije Dalmatinac, a k tome, oni se rijetko kupaju u moru.<\/p>\n\n\n\n<p>Za kraj, s gospo\u0111a Branka je s na\u0161im \u010ditateljima po\u017eeljela podijeliti i jedan <strong>izvrstan recept za bezglutenski kola\u010d<\/strong> od roga\u010da, koji na Visu izvrsno uspijeva.<\/p>\n\n\n\n<div id=\"recept\"><\/p>\n\n\n\n<h3 class=\"wp-block-heading\">Sastojci<\/h3>\n\n\n\n<p>1 \u0161alica mljevenog roga\u010da<br>1 \u0161alica lanenog bra\u0161na<br>1 \u0161alica lanenog ulja<br>1 \u0161alica mlijeka<br>4 jabuke <br>4 jaja <br>1\/2 \u0161alice prirodnog sladila eritritola <br>1 pra\u0161ak za pecivo<br>malo cimeta<\/p>\n\n\n\n<p><\/div>\n\n\n\n<p>Odvojite bjelanjke i \u017eumanjke.&nbsp;Kad se dobro istuku, dodajte sve sastojke i rahlo promije\u0161ajte. Po \u017eelji mo\u017eete dodati i gro\u017e\u0111ice i \u017elicu indijskog trputca. Pecite 30 minuta na 180 stupnjeva. <strong>Dobar tek!<\/strong><\/p>\n\n\n\n<p class=\"has-text-align-center has-text-color\" style=\"color:#666666;font-size:0.8rem\">Ovaj prilog nastao je uz potporu Fonda za poticanje pluralizma i raznovrsnosti elektroni\u010dkih medija <br>u okviru projekta &#8220;\u017divim, u\u010dim, rastem \u2013 Aktivno starenje, zdravo starenje&#8221;<\/p>\n<div id=\"mojev-2733777268\" class=\"mojev-kraj-teksta mojev-entity-placement\" style=\"margin-bottom: 20px;margin-left: auto;margin-right: auto;text-align: center;\"><div class=\"mojev-adlabel\">oglas<\/div><div style=\"height: 250px;\"><script async src=\"https:\/\/pagead2.googlesyndication.com\/pagead\/js\/adsbygoogle.js?client=ca-pub-8106111766207173\"\r\n     crossorigin=\"anonymous\"><\/script>\r\n<!-- Display-1 -->\r\n<ins class=\"adsbygoogle\"\r\n     style=\"display:block\"\r\n     data-ad-client=\"ca-pub-8106111766207173\"\r\n     data-ad-slot=\"1465712950\"\r\n     data-ad-format=\"auto\"\r\n     data-full-width-responsive=\"true\"><\/ins>\r\n<script>\r\n     (adsbygoogle = window.adsbygoogle || []).push({});\r\n<\/script><\/div><\/div>","protected":false},"excerpt":{"rendered":"<p>Nesvakida\u0161nju \u017eivotnu pri\u010du za Moje vrijeme ispri\u010dala je Branka Mu\u0161i\u010d (55), poduzetnica rodom iz slovenskog Ko\u010devja, koja se na pragu pedesetih odva\u017eila iz temelja promijeniti \u017eivot i doseliti na na\u0161 otok Vis. Na otoku radi, ali je zadr\u017eala i biznis u Sloveniji, pa kad otputuje u rodni kraj stigne \u010dak i volontirati na na\u010din da automobilom razvozi starije mje\u0161tane u nabavku hrane i lijekova. <\/p>\n","protected":false},"author":15,"featured_media":53427,"comment_status":"closed","ping_status":"closed","sticky":false,"template":"","format":"standard","meta":{"footnotes":""},"categories":[85,2853],"tags":[2946,961,376,2241],"class_list":["post-53412","post","type-post","status-publish","format-standard","has-post-thumbnail","hentry","category-aktivno-starenje","category-zivim-ucim-rastem","tag-branka-music","tag-otoci","tag-slovenija","tag-vis"],"_links":{"self":[{"href":"https:\/\/www.mojevrijeme.hr\/magazin\/wp-json\/wp\/v2\/posts\/53412","targetHints":{"allow":["GET"]}}],"collection":[{"href":"https:\/\/www.mojevrijeme.hr\/magazin\/wp-json\/wp\/v2\/posts"}],"about":[{"href":"https:\/\/www.mojevrijeme.hr\/magazin\/wp-json\/wp\/v2\/types\/post"}],"author":[{"embeddable":true,"href":"https:\/\/www.mojevrijeme.hr\/magazin\/wp-json\/wp\/v2\/users\/15"}],"replies":[{"embeddable":true,"href":"https:\/\/www.mojevrijeme.hr\/magazin\/wp-json\/wp\/v2\/comments?post=53412"}],"version-history":[{"count":0,"href":"https:\/\/www.mojevrijeme.hr\/magazin\/wp-json\/wp\/v2\/posts\/53412\/revisions"}],"wp:featuredmedia":[{"embeddable":true,"href":"https:\/\/www.mojevrijeme.hr\/magazin\/wp-json\/wp\/v2\/media\/53427"}],"wp:attachment":[{"href":"https:\/\/www.mojevrijeme.hr\/magazin\/wp-json\/wp\/v2\/media?parent=53412"}],"wp:term":[{"taxonomy":"category","embeddable":true,"href":"https:\/\/www.mojevrijeme.hr\/magazin\/wp-json\/wp\/v2\/categories?post=53412"},{"taxonomy":"post_tag","embeddable":true,"href":"https:\/\/www.mojevrijeme.hr\/magazin\/wp-json\/wp\/v2\/tags?post=53412"}],"curies":[{"name":"wp","href":"https:\/\/api.w.org\/{rel}","templated":true}]}}