{"id":53520,"date":"2021-11-12T08:51:18","date_gmt":"2021-11-12T07:51:18","guid":{"rendered":"https:\/\/www.mojevrijeme.hr\/magazin\/?p=53520"},"modified":"2021-12-20T16:38:27","modified_gmt":"2021-12-20T15:38:27","slug":"ima-73-godine-i-1-029-kuna-penzije-od-sest-se-vere-po-sumi-da-bi-stigla-prodati-gljive","status":"publish","type":"post","link":"https:\/\/www.mojevrijeme.hr\/magazin\/2021\/11\/ima-73-godine-i-1-029-kuna-penzije-od-sest-se-vere-po-sumi-da-bi-stigla-prodati-gljive\/","title":{"rendered":"Ima 73 godine i 1.029 kuna penzije: Od \u0161est se vere po \u0161umi da bi stigla prodati gljive"},"content":{"rendered":"\n<p>Jo\u0161 kao djevoj\u010dica, gospo\u0111a <strong>Ankica Jemi\u0107 <\/strong>uz baku i majku nau\u010dila je dobro raspoznavati gljive. &#8220;U vrijeme mog odrastanja na selu je vladala neima\u0161tina, nije bilo mogu\u0107nosti \u010desto se gozbiti mesom. Ali zato smo uvijek imali svje\u017eih gljiva, baka je brala vrganje, sun\u010danice, crne trube, prstenja\u010de, grma\u010dice odnosno puzice, lisi\u010darke. Pripremala ih je na sto na\u010dina i uvijek se kod nje ne\u0161to ukusno moglo pojesti. To je poslije primjenjivala i moja majka, a to danas radim i ja&#8221;, ispri\u010dala nam je na Tre\u0161njeva\u010dkom placu. <\/p>\n\n\n\n<p>Ispred nje su bile uredno poslo\u017eene sun\u010danice, njih po sedam, osam na kupu, kao i gljive maglenke te jedan ve\u0107i vrganj. &#8220;To je sve \u0161to sam jutros prona\u0161la u \u0161umi. Svaki ovaj kup\u010di\u0107 prodajem za svega 10 kuna, jedino je ovaj veliki vrganj 20 kuna&#8221;, govori i pokazuje nam na svoj &#8220;ulov&#8221; dana.<\/p>\n\n\n\n<p>Dok smo razgovarali s njom, prilazile su joj mahom gotovo sve \u017eene, raspitivale se o gljivama i njihovoj pripremi, a ona im ljubazno obja\u0161njavala pokazuju\u0107i svakome i licencu koja svjedo\u010di da je polo\u017eila te\u010daj kao poznavateljica gljiva.<\/p><div id=\"mojev-3199147790\" class=\"mojev-u-tekstu mojev-entity-placement\" style=\"margin-left: auto;margin-right: auto;text-align: center;\"><div class=\"mojev-adlabel\">oglas<\/div><div style=\"height: 250px;\"><script async src=\"https:\/\/pagead2.googlesyndication.com\/pagead\/js\/adsbygoogle.js?client=ca-pub-8106111766207173\"\r\n     crossorigin=\"anonymous\"><\/script>\r\n<!-- Prikazni 1 u tekstu -->\r\n<ins class=\"adsbygoogle\"\r\n     style=\"display:block\"\r\n     data-ad-client=\"ca-pub-8106111766207173\"\r\n     data-ad-slot=\"8535551207\"\r\n     data-ad-format=\"auto\"\r\n     data-full-width-responsive=\"true\"><\/ins>\r\n<script>\r\n     (adsbygoogle = window.adsbygoogle || []).push({});\r\n<\/script><\/div><\/div><br style=\"clear: both; display: block; float: none;\"\/>\n\n\n\n<h3 class=\"wp-block-heading\">Kad nu\u017eda natjera<\/h3>\n\n\n\n<p>&#8220;Ispit za prepoznavanje gljiva polagala sam jo\u0161 prije \u010detiri desetlje\u0107a. Tada su mi se prvi put, saznav\u0161i za mene kao vrsnu poznavateljicu gljiva, javili Talijani koji su htjeli otkupiti odre\u0111ene vrste. No, tra\u017eili su certifikat pa sam uvidjela da mi nema druge nego pribaviti ga. Upisala sam tromjese\u010dni te\u010daj i dobila certifikat. Gljivarenje mi je bio dodatan izvor zarade jer sam bila zaposlena kao obi\u010dna radnica i pla\u0107a je uvijek bila jako mala&#8221;, govori gospo\u0111a Ankica i dodaje da su Talijani najvi\u0161e htjeli otkupljivati lisi\u010darke i trube, a tra\u017eili su i vrganje, ali su njih jako slabo pla\u0107ali pa joj se vi\u0161e isplatilo prodavati ih na placu, jer ih na\u0161i ljudi jako cijene.<\/p>\n\n\n\n<p>Sada ju, ka\u017ee, na prodaju gljiva tjera nu\u017eda, jer je nakon 36 godina sta\u017ea dobila mirovinu u iznosu od svega 1.029 kuna. &#8220;Radila sam najprije u poljoprivredi, u prvoj organiziranoj proizvodnji jagoda u Jugoslaviji. Nakon toga zaposlila sam se u PIK-u Sljeme u proizvodnji mesa teladi i svinja, a potom i u Agrokoki na uzgoju pili\u0107a i branju jaja. U jednoj tvrtki, ne\u0107u je ni spominjati, radila sam tri godine i ne znaju\u0107i da mi ne te\u010de radni sta\u017e. I tako sam, rade\u0107i 40 godina, dogurala do ove mizerne penzije&#8221;, ispri\u010dala je umirovljenica koja \u017eivi sa 74-godi\u0161njim <strong>suprugom Slavkom<\/strong>. Ni njegovom se mirovinom, ka\u017ee, ne mo\u017ee pohvaliti, zato uzgajaju i tri svinje, za sebe i petero\u010dlanu sinovljevu obitelj.<\/p>\n\n\n\n<h3 class=\"wp-block-heading\">Razlozi za radost<\/h3>\n\n\n\n<p>&#8220;Imam ja razloga i za radost. <strong>Sin Nenad i snaha Dijana<\/strong> podarili su mi tri unuka, <strong>Gabrijelu, Dominika i Patrika<\/strong>. \u017dive sto metara od nas i vi\u0111amo se gotovo svakodnevno. \u0160to god nam treba pripomo\u0107i, unuci se ponude. Jako se dobro svi sla\u017eemo, nekad ja skuham za sve, nekad kuha snaha, ma ne znam \u0161to bi bez njih&#8221;, pri\u010dala nam je dok je mu\u0161teriji, gospo\u0111i Marini, u vre\u0107icu stavljala pove\u0107i vrganj.<\/p>\n\n\n\n<figure class=\"wp-block-image size-large\"><img loading=\"lazy\" decoding=\"async\" width=\"740\" height=\"444\" src=\"https:\/\/www.mojevrijeme.hr\/magazin\/wp-content\/uploads\/2021\/11\/ankica-jemic-740x444.jpg\" alt=\"\" class=\"wp-image-53560\" srcset=\"https:\/\/www.mojevrijeme.hr\/magazin\/wp-content\/uploads\/2021\/11\/ankica-jemic-740x444.jpg 740w, https:\/\/www.mojevrijeme.hr\/magazin\/wp-content\/uploads\/2021\/11\/ankica-jemic-636x382.jpg 636w, https:\/\/www.mojevrijeme.hr\/magazin\/wp-content\/uploads\/2021\/11\/ankica-jemic-768x461.jpg 768w, https:\/\/www.mojevrijeme.hr\/magazin\/wp-content\/uploads\/2021\/11\/ankica-jemic-1536x922.jpg 1536w, https:\/\/www.mojevrijeme.hr\/magazin\/wp-content\/uploads\/2021\/11\/ankica-jemic-1500x900.jpg 1500w, https:\/\/www.mojevrijeme.hr\/magazin\/wp-content\/uploads\/2021\/11\/ankica-jemic-1600x960.jpg 1600w, https:\/\/www.mojevrijeme.hr\/magazin\/wp-content\/uploads\/2021\/11\/ankica-jemic-590x354.jpg 590w, https:\/\/www.mojevrijeme.hr\/magazin\/wp-content\/uploads\/2021\/11\/ankica-jemic-400x240.jpg 400w, https:\/\/www.mojevrijeme.hr\/magazin\/wp-content\/uploads\/2021\/11\/ankica-jemic-1000x600.jpg 1000w, https:\/\/www.mojevrijeme.hr\/magazin\/wp-content\/uploads\/2021\/11\/ankica-jemic-820x492.jpg 820w, https:\/\/www.mojevrijeme.hr\/magazin\/wp-content\/uploads\/2021\/11\/ankica-jemic-1080x648.jpg 1080w, https:\/\/www.mojevrijeme.hr\/magazin\/wp-content\/uploads\/2021\/11\/ankica-jemic.jpg 2000w\" sizes=\"auto, (max-width: 740px) 100vw, 740px\" \/><figcaption>Gospo\u0111a Marina kupila je sun\u010danice i vrganj (foto: Gordana Arh)<\/figcaption><\/figure>\n\n\n\n<p>&#8220;Ba\u0161 mi je drago \u0161to sam vas prona\u0161la danas, ovaj vrganj \u0107e mi biti dostatan za cijeli ru\u010dak. I suprug i k\u0107i ih vole, a ovaj va\u0161 zdrav je i svje\u017e&#8221;, rekla joj je razdragano gospo\u0111a Marina.<\/p>\n\n\n\n<h3 class=\"wp-block-heading\">U \u0161umu ranom zorom<\/h3>\n\n\n\n<p>&#8220;Kad ja znam da ima potra\u017enje, nije mi te\u0161ko dizati se u \u0161est ujutro, spremiti se i s ranom zorom trk u \u0161umu, iako nosim \u0161tap otkako me lani zgrabila kralje\u017enica. Imala sam nesnosne bolove, tri mjeseca nisam mogla na noge. Lije\u010dila sam se i u toplicama, i prili\u010dno se oporavila. Dok god mogu, bolje mi je da hodam po \u0161umi, nego da sjedim kod ku\u0107e i kukam&#8221;, kazala je.<\/p>\n\n\n\n<p>Na pitanje kako gljive doveze na tr\u017enicu s obzirom na to da Kupine\u010dki Kraljevec nije blizu, ka\u017ee da s punom, velikom stolnjakom prekrivenom ko\u0161arom najprije ide na autobus, a potom jo\u0161 i na tramvaj. &#8220;Najprije sam prodavala na tr\u017enici u Zapru\u0111u, a danas dolazim na Tre\u0161njevku. Baka i mama prodavale su jo\u0161 i na Dolcu, tada smo ga zvali &#8216;Jela\u010di\u0107 plac&#8217;. Poslije se i moja svekrva upustila u branje, cijela je obitelj bila uklju\u010dena u to. Od njih sam sve nau\u010dila i danas mi je to ona kap koja mi poma\u017ee da lak\u0161e pre\u017eivim&#8221;, povjerila nam je.<\/p>\n\n\n\n<p>Na placu je nekoliko puta u tjednu, ve\u0107 kako uspije od ku\u0107anskih poslova, a ljeti zasadi i pove\u0107i povrtnjak koji valja odr\u017eavati i gotovo svakodnevno o njemu brinuti. Ponekad je, ka\u017ee, njezin \u0161umski &#8220;ulov&#8221; bogat, ponekad se vrati s tek ponekom gljivom. &#8220;Pro\u0161la je godina bila puno bolja \u0161to se ti\u010de gljiva, crnih je truba bilo koliko ho\u0107ete, a ove ih godine nema. Vrganja sam lani znala nabrati i po nekoliko desetaka kilograma. Ove godina svega je manje, jedino je ljetos grma\u010dica bilo u izobilju i najvi\u0161e sam se na njih oslanjala&#8221;, otkriva nam.<\/p>\n\n\n\n<figure class=\"wp-block-image size-large\"><img loading=\"lazy\" decoding=\"async\" width=\"740\" height=\"444\" src=\"https:\/\/www.mojevrijeme.hr\/magazin\/wp-content\/uploads\/2021\/11\/ankica-jemic1-740x444.jpg\" alt=\"\" class=\"wp-image-53559\" srcset=\"https:\/\/www.mojevrijeme.hr\/magazin\/wp-content\/uploads\/2021\/11\/ankica-jemic1-740x444.jpg 740w, https:\/\/www.mojevrijeme.hr\/magazin\/wp-content\/uploads\/2021\/11\/ankica-jemic1-636x382.jpg 636w, https:\/\/www.mojevrijeme.hr\/magazin\/wp-content\/uploads\/2021\/11\/ankica-jemic1-768x461.jpg 768w, https:\/\/www.mojevrijeme.hr\/magazin\/wp-content\/uploads\/2021\/11\/ankica-jemic1-1536x922.jpg 1536w, https:\/\/www.mojevrijeme.hr\/magazin\/wp-content\/uploads\/2021\/11\/ankica-jemic1-1500x900.jpg 1500w, https:\/\/www.mojevrijeme.hr\/magazin\/wp-content\/uploads\/2021\/11\/ankica-jemic1-1600x960.jpg 1600w, https:\/\/www.mojevrijeme.hr\/magazin\/wp-content\/uploads\/2021\/11\/ankica-jemic1-590x354.jpg 590w, https:\/\/www.mojevrijeme.hr\/magazin\/wp-content\/uploads\/2021\/11\/ankica-jemic1-400x240.jpg 400w, https:\/\/www.mojevrijeme.hr\/magazin\/wp-content\/uploads\/2021\/11\/ankica-jemic1-1000x600.jpg 1000w, https:\/\/www.mojevrijeme.hr\/magazin\/wp-content\/uploads\/2021\/11\/ankica-jemic1-820x492.jpg 820w, https:\/\/www.mojevrijeme.hr\/magazin\/wp-content\/uploads\/2021\/11\/ankica-jemic1-1080x648.jpg 1080w, https:\/\/www.mojevrijeme.hr\/magazin\/wp-content\/uploads\/2021\/11\/ankica-jemic1.jpg 2000w\" sizes=\"auto, (max-width: 740px) 100vw, 740px\" \/><figcaption>Ankica Jemi\u0107 (foto: Gordana Arh)<\/figcaption><\/figure>\n\n\n\n<h3 class=\"wp-block-heading\">Stariji su skloniji kupiti gljive<\/h3>\n\n\n\n<p>Na pitanje je li ikad pojela ili ubrala nejestivu gljivu, odlu\u010dno odmahuje glavom. &#8220;Nikad, ba\u0161 nikad. Stvarno mislim da mi je raspoznavanje gljiva u malom prstu. Treba, znate, biti jako siguran u sebe, jer ista vrsta gljive nema identi\u010dnu boju primjerice ako raste u \u0161umi ispod li\u0161\u0107a ili na vanjskom rubu \u0161ume gdje do nje dopire sunce. Meni to nije problem raspoznati, jer imam iskustva, gotovo sedam desetlje\u0107a berem gljive&#8221;, rekla je umirovljenica i veselo poslu\u017eila jo\u0161 jednu gospo\u0111u, koja je kupila gljive maglenke.<\/p>\n\n\n\n<p>&#8220;Mladi ili se boje mojih gljiva, ili ih ne vole odnosno ne znaju pripremati, ili nisu popularne, ne znam. Uglavnom mi prilaze i kupuju gospo\u0111e srednje i starije dobi. Mnoge od njih i same poznaju neke vrste, pa nisu sumnji\u010dave&#8221;, doznajemo od umirovljenice koja je oko pola tri poslijepodne ve\u0107 polako zabrinuto pogledavala na sat jer je Tre\u0161njeva\u010dki plac polako opustio, a njoj nije milo gljive vra\u0107ati ku\u0107i.<\/p>\n\n\n\n<p class=\"has-text-align-center has-text-color\" style=\"color:#666666;font-size:0.8rem\">Ovaj prilog nastao je uz potporu Fonda za poticanje pluralizma i raznovrsnosti elektroni\u010dkih medija <br>u okviru projekta &#8220;\u017divim, u\u010dim, rastem \u2013 Aktivno starenje, zdravo starenje&#8221;<\/p>\n<div id=\"mojev-426293927\" class=\"mojev-kraj-teksta mojev-entity-placement\" style=\"margin-bottom: 20px;margin-left: auto;margin-right: auto;text-align: center;\"><div class=\"mojev-adlabel\">oglas<\/div><div style=\"height: 250px;\"><script async src=\"https:\/\/pagead2.googlesyndication.com\/pagead\/js\/adsbygoogle.js?client=ca-pub-8106111766207173\"\r\n     crossorigin=\"anonymous\"><\/script>\r\n<!-- Display-1 -->\r\n<ins class=\"adsbygoogle\"\r\n     style=\"display:block\"\r\n     data-ad-client=\"ca-pub-8106111766207173\"\r\n     data-ad-slot=\"1465712950\"\r\n     data-ad-format=\"auto\"\r\n     data-full-width-responsive=\"true\"><\/ins>\r\n<script>\r\n     (adsbygoogle = window.adsbygoogle || []).push({});\r\n<\/script><\/div><\/div>","protected":false},"excerpt":{"rendered":"<p>Ni nakon \u0161to se razboljela i lani zbog problema s kralje\u017enicom tri mjeseca nije mogla stati na noge, 73-godi\u0161nja Ankica Jemi\u0107 iz Kupine\u010dkog Kraljevca ne odustaje od svoje \u017eivotne borbe. Di\u017ee se u \u0161est sati ujutro, toplo se odjene, uzima \u0161tap u ruke i odlazi u \u0161umu u kojoj se tek razdanjuje. Ondje sve do 11 sati bere gljive, vra\u0107a se ku\u0107i, preodjene se te se s ko\u0161arom zaputi na autobus koji \u0107e je odvesti u Zagreb, na tr\u017enicu gdje \u0107e prodati \u0161to je taj dan u \u0161umi prona\u0161la. Kao iskusna gljivarica koja je u\u010dila od bake i majke, to je sve \u0161to mo\u017ee u\u010diniti da bi pre\u017eivjela uz 1029 kuna mirovine. Nemojte ni pomisliti da za \u017eivota nije radila pa je to razlog zbog kojeg danas nema za kruh \u2013 ima 36 godina radnog sta\u017ea! Ovo je njezina pri\u010da, koju nam je, unato\u010d neda\u0107ama, ispri\u010dala bez imalo gor\u010dine u sebi.<\/p>\n","protected":false},"author":15,"featured_media":53558,"comment_status":"closed","ping_status":"closed","sticky":false,"template":"","format":"standard","meta":{"footnotes":""},"categories":[2,2853],"tags":[2949,991,1342,1861,39],"class_list":["post-53520","post","type-post","status-publish","format-standard","has-post-thumbnail","hentry","category-mozaik","category-zivim-ucim-rastem","tag-ankica-jemic","tag-gljive","tag-rad-uz-mirovinu","tag-trznice","tag-zagreb"],"_links":{"self":[{"href":"https:\/\/www.mojevrijeme.hr\/magazin\/wp-json\/wp\/v2\/posts\/53520","targetHints":{"allow":["GET"]}}],"collection":[{"href":"https:\/\/www.mojevrijeme.hr\/magazin\/wp-json\/wp\/v2\/posts"}],"about":[{"href":"https:\/\/www.mojevrijeme.hr\/magazin\/wp-json\/wp\/v2\/types\/post"}],"author":[{"embeddable":true,"href":"https:\/\/www.mojevrijeme.hr\/magazin\/wp-json\/wp\/v2\/users\/15"}],"replies":[{"embeddable":true,"href":"https:\/\/www.mojevrijeme.hr\/magazin\/wp-json\/wp\/v2\/comments?post=53520"}],"version-history":[{"count":0,"href":"https:\/\/www.mojevrijeme.hr\/magazin\/wp-json\/wp\/v2\/posts\/53520\/revisions"}],"wp:featuredmedia":[{"embeddable":true,"href":"https:\/\/www.mojevrijeme.hr\/magazin\/wp-json\/wp\/v2\/media\/53558"}],"wp:attachment":[{"href":"https:\/\/www.mojevrijeme.hr\/magazin\/wp-json\/wp\/v2\/media?parent=53520"}],"wp:term":[{"taxonomy":"category","embeddable":true,"href":"https:\/\/www.mojevrijeme.hr\/magazin\/wp-json\/wp\/v2\/categories?post=53520"},{"taxonomy":"post_tag","embeddable":true,"href":"https:\/\/www.mojevrijeme.hr\/magazin\/wp-json\/wp\/v2\/tags?post=53520"}],"curies":[{"name":"wp","href":"https:\/\/api.w.org\/{rel}","templated":true}]}}