{"id":53565,"date":"2021-11-12T13:48:00","date_gmt":"2021-11-12T12:48:00","guid":{"rendered":"https:\/\/www.mojevrijeme.hr\/magazin\/?p=53565"},"modified":"2021-11-12T20:44:37","modified_gmt":"2021-11-12T19:44:37","slug":"gabricevic-umirovljenici-su-zasluzili-isplatu-bozicnica-i-covid-dodatka","status":"publish","type":"post","link":"https:\/\/www.mojevrijeme.hr\/magazin\/2021\/11\/gabricevic-umirovljenici-su-zasluzili-isplatu-bozicnica-i-covid-dodatka\/","title":{"rendered":"Gabri\u010devi\u0107: Umirovljenici su zaslu\u017eili isplatu bo\u017ei\u0107nica i COVID dodatka"},"content":{"rendered":"\n<p>Svjedoci smo da su \u017eivotne namirnice izrazito poskupjele, neke su cijene oti\u0161le u nebo. Litra ulja je gotovo dvostruko skuplja u odnosu na cijenu koju je imala pro\u0161le godine u ovo doba. Takva poskupljenja mirovine ne prate niti njihovim uskla\u0111ivanjem, niti pove\u0107anjem, isti\u010de predsjednik Hrvatske stranke umirovljenika Veselko Gabri\u010devi\u0107, dodaju\u0107i kako umirovljenici koji i ina\u010de te\u0161ko \u017eive, sada jo\u0161 te\u017ee pokrivaju sve ve\u0107e tro\u0161kove \u017eivota.<\/p>\n\n\n\n<p>Analiti\u010dari govore kako je rije\u010d o o najve\u0107oj inflaciji od o\u017eujka 2013.\u00a0godine, a koja je posljedica globalnih gospodarskih poreme\u0107aja na koje je prvenstveno utjecala pandemija Covid-19. Cijena hrane, znatno je poskupjela. Osim ulja i masti koji su poskupjeli gotovo 20 posto, sna\u017ean rast zabilje\u017een je i kod povr\u0107a i to 8,4 posto te mlijeka, sira i jaja 4,3 posto iako se \u010dini da su u odnosu na cijene od pro\u0161e godine one sada i 30 posto ve\u0107e.\u00a0<\/p>\n\n\n\n<h3 class=\"wp-block-heading\"><strong>Uskla\u0111ivanje mirovina prema va\u017ee\u0107oj formuli nije dovoljno<\/strong><\/h3>\n\n\n\n<p>Uskla\u0111ivanje mirovina, koje je za prvu polovicu godine iznosilo 60 kuna vi\u0161e na prosje\u010dnoj mirovini, te\u0161ko \u0107e, nagla\u0161ava \u010delnik umirovljeni\u010dke stanke, pokriti poskupljenja. &#8220;Uskla\u0111ivanjem umirovljenici dobiju neku kunu vi\u0161e, no za imalo dostojanstven \u017eivot potrebno je daleko vi\u0161e.&#8221;<\/p><div id=\"mojev-3905166292\" class=\"mojev-u-tekstu mojev-entity-placement\" style=\"margin-left: auto;margin-right: auto;text-align: center;\"><div class=\"mojev-adlabel\">oglas<\/div><div style=\"height: 250px;\"><script async src=\"https:\/\/pagead2.googlesyndication.com\/pagead\/js\/adsbygoogle.js?client=ca-pub-8106111766207173\"\r\n     crossorigin=\"anonymous\"><\/script>\r\n<!-- Prikazni 1 u tekstu -->\r\n<ins class=\"adsbygoogle\"\r\n     style=\"display:block\"\r\n     data-ad-client=\"ca-pub-8106111766207173\"\r\n     data-ad-slot=\"8535551207\"\r\n     data-ad-format=\"auto\"\r\n     data-full-width-responsive=\"true\"><\/ins>\r\n<script>\r\n     (adsbygoogle = window.adsbygoogle || []).push({});\r\n<\/script><\/div><\/div><br style=\"clear: both; display: block; float: none;\"\/>\n\n\n\n<p>Mirovine se uskla\u0111uju dva puta godi\u0161nje, a stopa po kojoj se to \u010dini izra\u010dunava se na osnovu indeksa potro\u0161a\u010dkih cijena, odnosno inflacije i stope po kojoj su rasle pla\u0107e. Ali koliko \u0107e na rast mirovina utjecati rast potro\u0161a\u010dkih cijena, a koliko rast pla\u0107a, ovisi o tome je li pojedina od tih stopa manja od 50 posto njihova zbroja stopa. U tom slu\u010daju u izra\u010dun stope po kojoj se mirovine uskla\u0111uju ura\u010dunava se 30 posto stope koja ima vrijednost manju od 50 posto zbroja i 70 posto druge, ve\u0107e stope.<\/p>\n\n\n\n<p>&#8220;Na postoje\u0107u formulu uskla\u0111ivanja u redovnim okolnostima ne mo\u017eemo se mnogo \u017ealiti, ali sada tra\u017eimo da uskla\u0111ivanje bude 100 posto prema vi\u0161em indeksu.\u00a0Na taj na\u010din mirovine vi\u0161e ne bi toliko zaostajale za prosje\u010dnim pla\u0107ama. Ovakvo izra\u010dunavanje uskla\u0111ivanja i dalje vodi prema realnom padu prosje\u010dne mirovine koje su sada 36 posto prosje\u010dne pla\u0107e.&#8221;<\/p>\n\n\n\n<p>I u odnosu na prosje\u010dne mirovine nama susjednih zemalja ona je ni\u017ea. Mi mo\u017eda nismo u mogu\u0107nosti, kao \u0161to to radi Slovenija, umirovljenicima ispla\u0107ivati regres za godi\u0161nji odmor ili bo\u017ei\u0107nice, isti\u010de Gabri\u010devi\u0107, ali svakako bi u tom smjeru, dodaje, trebalo razmi\u0161ljati jer je \u017eivot umirovljenika sve te\u017ei.<\/p>\n\n\n\n<p>Ovo \u0161to Vlada RH \u010dini, o\u010dito da nije dovoljno, nagla\u0161ava. Pozdravlja praksu jedinica lokalne i podru\u010dne samouprave koje mnogim umirovljenicima daju bo\u017ei\u0107nice, uskrsnice, osiguravaju im besplatan javni prijevoz. Pojedine lokalne sredine imaju odre\u0111ene olak\u0161ice. &#8220;Nisu svugdje isti problemi, ali to svakako mo\u017ee pomo\u0107i u podizanju standarda umirovljenika.&#8221;<\/p>\n\n\n\n<p>Prije nekoliko godina Vlada je umirovljenicima isplatila bo\u017ei\u0107nice, za ovaj Bo\u017ei\u0107 tih najava, za sada, nema. Iz HSU ka\u017eu da \u0107e se zalagati da bo\u017ei\u0107nica bude ne\u0161to \u0161to bi svi umirovljenici trebali dobiti. &#8220;Kada vidite da umirovljenik ima mirovinu oko 2.000 kuna, a granica siroma\u0161tva je 2.927 kuna, a on uz to uspijeva uredno pla\u0107ati dopunsko zdravstveno osiguranje 840 kuna godi\u0161nje te 960 kuna za HRT pretplatu. Na kraju godine kada to sve saberete primio je 11, a ne 12 mirovina. Umjesto da je dobio nekakav dodatak on je dobio jednu mirovinu manje.&#8221;<\/p>\n\n\n\n<p>Kako su najugro\u017eenije osobe s najni\u017eim prihodima, Gabri\u010devi\u0107 smatra da pove\u0107anje mirovina ne bi trebalo biti linearno, ve\u0107 bi se uskla\u0111ivanje s tro\u0161kovima \u017eivota trebalo obra\u010dunavati prema visini mirovine; da oni koji imaju najmanje, dobije vi\u0161e i obrnuto.<\/p>\n\n\n\n<h3 class=\"wp-block-heading\">Za stabilnost mirovinskog sustava potreban ve\u0107i broja zaposlenih i du\u017ei radni vijek<\/h3>\n\n\n\n<p>Upravo je pove\u0107anje najni\u017eih i obiteljskih mirovina, odnosno, postizanje adekvatnosti mirovina jedan od prijedloga reformi mirovinskog osiguranja koji je predlo\u017een Nacionalnim planom oporavka i otpornosti do 2026. godine.<\/p>\n\n\n\n<p>Temeljni problem mirovinskog sustava, isti\u010de Gabri\u0107evi\u0107, je problem niskih pla\u0107a i male zaposlenosti. Samo kroz ve\u0107u zaposlenost i podizanjem pla\u0107a vi\u0161e bi se ulagalo u mirovinske fondove, nagla\u0161ava, \u0161to je preduvjet za rast mirovina.<\/p>\n\n\n\n<p>&#8220;Sve dok mi ne podignemo produktivnost, ne pove\u0107amo zaposlenost, ne pove\u0107aju se pla\u0107e radnicima i slu\u017ebenicima, ne\u0107e biti velikih pomaka. Mo\u017eemo donositi svakakve planove i dokumente, ali bez poticanja rada i pla\u0107a, te\u0161ko \u0107emo do\u0107i na adekvatnu razinu mirovine koja bi bila primjerena standardu i dostojnom \u017eivotu u 21 stolje\u0107u.&#8221;<\/p>\n\n\n\n<p>Spomenuti Plan pove\u0107anje broja zaposlenih planira kroz ukidanju zakonske obaveze o automatskom odlasku u mirovinu s napunjenih 65 godina starosti. Produ\u017eavanje radnog vijeka je ne\u0161to \u0161to se u zapadnim europskim zemljama prakticira, \u0161to je potrebno i kod nas, isti\u010de Gabri\u010devi\u0107.<\/p>\n\n\n\n<p>&#8220;To je u skladu i s produ\u017eenjem \u017eivotnog vijeka koji je znatno du\u017ei nego je bio prije 50 ili \u010dak prije 20 godina. Du\u017ei ostanak na tr\u017ei\u0161tu rada doprinio bi i boljem punjenju mirovinskih fondova. Sredstva iz drugog mirovinskog stupa sada su dostatna za primanje mirovina u trajanju 15-20 godina.&#8221;<\/p>\n\n\n\n<p>Raniji odlazak u mirovinu uz produ\u017eavanje \u017eivotnog vijeka, smatra \u010delnik HSU, rezultirat \u0107e jo\u0161 ve\u0107im nedostatkom sredstava za isplatu mirovina iz prvog mirovinskog stupa te optere\u0107enjem dr\u017eavnog prora\u010duna.<\/p>\n\n\n\n<p>Mirovine iz drugog stupa, trebale bi biti daleko ve\u0107e, isti\u010de Gabri\u010devi\u0107. To pokazuje i \u010dinjenica da se znatan dio novih umirovljenika koji su \u0161tedjeli i u drugom stupu, odlu\u010duje na isplatu mirovina samo iz stupa solidarnosti. &#8220;To je kompleksno pitanje. Mirovinska reforma je izvr\u0161ena jo\u0161 2002. godine kada se krenulo s izdvajanjima za drugi stup. Tada je zami\u0161ljeno da se u njega iz pla\u0107e izdvaja 5 posto, ali da ono postupno raste. Gotovo 20 godina kasnije, taj je drugi stup, prema projekciji, trebao biti u visini izdvajanja od 12 ili 15 posto, no to se pove\u0107anje nije dogodilo. Da je bilo tako, odlaskom u mirovinu ve\u0107ina bi se odlu\u010divala za isplatu iz oba stupa.&#8221;<\/p>\n\n\n\n<figure class=\"wp-block-image size-large\"><img loading=\"lazy\" decoding=\"async\" width=\"740\" height=\"444\" src=\"https:\/\/www.mojevrijeme.hr\/magazin\/wp-content\/uploads\/2017\/10\/kopa-po-kontejneru-740x444.jpg\" alt=\"Za\u0161to su ljudi siroma\u0161ni?\" class=\"wp-image-10600\" srcset=\"https:\/\/www.mojevrijeme.hr\/magazin\/wp-content\/uploads\/2017\/10\/kopa-po-kontejneru-740x444.jpg 740w, https:\/\/www.mojevrijeme.hr\/magazin\/wp-content\/uploads\/2017\/10\/kopa-po-kontejneru-636x382.jpg 636w, https:\/\/www.mojevrijeme.hr\/magazin\/wp-content\/uploads\/2017\/10\/kopa-po-kontejneru-768x461.jpg 768w, https:\/\/www.mojevrijeme.hr\/magazin\/wp-content\/uploads\/2017\/10\/kopa-po-kontejneru-590x354.jpg 590w, https:\/\/www.mojevrijeme.hr\/magazin\/wp-content\/uploads\/2017\/10\/kopa-po-kontejneru-400x240.jpg 400w, https:\/\/www.mojevrijeme.hr\/magazin\/wp-content\/uploads\/2017\/10\/kopa-po-kontejneru-1000x600.jpg 1000w, https:\/\/www.mojevrijeme.hr\/magazin\/wp-content\/uploads\/2017\/10\/kopa-po-kontejneru-820x492.jpg 820w, https:\/\/www.mojevrijeme.hr\/magazin\/wp-content\/uploads\/2017\/10\/kopa-po-kontejneru-150x90.jpg 150w, https:\/\/www.mojevrijeme.hr\/magazin\/wp-content\/uploads\/2017\/10\/kopa-po-kontejneru.jpg 1200w\" sizes=\"auto, (max-width: 740px) 100vw, 740px\" \/><figcaption>foto: mifner\/Pixabay <\/figcaption><\/figure>\n\n\n\n<p>Problem vidi i u \u010dinjenici \u0161to su izdvajanja iz malih i minimalnih pla\u0107a, nisu kumulirala dovljno sredstava za isplatu, za razliku od onih kojima je pla\u0107a bila znatno ve\u0107a.\u00a0Obzirom da se oko \u0161tednje u drugom stupu lome koplja, oko tog je pitanja, nagla\u0161ava, nu\u017ena stru\u010dna rasprava.<\/p>\n\n\n\n<h3 class=\"wp-block-heading\">Nacionalna naknada za starije osobe nije polu\u010dila uspjeh<\/h3>\n\n\n\n<p>Pojedine mjere koju su trebale pobolj\u0161ati polo\u017eaj starijih osoba, kao \u0161to je to trebala biti nacionalna naknada za starije osobe uvedena po\u010detkom godine, nije polu\u010dila rezultat. Iznos od 800 kuna naknade prima tek oko 5.500 korisnika, a trebalo ju je, prema projekcijama primati njih 20 tisu\u0107a.<\/p>\n\n\n\n<p>&#8220;Prima ju daleko manji broj ljudi jer su neki socijalni programi i naknade nadma\u0161ile iznose nacionalne naknade. Zbog toga se mnogima nije isplatila. &nbsp;Namjere su s uvo\u0111enjem nacionalne naknade bile dobre, ali nije opravdala.&#8221;<\/p>\n\n\n\n<p>Istovremeno bi se, novim Zakonom o socijalnoj skrbi trebala pove\u0107ati zajam\u010dena minimalna naknada sa 800 na 1.000 kuna. &#8220;O\u010dekujemo da \u0107e se taj cilj ispuniti. Umirovljenici su u najve\u0107oj mjeri korisnici socijalne pomo\u0107i i smje\u0161taja&#8221;, isti\u010de predsjednik Hrvatske stranke umirovljenika.<\/p>\n\n\n\n<h3 class=\"wp-block-heading\">Reforma socijalne skrbi<\/h3>\n\n\n\n<p>I dok pozdravlja te pomake u socijalnoj skrbi starijih osoba, zabrinjava, ka\u017ee, prijedlog o ukidanju obiteljskih domova. Resorno ministarstvo njihovo ukidanje predla\u017ee uz obrazlo\u017eenje da nisu ispunili ciljeve; pru\u017eanja obiteljskog na\u010dina \u017eivota unutar obiteljskog doma, kao niti o\u010dekivane razine kvalitete sluge zbog \u010dega im je dan rok od 5 godina za transformaciju u ustanovu u sustavu socijalne skrbi. Gabri\u010devi\u0107 smatra kako bi dio korisnika obiteljskih domova tako mogao ostati bez te usluge.<\/p>\n\n\n\n<p>Tako\u0111er, zabrinjava i \u0161to se u reformi socijalne skrbi ne predla\u017ee pove\u0107anje dohodovnog cenzusa za socijalnu uslugu pomo\u0107i u ku\u0107i.&nbsp; Zbog toga \u0161to je cenzus prenizak, smatra, mnogima je ta usluga, posebno u ruralnim sredinama, i dalje nedostupna.<\/p>\n\n\n\n<p>Podizanje cenzusa za pomo\u0107 u ku\u0107i&nbsp; trebalo bi biti po uzoru na podizanje cenzusa za besplatno dopunsko zdravstveno osiguranje koje \u0107e nastupiti 1. prosinca.&nbsp; Nakon vi\u0161e od 10 godina, taj je cenzus po \u010dlanu ku\u0107anstva podignut na 2.000 kuna, a za samca na 2.500, &nbsp;kuna, u oba slu\u010daja za 400 kuna. Zbog cenzusa koji se godinama nije mijenjao veliki je broj umirovljenika nakon uskla\u0111ivanja mirovina gubio pravo na policu dopunskog zdravstvenog osiguranja na teret dr\u017eavnog prora\u010duna.<\/p>\n\n\n\n<p>&#8220;Uspjelo se dogovoriti da se taj cenzus uskla\u0111uje i mijenja ovisno o uskla\u0111ivanju mirovina. To je pravi\u010dnije.&nbsp; I u slu\u010daju usluge pomo\u0107i u ku\u0107i cenzus bi trebalo podi\u0107i i mijenjati ga uz uskla\u0111ivanje mirovine.&#8221;<\/p>\n\n\n\n<p>Kao nu\u017eno za smanjenje stope siroma\u0161tva je i promjena obiteljskih mirovina koju prima 215 tisu\u0107a korisnika, ve\u0107inom \u017eene. Izmjene Zakona o mirovinskom osiguranju trebao bi biti gotov do kraja godine, ka\u017ee predsjednik HSU. Smatra da bi korisnik obiteljske mirovine, u slu\u010daju da uzima mirovinu svojeg preminulog bra\u010dnog druga, trebao imati 80 posto njezine mirovine. Ako bi umirovljenik \u017eelio zadr\u017eati svoju mirovinu, dodaje, trebao bi imati pravo i na 50 posto mirovine preminulog bra\u010dnog druga.&nbsp;&#8220;Time bi veliki broj umirovljenica korisnica obiteljske mirovine izi\u0161lo iz zone siroma\u0161tva.&#8221;<\/p>\n\n\n\n<h3 class=\"wp-block-heading\">Umirovljenici zaslu\u017eili i novu isplatu Covid dodatka<\/h3>\n\n\n\n<p>Obzirom na probleme i dugotrajnost COVID-19 krize, trebalo bi, smatra Gabri\u010devi\u0107, umirovljenicima ponovo isplatiti COVID dodatak kao \u0161to se to u\u010dinilo u travnju ove godina kada su ga u iznosima od 400 do 1.200 kuna dobili svi kojima je mirovina bila ni\u017ea od 4.000 kuna.<\/p>\n\n\n\n<p>&#8220;CIVID dodatak je itekako potreban. Dr\u017eave u okru\u017eju su ga dale nekoliko puta. Na\u0161a je Vlada dala jednom. Umirovljenici su zaslu\u017eili novu isplatu.&#8221;<\/p>\n\n\n\n<figure class=\"wp-block-image size-large\"><img loading=\"lazy\" decoding=\"async\" width=\"740\" height=\"444\" src=\"https:\/\/www.mojevrijeme.hr\/magazin\/wp-content\/uploads\/2021\/04\/veselko-gabricevic3-740x444.jpg\" alt=\"\" class=\"wp-image-46710\" srcset=\"https:\/\/www.mojevrijeme.hr\/magazin\/wp-content\/uploads\/2021\/04\/veselko-gabricevic3-740x444.jpg 740w, https:\/\/www.mojevrijeme.hr\/magazin\/wp-content\/uploads\/2021\/04\/veselko-gabricevic3-636x382.jpg 636w, https:\/\/www.mojevrijeme.hr\/magazin\/wp-content\/uploads\/2021\/04\/veselko-gabricevic3-768x461.jpg 768w, https:\/\/www.mojevrijeme.hr\/magazin\/wp-content\/uploads\/2021\/04\/veselko-gabricevic3-1536x922.jpg 1536w, https:\/\/www.mojevrijeme.hr\/magazin\/wp-content\/uploads\/2021\/04\/veselko-gabricevic3-1500x900.jpg 1500w, https:\/\/www.mojevrijeme.hr\/magazin\/wp-content\/uploads\/2021\/04\/veselko-gabricevic3-1600x960.jpg 1600w, https:\/\/www.mojevrijeme.hr\/magazin\/wp-content\/uploads\/2021\/04\/veselko-gabricevic3-590x354.jpg 590w, https:\/\/www.mojevrijeme.hr\/magazin\/wp-content\/uploads\/2021\/04\/veselko-gabricevic3-400x240.jpg 400w, https:\/\/www.mojevrijeme.hr\/magazin\/wp-content\/uploads\/2021\/04\/veselko-gabricevic3-1000x600.jpg 1000w, https:\/\/www.mojevrijeme.hr\/magazin\/wp-content\/uploads\/2021\/04\/veselko-gabricevic3-820x492.jpg 820w, https:\/\/www.mojevrijeme.hr\/magazin\/wp-content\/uploads\/2021\/04\/veselko-gabricevic3-1080x648.jpg 1080w, https:\/\/www.mojevrijeme.hr\/magazin\/wp-content\/uploads\/2021\/04\/veselko-gabricevic3.jpg 2000w\" sizes=\"auto, (max-width: 740px) 100vw, 740px\" \/><figcaption>Veselko Gabri\u010devi\u0107 (foto: HSU)<\/figcaption><\/figure>\n\n\n\n<p>\u0160irenje bolesti COVID-19 i veliki pritisak oboljelih na zdravstveni, bolni\u010dki sustav, svakako \u0107e utjecati na zdravlje umirovljeni\u010dke populacija koji su u\u010destali korisnici zdravstvene skrbi. U pojedinim bolnicama se, isti\u010de Gabri\u010devi\u0107, otkazuju dogovoreni medicinski zahvati i postupci zbog \u010dega postoji bojazan da \u0107e se situacija jo\u0161 vi\u0161e pogor\u0161ati. &#8220;Starije osobe su najranjivija populacija. Zbog prezauzetih kapaciteta bolnica, ne\u0107e se mo\u0107i vr\u0161iti pregledi i operacije koje nisu hitne, a to \u0107e se jako odraziti na zdravlje umirovljenika, ali i na zdravlje svog stanovni\u0161tva.&#8221;<\/p>\n\n\n\n<p>Zato predsjednik HSU Veselko Gabri\u010devi\u0107 poziva na cijepljene. Ako se ne \u017eeli za\u0161tititi sebe, cijepljenje je potrebno zbog za\u0161tite starijih i bolesnih. Jedino s na taj na\u010din, zaklju\u010duje mo\u017ee suzbiti bolest i stabilizirati zdravstveni sustav koji je ve\u0107 sada naru\u0161en.<\/p>\n\n\n\n<div id=\"blokovi\"><img decoding=\"async\" src=\"https:\/\/www.mojevrijeme.hr\/magazin\/wp-content\/uploads\/2020\/09\/esf-lenta.jpg\">\nOvaj prilog objavljen je u sklopu projekta \u201cNovo vrijeme\u201d. Projekt je sufinancirala\nEuropska unija sredstvima Europskog socijalnog fonda. Sadr\u017eaj priloga isklju\u010diva\nje odgovornost Udruge Ho\u0107u stranicu.<\/div>\n<div id=\"mojev-3771899945\" class=\"mojev-kraj-teksta mojev-entity-placement\" style=\"margin-bottom: 20px;margin-left: auto;margin-right: auto;text-align: center;\"><div class=\"mojev-adlabel\">oglas<\/div><div style=\"height: 250px;\"><script async src=\"https:\/\/pagead2.googlesyndication.com\/pagead\/js\/adsbygoogle.js?client=ca-pub-8106111766207173\"\r\n     crossorigin=\"anonymous\"><\/script>\r\n<!-- Display-1 -->\r\n<ins class=\"adsbygoogle\"\r\n     style=\"display:block\"\r\n     data-ad-client=\"ca-pub-8106111766207173\"\r\n     data-ad-slot=\"1465712950\"\r\n     data-ad-format=\"auto\"\r\n     data-full-width-responsive=\"true\"><\/ins>\r\n<script>\r\n     (adsbygoogle = window.adsbygoogle || []).push({});\r\n<\/script><\/div><\/div>","protected":false},"excerpt":{"rendered":"<p>Slovenija umirovljenicima ispla\u0107uje regres za godi\u0161nji odmor ili bo\u017ei\u0107nice. U Hrvatskoj jedinice lokalne i podru\u010dne  samouprave mnogim umirovljenicima daju bo\u017ei\u0107nice, uskrsnice, osiguravaju besplatan javni prijevoz. Te bi olak\u0161ice trebali imati svi umirovljenici.<\/p>\n","protected":false},"author":14,"featured_media":46711,"comment_status":"closed","ping_status":"closed","sticky":false,"template":"","format":"standard","meta":{"footnotes":""},"categories":[9],"tags":[111,1215,2339,1010,237,77,2584],"class_list":["post-53565","post","type-post","status-publish","format-standard","has-post-thumbnail","hentry","category-vijesti","tag-hrvatska-stranka-umirovljenika","tag-nacionalna-mirovina","tag-novo-vrijeme","tag-obiteske-mirovine","tag-siromastvo","tag-umirovljenici","tag-veselko-gabricevic"],"_links":{"self":[{"href":"https:\/\/www.mojevrijeme.hr\/magazin\/wp-json\/wp\/v2\/posts\/53565","targetHints":{"allow":["GET"]}}],"collection":[{"href":"https:\/\/www.mojevrijeme.hr\/magazin\/wp-json\/wp\/v2\/posts"}],"about":[{"href":"https:\/\/www.mojevrijeme.hr\/magazin\/wp-json\/wp\/v2\/types\/post"}],"author":[{"embeddable":true,"href":"https:\/\/www.mojevrijeme.hr\/magazin\/wp-json\/wp\/v2\/users\/14"}],"replies":[{"embeddable":true,"href":"https:\/\/www.mojevrijeme.hr\/magazin\/wp-json\/wp\/v2\/comments?post=53565"}],"version-history":[{"count":0,"href":"https:\/\/www.mojevrijeme.hr\/magazin\/wp-json\/wp\/v2\/posts\/53565\/revisions"}],"wp:featuredmedia":[{"embeddable":true,"href":"https:\/\/www.mojevrijeme.hr\/magazin\/wp-json\/wp\/v2\/media\/46711"}],"wp:attachment":[{"href":"https:\/\/www.mojevrijeme.hr\/magazin\/wp-json\/wp\/v2\/media?parent=53565"}],"wp:term":[{"taxonomy":"category","embeddable":true,"href":"https:\/\/www.mojevrijeme.hr\/magazin\/wp-json\/wp\/v2\/categories?post=53565"},{"taxonomy":"post_tag","embeddable":true,"href":"https:\/\/www.mojevrijeme.hr\/magazin\/wp-json\/wp\/v2\/tags?post=53565"}],"curies":[{"name":"wp","href":"https:\/\/api.w.org\/{rel}","templated":true}]}}