{"id":53626,"date":"2021-11-14T17:28:55","date_gmt":"2021-11-14T16:28:55","guid":{"rendered":"https:\/\/www.mojevrijeme.hr\/magazin\/?p=53626"},"modified":"2021-11-14T18:25:39","modified_gmt":"2021-11-14T17:25:39","slug":"bivsa-predsjednica-kleknula-pred-televizor-idemooo","status":"publish","type":"post","link":"https:\/\/www.mojevrijeme.hr\/magazin\/2021\/11\/bivsa-predsjednica-kleknula-pred-televizor-idemooo\/","title":{"rendered":"Biv\u0161a predsjednica kleknula pred televizor. Facebook gori: &#8216;Vatrena Kolinda!&#8217;"},"content":{"rendered":"\n<p>Hrvatska nogometna reprezentacija ide u Katar gdje \u0107e po \u0161esti \u0107e put zaigrati na Svjetskom prvenstvu. U odlu\u010duju\u0107oj utakmici za prvo mjesto u skupini H vatreni su pred vi\u0161e od 30.000 gledatelja u Splitu svladali Rusiju s 1:0. <\/p>\n\n\n\n<p>Emotivnom objavom na dru\u0161tvenim mre\u017eama oglasila se i biv\u0161a predsjednica <strong>Kolinda Grabar-Kitarovi\u0107<\/strong> koja je utakmicu pratila iz Sjedinjenih Dr\u017eava. Ispod fotografija na kojima razdragano kle\u010di pred televizorom, najsportskija od svih predsjednica napisala je: &#8220;Idemo u Kataaaaar!!! Hvala vam, Vatreni!&#8221;<\/p>\n\n\n\n<p>&#8220;Ma uvijek bila na\u0161a najja\u010da navija\u010dica&#8221;, napisala je odu\u0161evljena komentatorica na Facebooku. &#8220;Energi\u010dna, vatrena na\u0161a Kolinda&#8221;, uzvratila je druga, dok broj komentatora odu\u0161evljenih sportskim domoljubljem biv\u0161e predsjednice raste iz minute u minutu.<\/p><div id=\"mojev-3231803708\" class=\"mojev-u-tekstu mojev-entity-placement\" style=\"margin-left: auto;margin-right: auto;text-align: center;\"><div class=\"mojev-adlabel\">oglas<\/div><div style=\"height: 250px;\"><script async src=\"https:\/\/pagead2.googlesyndication.com\/pagead\/js\/adsbygoogle.js?client=ca-pub-8106111766207173\"\r\n     crossorigin=\"anonymous\"><\/script>\r\n<!-- Prikazni 1 u tekstu -->\r\n<ins class=\"adsbygoogle\"\r\n     style=\"display:block\"\r\n     data-ad-client=\"ca-pub-8106111766207173\"\r\n     data-ad-slot=\"8535551207\"\r\n     data-ad-format=\"auto\"\r\n     data-full-width-responsive=\"true\"><\/ins>\r\n<script>\r\n     (adsbygoogle = window.adsbygoogle || []).push({});\r\n<\/script><\/div><\/div><br style=\"clear: both; display: block; float: none;\"\/>\n\n\n\n<p>Podsjetimo, ovo nije prvi puta da je biv\u0161a predsjednica demonstrirala svoj sportski duh. 2018. godine hrvatska nogometna reprezentacija iz Rusije vratila se s fantasti\u010dnim srebrom, a Luka Modri\u0107 progla\u0161en je najboljim igra\u010dem ovog Svjetskog nogometnog prvenstva. Povijesni je to uspjeh hrvatskog sporta, no diljem svijeta pri\u010dalo se o hrvatskoj predsjednici Kolindi Grabar-Kitarovi\u0107 koja je svojom srda\u010dno\u0161\u0107u osvojila gledatelje finalne utakmice. <\/p>\n\n\n\n<p>Tada\u0161nja predsjednica utakmicu je gledala s Macronom i Putinom. Sve&nbsp;troje su se prilikom dodjele medalja spustili na teren te \u010destitali nogometa\u0161ima. Nakon \u010destitki, Kolinda Grabar-Kitarovi\u0107 je, ki\u0161i unato\u010d, izgrlila nogometa\u0161e i poljubila pobjedni\u010dki pehar koji je oti\u0161ao u Francusku.<\/p>\n\n\n\n<iframe loading=\"lazy\" src=\"https:\/\/www.facebook.com\/plugins\/post.php?href=https%3A%2F%2Fwww.facebook.com%2FKolindaGrabarKitarovic%2Fposts%2F435779117912067&amp;width=740&amp;show_text=false&amp;appId=702830876459350&amp;height=942\" width=\"740\" height=\"942\" style=\"border:none;overflow:hidden\" scrolling=\"no\" frameborder=\"0\" allowfullscreen=\"true\" allow=\"autoplay; clipboard-write; encrypted-media; picture-in-picture; web-share\"><\/iframe>\n\n\n\n<figure class=\"wp-block-image size-large\"><img loading=\"lazy\" decoding=\"async\" width=\"740\" height=\"410\" src=\"https:\/\/www.mojevrijeme.hr\/magazin\/wp-content\/uploads\/2018\/07\/kolinda-ljubi-pehar-740x410.jpg\" alt=\"\" class=\"wp-image-16815\" srcset=\"https:\/\/www.mojevrijeme.hr\/magazin\/wp-content\/uploads\/2018\/07\/kolinda-ljubi-pehar.jpg 740w, https:\/\/www.mojevrijeme.hr\/magazin\/wp-content\/uploads\/2018\/07\/kolinda-ljubi-pehar-636x352.jpg 636w\" sizes=\"auto, (max-width: 740px) 100vw, 740px\" \/><figcaption>Emmanuel Macron i Kolinda Grabar-Kitarovi\u0107<\/figcaption><\/figure>\n\n\n\n<figure class=\"wp-block-image size-large\"><img loading=\"lazy\" decoding=\"async\" width=\"740\" height=\"410\" src=\"https:\/\/www.mojevrijeme.hr\/magazin\/wp-content\/uploads\/2018\/07\/kolinda-u-rusiji-740x410.jpg\" alt=\"\" class=\"wp-image-16710\" srcset=\"https:\/\/www.mojevrijeme.hr\/magazin\/wp-content\/uploads\/2018\/07\/kolinda-u-rusiji.jpg 740w, https:\/\/www.mojevrijeme.hr\/magazin\/wp-content\/uploads\/2018\/07\/kolinda-u-rusiji-636x352.jpg 636w\" sizes=\"auto, (max-width: 740px) 100vw, 740px\" \/><figcaption>Kolinda Grabar-Kitarovi\u0107, Svjetsko nogometno prvenstvo, So\u010di<\/figcaption><\/figure>\n<div id=\"mojev-4029763026\" class=\"mojev-kraj-teksta mojev-entity-placement\" style=\"margin-bottom: 20px;margin-left: auto;margin-right: auto;text-align: center;\"><div class=\"mojev-adlabel\">oglas<\/div><div style=\"height: 250px;\"><script async src=\"https:\/\/pagead2.googlesyndication.com\/pagead\/js\/adsbygoogle.js?client=ca-pub-8106111766207173\"\r\n     crossorigin=\"anonymous\"><\/script>\r\n<!-- Display-1 -->\r\n<ins class=\"adsbygoogle\"\r\n     style=\"display:block\"\r\n     data-ad-client=\"ca-pub-8106111766207173\"\r\n     data-ad-slot=\"1465712950\"\r\n     data-ad-format=\"auto\"\r\n     data-full-width-responsive=\"true\"><\/ins>\r\n<script>\r\n     (adsbygoogle = window.adsbygoogle || []).push({});\r\n<\/script><\/div><\/div>","protected":false},"excerpt":{"rendered":"<p>\u0107. Ispod fotografija na kojima razdragano kle\u010di pred televizorom, najsportskija od svih predsjednica napisala je: &#8216;Idemo u Kataaaaar!!! Hvala vam, Vatreni!&#8217;<\/p>\n","protected":false},"author":1,"featured_media":53628,"comment_status":"closed","ping_status":"closed","sticky":false,"template":"","format":"standard","meta":{"footnotes":""},"categories":[84],"tags":[359,1321,1296,1314],"class_list":["post-53626","post","type-post","status-publish","format-standard","has-post-thumbnail","hentry","category-show","tag-kolinda","tag-navijanje","tag-nogomet","tag-vatreni"],"_links":{"self":[{"href":"https:\/\/www.mojevrijeme.hr\/magazin\/wp-json\/wp\/v2\/posts\/53626","targetHints":{"allow":["GET"]}}],"collection":[{"href":"https:\/\/www.mojevrijeme.hr\/magazin\/wp-json\/wp\/v2\/posts"}],"about":[{"href":"https:\/\/www.mojevrijeme.hr\/magazin\/wp-json\/wp\/v2\/types\/post"}],"author":[{"embeddable":true,"href":"https:\/\/www.mojevrijeme.hr\/magazin\/wp-json\/wp\/v2\/users\/1"}],"replies":[{"embeddable":true,"href":"https:\/\/www.mojevrijeme.hr\/magazin\/wp-json\/wp\/v2\/comments?post=53626"}],"version-history":[{"count":0,"href":"https:\/\/www.mojevrijeme.hr\/magazin\/wp-json\/wp\/v2\/posts\/53626\/revisions"}],"wp:featuredmedia":[{"embeddable":true,"href":"https:\/\/www.mojevrijeme.hr\/magazin\/wp-json\/wp\/v2\/media\/53628"}],"wp:attachment":[{"href":"https:\/\/www.mojevrijeme.hr\/magazin\/wp-json\/wp\/v2\/media?parent=53626"}],"wp:term":[{"taxonomy":"category","embeddable":true,"href":"https:\/\/www.mojevrijeme.hr\/magazin\/wp-json\/wp\/v2\/categories?post=53626"},{"taxonomy":"post_tag","embeddable":true,"href":"https:\/\/www.mojevrijeme.hr\/magazin\/wp-json\/wp\/v2\/tags?post=53626"}],"curies":[{"name":"wp","href":"https:\/\/api.w.org\/{rel}","templated":true}]}}