{"id":5364,"date":"2015-09-03T10:10:48","date_gmt":"2015-09-03T08:10:48","guid":{"rendered":"http:\/\/www.mojevrijeme.hr\/magazin\/?p=5364"},"modified":"2015-09-08T10:13:43","modified_gmt":"2015-09-08T08:13:43","slug":"povecanje-neoporezivog-dijela-place-ministre-a-zasto-ne-i-mirovine","status":"publish","type":"post","link":"https:\/\/www.mojevrijeme.hr\/magazin\/2015\/09\/povecanje-neoporezivog-dijela-place-ministre-a-zasto-ne-i-mirovine\/","title":{"rendered":"Pove\u0107anje neoporezivog dijela pla\u0107e? Ministre, a za\u0161to ne i mirovine?"},"content":{"rendered":"<p>Dvije najve\u0107e hrvatske umirovljeni\u010dke udruge, <strong>Matica umirovljenika Hrvatske<\/strong> i <strong>Sindikat umirovljenika Hrvatske<\/strong> pozdravile su\u00a0najave ministra financija <strong>Borisa Lalovca<\/strong> o uvo\u0111enju korekcije osobnog odbitka na pla\u0107e i to za 15 posto, sa 2.600 na 3.000 kn.\u00a0Ipak, pitaju se, za\u0161to se onda ne najavljuje i pove\u0107anje neoporezivog dijela mirovine. U priop\u0107enju nadalje pi\u0161u:<\/p>\n<p>&#8220;Kada ste prije godinu dana vr\u0161ili korekciju osobnog odbitka, tako\u0111er ste u prvim najavama zaboravili umirovljenike i odgovaraju\u0107e povi\u0161enje osobnog odbitka na mirovine, na \u0161to smo Vas podsjetili te je odbitak pove\u0107an sa 3.400 na 3.800 kn. Podsje\u0107amo i ove godine, kako bi izostanak pove\u0107anja neoporezivog dijela mirovine za razmjernih 15 posto, odnosno najmanje sa 3.800 na 4.200 kn, uzrokovao ozbiljne posljedice, iako su mirovine toliko niske da bi se ovom mjerom pogodovalo tek manjem dijelu umirovljenika.<\/p>\n<p>Poznato Vam je kako je prosje\u010dna hrvatska mirovina prema ZOMO spala na 2.234,65 kuna (lipanj 2015.) odnosno samo 39,35 posto udjela u prosje\u010dnoj pla\u0107i, \u0161to je smje\u0161ta na samo dno Eurostatove ljestvice relativne vrijednosti mirovine od 28 \u010dlanica EU. Tendencije su jo\u0161 opasnije, jer oni koji su umirovljeni tijekom 2015. godine imaju prosje\u010dnu mirovinu od samo 2.193 kuna, te je udjel njihove mirovine u prosje\u010dnoj pla\u0107i samo 37,7 posto!<\/p><div id=\"mojev-1180015125\" class=\"mojev-u-tekstu mojev-entity-placement\" style=\"margin-left: auto;margin-right: auto;text-align: center;\"><div class=\"mojev-adlabel\">oglas<\/div><div style=\"height: 250px;\"><script async src=\"https:\/\/pagead2.googlesyndication.com\/pagead\/js\/adsbygoogle.js?client=ca-pub-8106111766207173\"\r\n     crossorigin=\"anonymous\"><\/script>\r\n<!-- Prikazni 1 u tekstu -->\r\n<ins class=\"adsbygoogle\"\r\n     style=\"display:block\"\r\n     data-ad-client=\"ca-pub-8106111766207173\"\r\n     data-ad-slot=\"8535551207\"\r\n     data-ad-format=\"auto\"\r\n     data-full-width-responsive=\"true\"><\/ins>\r\n<script>\r\n     (adsbygoogle = window.adsbygoogle || []).push({});\r\n<\/script><\/div><\/div><br style=\"clear: both; display: block; float: none;\"\/>\n<p>Upozoravamo tako\u0111er da je novi model uskla\u0111ivanja mirovina prakti\u010dki dr\u017eao mirovine zamrznutima ve\u0107 drugu godinu, a niti najnovije tzv. uskla\u0111ivanje se ne mo\u017ee smatrati za\u0161titom od rastu\u0107eg siroma\u0161tva umirovljenika i starijih osoba, po \u010demu smo pri vrhu EU ljestvice.<\/p>\n<p>Po\u0161tovani Ministre, bilo kakvo daljnje smanjivanje udjela prosje\u010dne mirovine u prosje\u010dnoj pla\u0107i uzrokovalo bi poreme\u0107aje u relativnoj vrijednosti mirovine i eklatantno nepo\u0161tovanje Konvencije br. 102 Me\u0111unarodne organizacije rada, \u010dija je RH potpisnica.\u00a0Podsje\u0107amo tako\u0111er kako bi kona\u010dno bilo potrebno realizirati obe\u0107anje iz Plana 21 kojim je predvi\u0111eno ukidanje dodatnog zdravstvenog doprinosa za umirovljenike u iznosu od jedan i tri posto, jer to tako\u0111er predstavlja ozbiljan teret za dio umirovljenika&#8221; stoji u otvorenom pismu kojeg potpisuju Matica umirovljenika hrvatske i Sindikat Umirovljenika Hrvatske.<\/p>\n<div id=\"mojev-1867417963\" class=\"mojev-kraj-teksta mojev-entity-placement\" style=\"margin-bottom: 20px;margin-left: auto;margin-right: auto;text-align: center;\"><div class=\"mojev-adlabel\">oglas<\/div><div style=\"height: 250px;\"><script async src=\"https:\/\/pagead2.googlesyndication.com\/pagead\/js\/adsbygoogle.js?client=ca-pub-8106111766207173\"\r\n     crossorigin=\"anonymous\"><\/script>\r\n<!-- Display-1 -->\r\n<ins class=\"adsbygoogle\"\r\n     style=\"display:block\"\r\n     data-ad-client=\"ca-pub-8106111766207173\"\r\n     data-ad-slot=\"1465712950\"\r\n     data-ad-format=\"auto\"\r\n     data-full-width-responsive=\"true\"><\/ins>\r\n<script>\r\n     (adsbygoogle = window.adsbygoogle || []).push({});\r\n<\/script><\/div><\/div>","protected":false},"excerpt":{"rendered":"<p>Podsje\u0107amo tako\u0111er kako bi kona\u010dno bilo potrebno realizirati obe\u0107anje iz Plana 21 kojim je predvi\u0111eno ukidanje dodatnog zdravstvenog doprinosa za umirovljenike u iznosu od jedan i tri posto, jer to tako\u0111er predstavlja ozbiljan teret za dio umirovljenika.<\/p>\n","protected":false},"author":2,"featured_media":2577,"comment_status":"closed","ping_status":"open","sticky":false,"template":"","format":"standard","meta":{"footnotes":""},"categories":[9],"tags":[583,18,238,167],"class_list":["post-5364","post","type-post","status-publish","format-standard","has-post-thumbnail","hentry","category-vijesti","tag-matica-umirovljenika-hrvatske","tag-mirovine","tag-politika","tag-sindikat-umirovljenika"],"_links":{"self":[{"href":"https:\/\/www.mojevrijeme.hr\/magazin\/wp-json\/wp\/v2\/posts\/5364","targetHints":{"allow":["GET"]}}],"collection":[{"href":"https:\/\/www.mojevrijeme.hr\/magazin\/wp-json\/wp\/v2\/posts"}],"about":[{"href":"https:\/\/www.mojevrijeme.hr\/magazin\/wp-json\/wp\/v2\/types\/post"}],"author":[{"embeddable":true,"href":"https:\/\/www.mojevrijeme.hr\/magazin\/wp-json\/wp\/v2\/users\/2"}],"replies":[{"embeddable":true,"href":"https:\/\/www.mojevrijeme.hr\/magazin\/wp-json\/wp\/v2\/comments?post=5364"}],"version-history":[{"count":0,"href":"https:\/\/www.mojevrijeme.hr\/magazin\/wp-json\/wp\/v2\/posts\/5364\/revisions"}],"wp:featuredmedia":[{"embeddable":true,"href":"https:\/\/www.mojevrijeme.hr\/magazin\/wp-json\/wp\/v2\/media\/2577"}],"wp:attachment":[{"href":"https:\/\/www.mojevrijeme.hr\/magazin\/wp-json\/wp\/v2\/media?parent=5364"}],"wp:term":[{"taxonomy":"category","embeddable":true,"href":"https:\/\/www.mojevrijeme.hr\/magazin\/wp-json\/wp\/v2\/categories?post=5364"},{"taxonomy":"post_tag","embeddable":true,"href":"https:\/\/www.mojevrijeme.hr\/magazin\/wp-json\/wp\/v2\/tags?post=5364"}],"curies":[{"name":"wp","href":"https:\/\/api.w.org\/{rel}","templated":true}]}}