{"id":53672,"date":"2021-11-15T17:20:28","date_gmt":"2021-11-15T16:20:28","guid":{"rendered":"https:\/\/www.mojevrijeme.hr\/magazin\/?p=53672"},"modified":"2021-11-15T17:20:29","modified_gmt":"2021-11-15T16:20:29","slug":"kako-od-sutra-uci-u-postu-ili-knjiznicu-ovo-su-procedure","status":"publish","type":"post","link":"https:\/\/www.mojevrijeme.hr\/magazin\/2021\/11\/kako-od-sutra-uci-u-postu-ili-knjiznicu-ovo-su-procedure\/","title":{"rendered":"Kako od sutra u\u0107i u po\u0161tu ili knji\u017enicu? Ovo su procedure"},"content":{"rendered":"\n<p>Gra\u0111anima koji ne posjeduju COVID potvrde od pono\u0107i \u0107e \u017eivot u Hrvatskoj biti znatno ote\u017ean. Naime, one su uvjet za ulazak, ali i rad, u dr\u017eavnim i institucijama lokalne uprave, ali i u tvrtkama kojima su one osniva\u010di. <\/p>\n\n\n\n<p>&#8220;COVID potvrde, testiranje, pridr\u017eavanje epidemiolo\u0161kih mjera i cijepljenje nije pri\u010da o pojedina\u010dnim pravima i slobodama, ve\u0107 zajedni\u010dki odgovor kako sa\u010duvati zdravlje i \u017eivote gra\u0111ana u novim okolnostima&#8221;, poru\u010dio je ministar zdravstva Vili Bero\u0161 sa sjednice Vlade RH. Premijer Andrej Plenkovi\u0107 pak nagla\u0161ava da COVID potvrde nisu nikakva prisila na cijepljenje ve\u0107 filter i jamstvo po\u0161tovanja onih koji su odgovorni i vode ra\u010duna o vlastitom zdravlju, ali i o zdravlju drugih. No kako \u0107e to izgledati u praksi? <\/p>\n\n\n\n<p>&#8220;U skladu s odlukama Nacionalnog sto\u017eera Civilne za\u0161tite, od utorka, 16. studenog svi korisnici usluga u po\u0161tanskim uredima morat \u0107e predo\u010diti valjanu COVID potvrdu ili jedan od dokaza propisanih\u00a0<strong>odlukom<\/strong>. Prije obavljanja usluge slu\u017ebenici na \u0161alteru zamolit \u0107e korisnike da predo\u010de potvrdu. Iznimno, bez potvrde korisnici mogu preuzeti po\u0161iljke \u010dije bi nepreuzimanje imalo pravne posljedice&#8221;, priop\u0107ila je Hrvatska po\u0161ta.<\/p><div id=\"mojev-2774946176\" class=\"mojev-u-tekstu mojev-entity-placement\" style=\"margin-left: auto;margin-right: auto;text-align: center;\"><div class=\"mojev-adlabel\">oglas<\/div><div style=\"height: 250px;\"><script async src=\"https:\/\/pagead2.googlesyndication.com\/pagead\/js\/adsbygoogle.js?client=ca-pub-8106111766207173\"\r\n     crossorigin=\"anonymous\"><\/script>\r\n<!-- Prikazni 1 u tekstu -->\r\n<ins class=\"adsbygoogle\"\r\n     style=\"display:block\"\r\n     data-ad-client=\"ca-pub-8106111766207173\"\r\n     data-ad-slot=\"8535551207\"\r\n     data-ad-format=\"auto\"\r\n     data-full-width-responsive=\"true\"><\/ins>\r\n<script>\r\n     (adsbygoogle = window.adsbygoogle || []).push({});\r\n<\/script><\/div><\/div><br style=\"clear: both; display: block; float: none;\"\/>\n\n\n\n<p>Ni u Knji\u017enicama grada Zagreba bez COVID potvrde ne\u0107e biti mogu\u0107e dobiti uslugu. &#8220;Knji\u017enice grada Zagreba upu\u0107uju svoje \u010dlanove koji nemaju tra\u017eenu dokumentaciju za ulazak u knji\u017enicu da mogu koristiti <em>online<\/em> usluge rezervacije i provjere statusa gra\u0111e te da umjesto njih, uz \u010dlansku iskaznicu i presliku osobne iskaznice, gra\u0111u mo\u017ee podi\u0107i osoba koja te uvjete ispunjava&#8221;, stoji u obavijesti lanca javnih knji\u017enica u metropoli. <\/p>\n<div id=\"mojev-4084084450\" class=\"mojev-kraj-teksta mojev-entity-placement\" style=\"margin-bottom: 20px;margin-left: auto;margin-right: auto;text-align: center;\"><div class=\"mojev-adlabel\">oglas<\/div><div style=\"height: 250px;\"><script async src=\"https:\/\/pagead2.googlesyndication.com\/pagead\/js\/adsbygoogle.js?client=ca-pub-8106111766207173\"\r\n     crossorigin=\"anonymous\"><\/script>\r\n<!-- Display-1 -->\r\n<ins class=\"adsbygoogle\"\r\n     style=\"display:block\"\r\n     data-ad-client=\"ca-pub-8106111766207173\"\r\n     data-ad-slot=\"1465712950\"\r\n     data-ad-format=\"auto\"\r\n     data-full-width-responsive=\"true\"><\/ins>\r\n<script>\r\n     (adsbygoogle = window.adsbygoogle || []).push({});\r\n<\/script><\/div><\/div>","protected":false},"excerpt":{"rendered":"<p>Iznimno, bez potvrde korisnici mogu preuzeti po\u0161iljke \u010dije bi nepreuzimanje imalo pravne posljedice, priop\u0107ila je Hrvatska po\u0161ta.<\/p>\n","protected":false},"author":1,"featured_media":24272,"comment_status":"closed","ping_status":"closed","sticky":false,"template":"","format":"standard","meta":{"footnotes":""},"categories":[9],"tags":[2860,1260,2952,2046,39],"class_list":["post-53672","post","type-post","status-publish","format-standard","has-post-thumbnail","hentry","category-vijesti","tag-covid-potvrde","tag-hrvatska-posta","tag-knjiznice-grada-zagreba","tag-korona-virus","tag-zagreb"],"_links":{"self":[{"href":"https:\/\/www.mojevrijeme.hr\/magazin\/wp-json\/wp\/v2\/posts\/53672","targetHints":{"allow":["GET"]}}],"collection":[{"href":"https:\/\/www.mojevrijeme.hr\/magazin\/wp-json\/wp\/v2\/posts"}],"about":[{"href":"https:\/\/www.mojevrijeme.hr\/magazin\/wp-json\/wp\/v2\/types\/post"}],"author":[{"embeddable":true,"href":"https:\/\/www.mojevrijeme.hr\/magazin\/wp-json\/wp\/v2\/users\/1"}],"replies":[{"embeddable":true,"href":"https:\/\/www.mojevrijeme.hr\/magazin\/wp-json\/wp\/v2\/comments?post=53672"}],"version-history":[{"count":0,"href":"https:\/\/www.mojevrijeme.hr\/magazin\/wp-json\/wp\/v2\/posts\/53672\/revisions"}],"wp:featuredmedia":[{"embeddable":true,"href":"https:\/\/www.mojevrijeme.hr\/magazin\/wp-json\/wp\/v2\/media\/24272"}],"wp:attachment":[{"href":"https:\/\/www.mojevrijeme.hr\/magazin\/wp-json\/wp\/v2\/media?parent=53672"}],"wp:term":[{"taxonomy":"category","embeddable":true,"href":"https:\/\/www.mojevrijeme.hr\/magazin\/wp-json\/wp\/v2\/categories?post=53672"},{"taxonomy":"post_tag","embeddable":true,"href":"https:\/\/www.mojevrijeme.hr\/magazin\/wp-json\/wp\/v2\/tags?post=53672"}],"curies":[{"name":"wp","href":"https:\/\/api.w.org\/{rel}","templated":true}]}}