{"id":53749,"date":"2021-11-18T15:00:18","date_gmt":"2021-11-18T14:00:18","guid":{"rendered":"https:\/\/www.mojevrijeme.hr\/magazin\/?p=53749"},"modified":"2023-05-14T13:06:27","modified_gmt":"2023-05-14T11:06:27","slug":"sudbina-za-plakati-muz-me-tukao-zavrsila-sam-skupljajuci-boce-i-tesko-oboljela","status":"publish","type":"post","link":"https:\/\/www.mojevrijeme.hr\/magazin\/2021\/11\/sudbina-za-plakati-muz-me-tukao-zavrsila-sam-skupljajuci-boce-i-tesko-oboljela\/","title":{"rendered":"Sudbina za plakati: &#8216;Mu\u017e me tukao, zavr\u0161ila sam skupljaju\u0107i boce i te\u0161ko oboljela&#8217;"},"content":{"rendered":"\n<p>Uvjeti u kojima u zagreba\u010dkom Trnju \u017eivi 83-godi\u0161nja gospo\u0111a <strong>\u0160tefica \u0160erbetar<\/strong>, razgovor o traumi koju je do\u017eivjela sa 16 godina i od koje se nikad nije oporavila, o njezinom pre\u017eivljavanju s malom mirovinom i tri te\u0161ke bolesti s kojima se hrva, potaknuli su me na razmi\u0161ljanje.<\/p>\n\n\n\n<p>Svi oko mene ipak svaki dan mogu i imaju \u0161to skuhati, odje\u0107u nam pere ve\u0161 ma\u0161ina, najnormalnije nam je da su nam zimi topli radijatori. WC imamo u sklopu stana u kojem \u017eivimo, posje\u0107ujemo se, imamo bli\u017enje. Nadam se toplo da je tako i vama. Jer o svemu tome je gospo\u0111a \u0160tefica \u0160erbetar odavno prestala i sanjati i boli spoznaja da joj nema tko pomo\u0107i.<\/p>\n\n\n\n<p>&#8220;Rodila sam se u malom selu nedaleko od Ludbrega i do svoje sam 16. godine stalno radila na zemlji. Samo sam \u010detiri razreda \u0161kole uspjela zavr\u0161iti. Roditelji i bra\u0107a htjeli su da se \u0161to prije udam i bila sam primorana vjen\u010dati se crkveno za \u010dovjeka kojega sam jedva poznavala&#8221;, zapo\u010dinje svoju pri\u010du \u0160tefica.<\/p><div id=\"mojev-1454032878\" class=\"mojev-u-tekstu mojev-entity-placement\" style=\"margin-left: auto;margin-right: auto;text-align: center;\"><div class=\"mojev-adlabel\">oglas<\/div><div style=\"height: 250px;\"><script async src=\"https:\/\/pagead2.googlesyndication.com\/pagead\/js\/adsbygoogle.js?client=ca-pub-8106111766207173\"\r\n     crossorigin=\"anonymous\"><\/script>\r\n<!-- Prikazni 1 u tekstu -->\r\n<ins class=\"adsbygoogle\"\r\n     style=\"display:block\"\r\n     data-ad-client=\"ca-pub-8106111766207173\"\r\n     data-ad-slot=\"8535551207\"\r\n     data-ad-format=\"auto\"\r\n     data-full-width-responsive=\"true\"><\/ins>\r\n<script>\r\n     (adsbygoogle = window.adsbygoogle || []).push({});\r\n<\/script><\/div><\/div><br style=\"clear: both; display: block; float: none;\"\/>\n\n\n\n<h3 class=\"wp-block-heading\">Mu\u017e ju je bjesomu\u010dno tukao<\/h3>\n\n\n\n<p>&#8220;\u010cim sam do\u0161la u tu ku\u0107u, nastao je pakao. \u0160to god bih mu\u017eu, koji je bio sedam godina stariji od mene, rekla, a da mu nije bilo po volji, istukao bi me. \u0160amarao me kasnije i iz \u010distog mira, evo ovako, na obje mi je strane letjela glava. Na sva moja zapomaganja nije se htio odre\u0107i svog nemoralnog dru\u0161tva u kojem se pilo. Bivao je sve agresivniji. Po\u017ealila sam se svekrvi i svekru s kojima smo \u017eivjeli, ona mi je govorila da sam na to pristala i neka sada potrpim, da \u0107e ga pro\u0107i mladena\u010dka ludost i da \u0107e biti bolje kad se jednom smiri. Me\u0111utim, batine su postale okrutne i ja sam nakon dvije godine pobjegla&#8221;, govorila je gospo\u0111a \u0160tefica, te\u0161kim uzdasima prekidaju\u0107i re\u010denice i rije\u010di, i pokazuju\u0107i na ruke koje su se tresle bez prestanka. Zlostavljanje je ostavilo trajne posljedice.<\/p>\n\n\n\n<p>&#8220;Nije bilo lako ute\u0107i&#8221;, nastavila je. &#8220;Nisam imala kamo, ni s \u010dime, osim roditeljima koji su do\u017eivjeli \u0161ok kad su me vidjeli na vratima. K tome, vjera mi nije dopu\u0161tala da pogazim zakletvu &#8216;u dobru i zlu&#8217;, koju sam izrekla pred Bogom. Cijeli sam \u017eivot od tada \u010dinila pokoru za grijeh koji sam napravila napu\u0161taju\u0107i mu\u017ea. S mnogim sam \u017eupnicima razgovarala, tra\u017eila i psiholo\u0161ku pomo\u0107. Objasnili su mi da \u0107e mi Bog oprostiti jer sam se udala nespremna i iz neznanja, ne znaju\u0107i ni\u0161ta o \u017eivotu, a i moje znanje o vjeri je tada bilo nedovoljno. Jedan mi je \u017eupnik tada rekao da i najvjerniji pas napusti gospodara, ako ga ovaj tu\u010de. No, mene je to svejedno proganjalo, a proganja me i danas&#8221;, rekla je.<\/p>\n\n\n\n<figure class=\"wp-block-image size-large\"><img loading=\"lazy\" decoding=\"async\" width=\"740\" height=\"444\" src=\"https:\/\/www.mojevrijeme.hr\/magazin\/wp-content\/uploads\/2021\/11\/stefica-serbetar-740x444.jpg\" alt=\"\" class=\"wp-image-53787\" srcset=\"https:\/\/www.mojevrijeme.hr\/magazin\/wp-content\/uploads\/2021\/11\/stefica-serbetar-740x444.jpg 740w, https:\/\/www.mojevrijeme.hr\/magazin\/wp-content\/uploads\/2021\/11\/stefica-serbetar-636x382.jpg 636w, https:\/\/www.mojevrijeme.hr\/magazin\/wp-content\/uploads\/2021\/11\/stefica-serbetar-768x461.jpg 768w, https:\/\/www.mojevrijeme.hr\/magazin\/wp-content\/uploads\/2021\/11\/stefica-serbetar-1536x922.jpg 1536w, https:\/\/www.mojevrijeme.hr\/magazin\/wp-content\/uploads\/2021\/11\/stefica-serbetar-1500x900.jpg 1500w, https:\/\/www.mojevrijeme.hr\/magazin\/wp-content\/uploads\/2021\/11\/stefica-serbetar-1600x960.jpg 1600w, https:\/\/www.mojevrijeme.hr\/magazin\/wp-content\/uploads\/2021\/11\/stefica-serbetar-590x354.jpg 590w, https:\/\/www.mojevrijeme.hr\/magazin\/wp-content\/uploads\/2021\/11\/stefica-serbetar-400x240.jpg 400w, https:\/\/www.mojevrijeme.hr\/magazin\/wp-content\/uploads\/2021\/11\/stefica-serbetar-1000x600.jpg 1000w, https:\/\/www.mojevrijeme.hr\/magazin\/wp-content\/uploads\/2021\/11\/stefica-serbetar-820x492.jpg 820w, https:\/\/www.mojevrijeme.hr\/magazin\/wp-content\/uploads\/2021\/11\/stefica-serbetar-1080x648.jpg 1080w, https:\/\/www.mojevrijeme.hr\/magazin\/wp-content\/uploads\/2021\/11\/stefica-serbetar.jpg 2000w\" sizes=\"auto, (max-width: 740px) 100vw, 740px\" \/><\/figure>\n\n\n\n<p>Nakon nekoliko mjeseci kod roditelja, preko poznanice \u010dasne sestre prona\u0161la je izlaz \u2013 ona joj je pomogla da se zaposli kao radnica u kuhinji u sjemeni\u0161tu za dje\u010dake na \u0160alati u Zagrebu. Radila je tada za stan i hranu, ali je barem bila slobodna od fizi\u010dkog maltretiranja. &#8220;Kasnije sam prona\u0161la drugi posao u ugostiteljstvu, zavr\u0161ila uz rad osnovnu i srednju \u0161kolu. Uvijek su to bili poslovi u kuhinji, a radila sam sve \u0161to je trebalo, od pripreme hrane preko kuhanja do pranja su\u0111a. Pogledajte mi ruke, ne slu\u017ee me vi\u0161e, stalno su bile u vodi i deterd\u017eentu&#8221;, pokazuje mi.<\/p>\n\n\n\n<h3 class=\"wp-block-heading\">Desetlje\u0107e i pol skupljala boce po kontejnerima<\/h3>\n\n\n\n<p>S promjenom posla morala je iznajmiti i stan pa su joj podstanarstvo i re\u017eije, uz hranu, pojeli gotovo sve \u0161to je zaradila. Posljednji posao na kojem je radila bio je u Hidroelektri, a kad su se rje\u0161avali radnika, ona je bila pre\u0161la pedesetu godinu \u017eivota i ve\u0107 osje\u0107ala da joj se ruke tresu uslijed, kako tvrdi, po\u010detka Parkinsonove bolesti. <\/p>\n\n\n\n<p>&#8220;Nisam vi\u0161e mogla poslu\u017eiti kavu na tacni, sve bih prolila. Tada su me poslali u mirovinu. Tako ve\u0107 30 godina \u017eivim s mizerijom od penzije, a morala sam zbog manjih primanja preseliti i u ovaj skromni stan koji su mi ponudili dobri ljudi uz malu naknadu i ostavili mi ga kad su umrli, neka im Bog plati na onom svijetu. Kasnije kad je bilo ponu\u0111eno sam ga mogla povoljno otkupiti na sebe. Pomagala sam ja dok god sam mogla po ku\u0107ama, u mnogim obiteljima. No, \u010dovjeka s godinama napu\u0161ta fizi\u010dka snaga, ne mo\u017ee se zauvijek tako raditi&#8221;, govori gospo\u0111a \u0160tefica.<\/p>\n\n\n\n<p>A potom je, godinama, ma vi\u0161e od desetlje\u0107a i sve do lani, skupljala boce po kontejnerima. Svaki dan, dan za danom. &#8220;I dobri susjedi bi mi prikupili koju vre\u0107u boca, pa objesili na ogradu svojeg dvori\u0161ta, da si uzmem. To bih sve u torbama nosila na tramvaj, pa u prvi market koji je otkupljivao. Tako sam nekako mogla pre\u017eivjeti, a sada kad to vi\u0161e ne mogu, neka mi Bog pomogne. Od ljetos sam potpuno onemo\u0107ala, noge me ne slu\u017ee, a ni ruke. Vid mi je sve slabiji&#8221;, iskreno je ispri\u010dala gospo\u0111a \u0160tefica, koja je oko izgubila nakon operacije mrene, kad joj je prokrvarilo.<\/p>\n\n\n\n<p>&#8220;\u017div\u010dani slom i stres u mladosti u\u010dinili su da rano pobolijevam i \u010dim bih osjetila napetost, kao i sada dok razgovaram s vama o tome, moje stanje biva jo\u0161 gore, a drhtanje ruku uop\u0107e ne mogu kontrolirati. Potom mi sko\u010di tlak, srce mi je slabo, sve mi titra&#8221;, govori i pokazuje mi pove\u0107u hrpu s lijekovima koje uzima svaki dan. &#8220;Ovime se trujem&#8221;, pro\u0161apta.<\/p>\n\n\n\n<h3 class=\"wp-block-heading\">\u201dZa mene vi\u0161e nije bilo sre\u0107e\u201d<\/h3>\n\n\n\n<p>Poku\u0161avam skrenuti temu na ne\u0161to lijepo i pitam je da li je ipak bilo radosti u njezinu \u017eivotu.<\/p>\n\n\n\n<p>&#8220;Nikad, \u010desto po\u017eelim da i nisam iskusila ovaj \u017eivot. Nikada nisam mogla ostati u niti jednoj vezi s mu\u0161karcem, a imala sam prilike. \u010cak ni \u017eenska prijateljstva nisam mogla zadr\u017eati, prijateljice bi krenule za obiteljskim obavezama, a ja bih ostala ovako, nigdje. Cijeli sam \u017eivot sama, to mi je pokora&#8221;, govori.<\/p>\n\n\n\n<p>&#8220;Gospo\u0111o \u0160tefice, pa vama radi samo jedan grija\u010d na ovoj grijalici, imate li nekog da vam to popravi, \u0161to ako usred zime prestane grijati?&#8221;, upitam je. Strepi i ona, ka\u017ee. Razmi\u0161lja koga pitati. Za novu grijalicu, nema. Ho\u0107e li se ova uop\u0107e mo\u0107i popraviti? Sve to mu\u010di gospo\u0111u \u0160teficu koja grijanje zbog \u0161tednje gasi u 22 sata, pa se probudi sva pothla\u0111ena.<\/p>\n\n\n\n<figure class=\"wp-block-image size-large\"><img loading=\"lazy\" decoding=\"async\" width=\"740\" height=\"444\" src=\"https:\/\/www.mojevrijeme.hr\/magazin\/wp-content\/uploads\/2021\/11\/stefica-serbetar2-740x444.jpg\" alt=\"\" class=\"wp-image-53786\" srcset=\"https:\/\/www.mojevrijeme.hr\/magazin\/wp-content\/uploads\/2021\/11\/stefica-serbetar2-740x444.jpg 740w, https:\/\/www.mojevrijeme.hr\/magazin\/wp-content\/uploads\/2021\/11\/stefica-serbetar2-636x382.jpg 636w, https:\/\/www.mojevrijeme.hr\/magazin\/wp-content\/uploads\/2021\/11\/stefica-serbetar2-768x461.jpg 768w, https:\/\/www.mojevrijeme.hr\/magazin\/wp-content\/uploads\/2021\/11\/stefica-serbetar2-1536x922.jpg 1536w, https:\/\/www.mojevrijeme.hr\/magazin\/wp-content\/uploads\/2021\/11\/stefica-serbetar2-1500x900.jpg 1500w, https:\/\/www.mojevrijeme.hr\/magazin\/wp-content\/uploads\/2021\/11\/stefica-serbetar2-1600x960.jpg 1600w, https:\/\/www.mojevrijeme.hr\/magazin\/wp-content\/uploads\/2021\/11\/stefica-serbetar2-590x354.jpg 590w, https:\/\/www.mojevrijeme.hr\/magazin\/wp-content\/uploads\/2021\/11\/stefica-serbetar2-400x240.jpg 400w, https:\/\/www.mojevrijeme.hr\/magazin\/wp-content\/uploads\/2021\/11\/stefica-serbetar2-1000x600.jpg 1000w, https:\/\/www.mojevrijeme.hr\/magazin\/wp-content\/uploads\/2021\/11\/stefica-serbetar2-820x492.jpg 820w, https:\/\/www.mojevrijeme.hr\/magazin\/wp-content\/uploads\/2021\/11\/stefica-serbetar2-1080x648.jpg 1080w, https:\/\/www.mojevrijeme.hr\/magazin\/wp-content\/uploads\/2021\/11\/stefica-serbetar2.jpg 2000w\" sizes=\"auto, (max-width: 740px) 100vw, 740px\" \/><\/figure>\n\n\n\n<p>&#8220;Ne vidim gdje vam je WC&#8221;, pitam je okrenuv\u0161i se oko sebe. &#8220;Tu, preko zajedni\u010dkog hodnika imam jo\u0161 jednu sobicu. Zimi je zaklju\u010dana, nema grijanja pa \u017eivim samo u ovoj sobi. A tamo, kad iza\u0111em iz ovog hodnika, do\u0111em na hodnik od zgrade, i tamo prema izlazu imam WC. Sve mi je te\u017ee izlaziti van, a sve \u010de\u0161\u0107e imam potrebu. Sva se pothladim, imam te\u0161ku kostobolju. Zamotam se ja, ali je tamo led ledeni. Nemam nikakvog izbora, sretna sam dok mogu sama tamo&#8221;, govori.<\/p>\n\n\n\n<h3 class=\"wp-block-heading\">Mir joj pru\u017ea jedino molitva<\/h3>\n\n\n\n<p>&#8220;\u010citati vi\u0161e ne vidim, ali zato cijele dane slu\u0161am Radio Mariju, i molim. Nedjeljom si uklju\u010dim televizor pa pratim Svetu misu. Prije sam, desetlje\u0107ima, svaki dan bila u crkvi, a nedjelja je za mene bila poseban dan Gospodnji. Sada to vi\u0161e ne mogu i to mi te\u0161ko pada. Evo, cijeli \u017eivot na prstenu nosim krunicu, cijeli sam \u017eivot molila kad god mi se ukazala prilika, \u010desto i u tramvaju. Molitva me odr\u017eala na \u017eivotu&#8221;, rekla je.<\/p>\n\n\n\n<h3 class=\"wp-block-heading\">Prepisala stan i izgubila besplatne obroke<\/h3>\n\n\n\n<p>&#8220;Vi\u0161e ne mogu lo\u017eiti i kuhati, pa iz Doma za starije i nemo\u0107ne Trnje dobivam jedan obrok dnevno. Nije mi svaki dan po volji, ali barem jedem ne\u0161to kuhano. Evo pogledajte \u0161to sam danas dobila: tri \u0161nite kruha, kelj varivo, dvije hrenovke i dvije mandarine. To mi je dosta za cijeli dan&#8221;, pokazuje i nastavlja: &#8220;Ju\u010der je bio grah s kobasicom, bude i koji fa\u0161iranac povremeno\u201d.<\/p>\n\n\n\n<p>&#8220;A gdje vam je ve\u0161 ma\u0161ina&#8221;, pitam je. &#8220;Nigdje, oduvijek sve perem na ruke. Sad si tu na re\u0161ou iskuhavam samo donje rublje, ostalo mi odnese gospo\u0111a kojoj \u0107u ostaviti stan, ona opere pa vrati.&#8221;<\/p>\n\n\n\n<p>Tada nam otkriva da je stan prepisala jednom paru, s gospo\u0111om je u daljnjem rodu. &#8220;Prepisala sam im stan kao skrbnicima, no voljela bih da dio od prodaje stana ipak izdvoje za gradnju Crkve bl. Alojzija Stepinca na Trnju, a ostalo neka uzmu za ovu dvorbu. Oni mi do\u0111u tako do dvaput tjedno, donesu mi ne\u0161to od hrane. No, otkad sam prepisala stan, ra\u010duna mi se da imam skrbnike, pa su mi ukinuli besplatne obroke i sada moram pla\u0107ati 30 kuna po obroku. A taj tro\u0161ak snosim sama. Sustanarka me prijavila, \u0161to da vam ka\u017eem. Cijeli \u017eivot nemam sre\u0107e, ali sada otkako ne izlazim iz stana vi\u0161e, taj obrok je to \u0161to jo\u0161 mogu nekako platiti, i ni\u0161ta vi\u0161e nemam, ni za grijalicu&#8221;, rekla je i prenijela posudicu s hranom na re\u0161o. Njezino jelo se od 9 ujutro, kad je stiglo, ve\u0107 potpuno ohladilo.<\/p>\n\n\n\n<p>Neizmjerno sam zahvalna gospo\u0111i \u0160tefici \u0161to je pristala na ovaj za nju te\u017eak razgovor \u2013 nije bilo lako prisjetiti se te\u0161ke mladosti i jo\u0161 te\u017eeg \u017eivota uz drhtanje udova i visoki tlak koji joj podivlja svaki put kad osjeti stres. Hvala joj, jer se nadam da \u0107e nas sve malo navesti na promi\u0161ljanje o vlastitim \u017eivotima, navesti na zahvalnost na svim blagodatima koje u\u017eivamo. Mo\u017eda osvijestimo da imamo razloga za zadovoljstvo u \u017eivotu i mo\u017eda odmah po\u017eelimo nekoga zagrliti, jer smo dovoljno sretni da imamo koga.<\/p>\n\n\n\n<p class=\"has-text-align-center has-text-color\" style=\"color:#666666;font-size:0.8rem\">Ovaj prilog nastao je uz potporu Fonda za poticanje pluralizma i raznovrsnosti elektroni\u010dkih medija <br>u okviru projekta &#8220;\u017divim, u\u010dim, rastem \u2013 Aktivno starenje, zdravo starenje&#8221;<\/p>\n<div id=\"mojev-719706114\" class=\"mojev-kraj-teksta mojev-entity-placement\" style=\"margin-bottom: 20px;margin-left: auto;margin-right: auto;text-align: center;\"><div class=\"mojev-adlabel\">oglas<\/div><div style=\"height: 250px;\"><script async src=\"https:\/\/pagead2.googlesyndication.com\/pagead\/js\/adsbygoogle.js?client=ca-pub-8106111766207173\"\r\n     crossorigin=\"anonymous\"><\/script>\r\n<!-- Display-1 -->\r\n<ins class=\"adsbygoogle\"\r\n     style=\"display:block\"\r\n     data-ad-client=\"ca-pub-8106111766207173\"\r\n     data-ad-slot=\"1465712950\"\r\n     data-ad-format=\"auto\"\r\n     data-full-width-responsive=\"true\"><\/ins>\r\n<script>\r\n     (adsbygoogle = window.adsbygoogle || []).push({});\r\n<\/script><\/div><\/div>","protected":false},"excerpt":{"rendered":"<p>Saznav\u0161i da je onemo\u0107ala i da ju poznanica nedjeljom vodi na misu dr\u017ee\u0107i je ispod ruke, s 83-godi\u0161njom gospo\u0111om \u0160teficom \u0160erbetar po\u017eeljela sam popri\u010dati o tome je li usamljena, mo\u017ee li si ne\u0161to skuhati, tko joj nosi lijekove. Pokucav\u0161i, u\u0161la sam u sobu od desetak kvadrata, u koju je stao cijeli njezin \u017eivot: u sobi kuhinjica s nakrivljenim vratima ormari\u0107a, glomazni krevet, pomo\u0107ni stoli\u0107, i pe\u0107 na drva koju vi\u0161e nitko ne lo\u017ei pa tu stoji i prijenosni re\u0161o. Gospo\u0111a \u0160tefica sjedila je na krevetu tik uz elektri\u010dnu grijalicu, \u010dekala me s keksima slu\u0161aju\u0107i Radio Mariju, a ja sam, ne prona\u0161av\u0161i stolicu, sjela kraj nje i stavila laptop na koljena. Stislo me u srcu kad sam je pogledala u jedno umjetno i drugo tu\u017eno oko, a knedla mi stoji u grlu i sada, dok pi\u0161em njezinu prete\u0161ku pri\u010du.<\/p>\n","protected":false},"author":15,"featured_media":53785,"comment_status":"closed","ping_status":"closed","sticky":false,"template":"","format":"standard","meta":{"footnotes":""},"categories":[2],"tags":[2575,1450,237,39,941],"class_list":["post-53749","post","type-post","status-publish","format-standard","has-post-thumbnail","hentry","category-mozaik","tag-energetsko-siromastvo","tag-obiteljsko-nasilje","tag-siromastvo","tag-zagreb","tag-zlostavljanje"],"_links":{"self":[{"href":"https:\/\/www.mojevrijeme.hr\/magazin\/wp-json\/wp\/v2\/posts\/53749","targetHints":{"allow":["GET"]}}],"collection":[{"href":"https:\/\/www.mojevrijeme.hr\/magazin\/wp-json\/wp\/v2\/posts"}],"about":[{"href":"https:\/\/www.mojevrijeme.hr\/magazin\/wp-json\/wp\/v2\/types\/post"}],"author":[{"embeddable":true,"href":"https:\/\/www.mojevrijeme.hr\/magazin\/wp-json\/wp\/v2\/users\/15"}],"replies":[{"embeddable":true,"href":"https:\/\/www.mojevrijeme.hr\/magazin\/wp-json\/wp\/v2\/comments?post=53749"}],"version-history":[{"count":0,"href":"https:\/\/www.mojevrijeme.hr\/magazin\/wp-json\/wp\/v2\/posts\/53749\/revisions"}],"wp:featuredmedia":[{"embeddable":true,"href":"https:\/\/www.mojevrijeme.hr\/magazin\/wp-json\/wp\/v2\/media\/53785"}],"wp:attachment":[{"href":"https:\/\/www.mojevrijeme.hr\/magazin\/wp-json\/wp\/v2\/media?parent=53749"}],"wp:term":[{"taxonomy":"category","embeddable":true,"href":"https:\/\/www.mojevrijeme.hr\/magazin\/wp-json\/wp\/v2\/categories?post=53749"},{"taxonomy":"post_tag","embeddable":true,"href":"https:\/\/www.mojevrijeme.hr\/magazin\/wp-json\/wp\/v2\/tags?post=53749"}],"curies":[{"name":"wp","href":"https:\/\/api.w.org\/{rel}","templated":true}]}}