{"id":5384,"date":"2015-09-09T09:06:24","date_gmt":"2015-09-09T07:06:24","guid":{"rendered":"http:\/\/www.mojevrijeme.hr\/magazin\/?p=5384"},"modified":"2019-04-18T14:57:03","modified_gmt":"2019-04-18T12:57:03","slug":"195-milijuna-hsu-pred-izbore-osigurao-bozicnice-za-umirovljenike","status":"publish","type":"post","link":"https:\/\/www.mojevrijeme.hr\/magazin\/2015\/09\/195-milijuna-hsu-pred-izbore-osigurao-bozicnice-za-umirovljenike\/","title":{"rendered":"195 milijuna: HSU pred izbore osigurao bo\u017ei\u0107nice za umirovljenike"},"content":{"rendered":"<p>Hrvatski\u00a0umirovljenici, njih ukupno 1.131.312, koliko ih ima prema zadnjim podacima Hrvatskom zavoda za mirovinsko osiguranje (HZMO), u blagdanskom razdoblju mogu o\u010dekivati bo\u017ei\u0107nicu. Plan je to <strong>Hrvatske stranke umirovljenika<\/strong> (HSU), \u010dlanice vladaju\u0107e Kukuriku koalicije, javio je <strong><a href=\"http:\/\/www.index.hr\/\" target=\"_blank\" rel=\"noopener noreferrer\">Index.hr<\/a><\/strong>\u00a0u tekstu naslovljenom &#8220;Kupovina glasova te\u0161ka 195 milijuna kuna: HSU dijeli bo\u017ei\u0107nice&#8221;.<\/p>\n<p>&#8220;Model se jo\u0161 razra\u0111uje. Mi imamo prijedlog, novac smo na\u0161li, a prema informacijama koje imamo iz Vlade, oni su tra\u017eili od HZMO-a da napravi obra\u010dune pa \u0107emo, kada vidimo detaljnu strukturu umirovljenika, odlu\u010diti o tome kako \u0107e se novac raspodijeliti&#8221;, ka\u017ee u razgovoru za Index glasnogovornik HSU-a <strong>Jurica Gale\u0161i\u0107<\/strong>. Dodao je da \u0107e se bo\u017ei\u0107nice dijeliti\u00a0iz novca koji je preostao u Umirovljeni\u010dkom fondu. Radi se o ukupno 195 milijuna kuna. Plan je HSU-a da umirovljenici koji imaju najmanje mirovine dobiju najvi\u0161u bo\u017ei\u0107nicu, dok \u0107e oni s ve\u0107im mirovinama dobiti simboli\u010dni iznos bo\u017ei\u0107nice.<\/p>\n<div id=\"crveno\">Bo\u017ei\u0107nice umirovljenicima zadnji je dijelio <strong>Ivo Sanader<\/strong> tako\u0111er u predizborno vrijeme. Tada su se penjale do 500 kuna sada vlada razmi\u0161lja o iznosu od <strong>350 do 400<\/strong> kuna za najugro\u017eenije, a manje iznose za boljestoje\u0107e. <em>(RTL)<\/em><\/div>\n<p>Gale\u0161i\u0107 je objasnio i\u00a0da se novac iz Umirovljeni\u010dkog fonda nikako nije penzionerima mogao podijeliti ranije, jer je trebalo \u010dekati da pro\u0111u svi rokovi za \u017ealbe i tu\u017ebe.\u00a0&#8220;Sada taj novac samo stoji u fondu, a ako se ne iskoristi vjerojatno bi zavr\u0161io u prora\u010dunu. Na\u0161e je stajali\u0161te da je bolje da zavr\u0161i u umirovljeni\u010dkim d\u017eepovima&#8221;, ka\u017ee Gale\u0161i\u0107.<\/p><div id=\"mojev-2497242191\" class=\"mojev-u-tekstu mojev-entity-placement\" style=\"margin-left: auto;margin-right: auto;text-align: center;\"><div class=\"mojev-adlabel\">oglas<\/div><div style=\"height: 250px;\"><script async src=\"https:\/\/pagead2.googlesyndication.com\/pagead\/js\/adsbygoogle.js?client=ca-pub-8106111766207173\"\r\n     crossorigin=\"anonymous\"><\/script>\r\n<!-- Prikazni 1 u tekstu -->\r\n<ins class=\"adsbygoogle\"\r\n     style=\"display:block\"\r\n     data-ad-client=\"ca-pub-8106111766207173\"\r\n     data-ad-slot=\"8535551207\"\r\n     data-ad-format=\"auto\"\r\n     data-full-width-responsive=\"true\"><\/ins>\r\n<script>\r\n     (adsbygoogle = window.adsbygoogle || []).push({});\r\n<\/script><\/div><\/div><br style=\"clear: both; display: block; float: none;\"\/>\n<p>Umirovljeni\u010dki je fond, naime, osnovan nakon \u0161to je Ustavni sud 1998. godine odlu\u010dio da umirovljenici imaju pravo na obe\u0161te\u0107enje za razdoblje od 1. rujna 1993. do 31. prosinca 1998. godine, s obzirom da se u tom razdoblju iznosi mirovina nisu uskla\u0111ivali s kretanjem prosje\u010dne pla\u0107e. U slu\u010daju smrti korisnika mirovine, pravo na obe\u0161te\u0107enje pripada njihovim nasljednicima.\u00a0No, i usprkos tome je u Umirovljeni\u010dkom fondu, kojim upravlja HPB invest, ostalo gotovo 200 milijuna kuna koje HSU sada \u017eeli podijeliti umirovljenicima.<\/p>\n<p>Na <strong>Indexovo<\/strong> pitanje\u00a0kako odgovaraju na kritike da se radi o predizbornoj kupovini glasova, Gale\u0161i\u0107 odgovara:\u00a0&#8220;Naravno da je predizborna kampanja u punom jeku i mi smo na\u0161li model kako da umirovljenici dobiju neku kunu vi\u0161e. Tu nema nikakvih problema. Tko god na\u0111e jo\u0161 jednu kunu za umirovljenike, neka im je da i neka se time hvali na sva zvona&#8221;.<\/p>\n<div id=\"mojev-557596862\" class=\"mojev-kraj-teksta mojev-entity-placement\" style=\"margin-bottom: 20px;margin-left: auto;margin-right: auto;text-align: center;\"><div class=\"mojev-adlabel\">oglas<\/div><div style=\"height: 250px;\"><script async src=\"https:\/\/pagead2.googlesyndication.com\/pagead\/js\/adsbygoogle.js?client=ca-pub-8106111766207173\"\r\n     crossorigin=\"anonymous\"><\/script>\r\n<!-- Display-1 -->\r\n<ins class=\"adsbygoogle\"\r\n     style=\"display:block\"\r\n     data-ad-client=\"ca-pub-8106111766207173\"\r\n     data-ad-slot=\"1465712950\"\r\n     data-ad-format=\"auto\"\r\n     data-full-width-responsive=\"true\"><\/ins>\r\n<script>\r\n     (adsbygoogle = window.adsbygoogle || []).push({});\r\n<\/script><\/div><\/div>","protected":false},"excerpt":{"rendered":"<p>&#8216;Naravno da je predizborna kampanja u punom jeku i mi smo na\u0161li model kako da umirovljenici dobiju neku kunu vi\u0161e. Tu nema nikakvih problema. Tko god na\u0111e jo\u0161 jednu kunu za umirovljenike, neka im je da i neka se time hvali na sva zvona.&#8217;<\/p>\n","protected":false},"author":1,"featured_media":5385,"comment_status":"closed","ping_status":"open","sticky":false,"template":"","format":"standard","meta":{"footnotes":""},"categories":[9],"tags":[660,111,17,238],"class_list":["post-5384","post","type-post","status-publish","format-standard","has-post-thumbnail","hentry","category-vijesti","tag-bozicnica","tag-hrvatska-stranka-umirovljenika","tag-novac","tag-politika"],"_links":{"self":[{"href":"https:\/\/www.mojevrijeme.hr\/magazin\/wp-json\/wp\/v2\/posts\/5384","targetHints":{"allow":["GET"]}}],"collection":[{"href":"https:\/\/www.mojevrijeme.hr\/magazin\/wp-json\/wp\/v2\/posts"}],"about":[{"href":"https:\/\/www.mojevrijeme.hr\/magazin\/wp-json\/wp\/v2\/types\/post"}],"author":[{"embeddable":true,"href":"https:\/\/www.mojevrijeme.hr\/magazin\/wp-json\/wp\/v2\/users\/1"}],"replies":[{"embeddable":true,"href":"https:\/\/www.mojevrijeme.hr\/magazin\/wp-json\/wp\/v2\/comments?post=5384"}],"version-history":[{"count":0,"href":"https:\/\/www.mojevrijeme.hr\/magazin\/wp-json\/wp\/v2\/posts\/5384\/revisions"}],"wp:featuredmedia":[{"embeddable":true,"href":"https:\/\/www.mojevrijeme.hr\/magazin\/wp-json\/wp\/v2\/media\/5385"}],"wp:attachment":[{"href":"https:\/\/www.mojevrijeme.hr\/magazin\/wp-json\/wp\/v2\/media?parent=5384"}],"wp:term":[{"taxonomy":"category","embeddable":true,"href":"https:\/\/www.mojevrijeme.hr\/magazin\/wp-json\/wp\/v2\/categories?post=5384"},{"taxonomy":"post_tag","embeddable":true,"href":"https:\/\/www.mojevrijeme.hr\/magazin\/wp-json\/wp\/v2\/tags?post=5384"}],"curies":[{"name":"wp","href":"https:\/\/api.w.org\/{rel}","templated":true}]}}