{"id":53841,"date":"2021-11-20T12:42:06","date_gmt":"2021-11-20T11:42:06","guid":{"rendered":"https:\/\/www.mojevrijeme.hr\/magazin\/?p=53841"},"modified":"2021-11-20T15:12:45","modified_gmt":"2021-11-20T14:12:45","slug":"nestasica-pfizer-samo-za-drugu-i-trecu-dozu-umjesto-njega-moderna","status":"publish","type":"post","link":"https:\/\/www.mojevrijeme.hr\/magazin\/2021\/11\/nestasica-pfizer-samo-za-drugu-i-trecu-dozu-umjesto-njega-moderna\/","title":{"rendered":"Nesta\u0161ica: Pfizer samo za drugu i tre\u0107u dozu, umjesto njega &#8211; Moderna"},"content":{"rendered":"\n<p>Od idu\u0107eg tjedna gra\u0111ani se vi\u0161e ne\u0107e mo\u0107i cijepiti prvom dozom Pfizerovog cjepiva &#8211; objavio je zagreba\u010dki gradski ured za zdravstvo. Preostale doze Pfizera iskoristit \u0107e se za cijepljenje drugom i tre\u0107om odnosno booster dozom. Razlog je, navodno, zastoj u nabavi tog cjepiva, prenosi <a href=\"https:\/\/radio.hrt.hr\/radio-sljeme\/clanak\/nema-vise-pfizera-koristit-ce-se-samo-za-cijepljenje-drugom-i-trecom-dozom\/273627\/\" target=\"_blank\" rel=\"noreferrer noopener\">Radio Sljeme<\/a>.<\/p>\n\n\n\n<p>Tako \u0107e za cijepljenje prvom dozom gra\u0111anima na raspolaganju biti samo Modernino i Janssenovo cjepivo. Primjena svih ostalih doza mogu\u0107a je svim cjepivima (Pfizer, Janssen, Moderna i AstraZeneca).<\/p>\n\n\n\n<p>I idu\u0107i tjedan cijepljenje \u0107e se provoditi na Zagreba\u010dkom velesajmu, na osam punktova Domova zdravlja, u sklopu HZJZ-a u Cimermanovoj i \u0160kole narodnog zdravlja u Rockefellerovoj ulici te u nekim ljekarnama.<\/p><div id=\"mojev-2778331823\" class=\"mojev-u-tekstu mojev-entity-placement\" style=\"margin-left: auto;margin-right: auto;text-align: center;\"><div class=\"mojev-adlabel\">oglas<\/div><div style=\"height: 250px;\"><script async src=\"https:\/\/pagead2.googlesyndication.com\/pagead\/js\/adsbygoogle.js?client=ca-pub-8106111766207173\"\r\n     crossorigin=\"anonymous\"><\/script>\r\n<!-- Prikazni 1 u tekstu -->\r\n<ins class=\"adsbygoogle\"\r\n     style=\"display:block\"\r\n     data-ad-client=\"ca-pub-8106111766207173\"\r\n     data-ad-slot=\"8535551207\"\r\n     data-ad-format=\"auto\"\r\n     data-full-width-responsive=\"true\"><\/ins>\r\n<script>\r\n     (adsbygoogle = window.adsbygoogle || []).push({});\r\n<\/script><\/div><\/div><br style=\"clear: both; display: block; float: none;\"\/>\n\n\n\n<p>&#8220;Do\u0161lo je istovremeno do pove\u0107ane potra\u017enje za cjepivom i smanjenja (i malog ka\u0161njenja) isporuke Pfizerova cjepiva. Ve\u0107 u prvom tjednu prosinca \u0107e ponovno po\u010deti dolaziti velike koli\u010dine Pfizera pa \u0107e biti vi\u0161e nego dovoljno za sve. Imamo dovoljne koli\u010dine Moderna cjepiva koje je istih osobina kao i Pfizerovo, tako da nitko ne\u0107e biti zakinut za cijepljenje, tj. ne\u0107e morati \u010dekati prosinac da se po\u010dne cijepiti&#8221;, objasnio je za&nbsp;<strong><a rel=\"noreferrer noopener\" href=\"https:\/\/net.hr\/danas\/dr-bernard-kaic-za-net-hr-doslo-je-do-smanjenja-isporuke-ali-vec-pocetkom-prosinca-dolaze-velike-kolicine-2132ef46-47aa-11ec-bacd-f29ff5f5664f\" target=\"_blank\">Net.hr<\/a><\/strong>&nbsp;Bernard Kai\u0107, voditelj Slu\u017ebe za epidemiologiju zaraznih bolesti HZJZ.<\/p>\n<div id=\"mojev-3896264449\" class=\"mojev-kraj-teksta mojev-entity-placement\" style=\"margin-bottom: 20px;margin-left: auto;margin-right: auto;text-align: center;\"><div class=\"mojev-adlabel\">oglas<\/div><div style=\"height: 250px;\"><script async src=\"https:\/\/pagead2.googlesyndication.com\/pagead\/js\/adsbygoogle.js?client=ca-pub-8106111766207173\"\r\n     crossorigin=\"anonymous\"><\/script>\r\n<!-- Display-1 -->\r\n<ins class=\"adsbygoogle\"\r\n     style=\"display:block\"\r\n     data-ad-client=\"ca-pub-8106111766207173\"\r\n     data-ad-slot=\"1465712950\"\r\n     data-ad-format=\"auto\"\r\n     data-full-width-responsive=\"true\"><\/ins>\r\n<script>\r\n     (adsbygoogle = window.adsbygoogle || []).push({});\r\n<\/script><\/div><\/div>","protected":false},"excerpt":{"rendered":"<p>Do\u0161lo je istovremeno do pove\u0107ane potra\u017enje za cjepivom i smanjenja (i malog ka\u0161njenja) isporuke Pfizerova cjepiva. No gra\u0111ani zbog toga ne trebaju \u010dekati s cijepljenjem. <\/p>\n","protected":false},"author":1,"featured_media":46449,"comment_status":"closed","ping_status":"closed","sticky":false,"template":"","format":"standard","meta":{"footnotes":""},"categories":[9],"tags":[331,2145,2607],"class_list":["post-53841","post","type-post","status-publish","format-standard","has-post-thumbnail","hentry","category-vijesti","tag-cijepljenje","tag-nestasice","tag-pfizer"],"_links":{"self":[{"href":"https:\/\/www.mojevrijeme.hr\/magazin\/wp-json\/wp\/v2\/posts\/53841","targetHints":{"allow":["GET"]}}],"collection":[{"href":"https:\/\/www.mojevrijeme.hr\/magazin\/wp-json\/wp\/v2\/posts"}],"about":[{"href":"https:\/\/www.mojevrijeme.hr\/magazin\/wp-json\/wp\/v2\/types\/post"}],"author":[{"embeddable":true,"href":"https:\/\/www.mojevrijeme.hr\/magazin\/wp-json\/wp\/v2\/users\/1"}],"replies":[{"embeddable":true,"href":"https:\/\/www.mojevrijeme.hr\/magazin\/wp-json\/wp\/v2\/comments?post=53841"}],"version-history":[{"count":0,"href":"https:\/\/www.mojevrijeme.hr\/magazin\/wp-json\/wp\/v2\/posts\/53841\/revisions"}],"wp:featuredmedia":[{"embeddable":true,"href":"https:\/\/www.mojevrijeme.hr\/magazin\/wp-json\/wp\/v2\/media\/46449"}],"wp:attachment":[{"href":"https:\/\/www.mojevrijeme.hr\/magazin\/wp-json\/wp\/v2\/media?parent=53841"}],"wp:term":[{"taxonomy":"category","embeddable":true,"href":"https:\/\/www.mojevrijeme.hr\/magazin\/wp-json\/wp\/v2\/categories?post=53841"},{"taxonomy":"post_tag","embeddable":true,"href":"https:\/\/www.mojevrijeme.hr\/magazin\/wp-json\/wp\/v2\/tags?post=53841"}],"curies":[{"name":"wp","href":"https:\/\/api.w.org\/{rel}","templated":true}]}}