{"id":53868,"date":"2021-11-22T11:51:39","date_gmt":"2021-11-22T10:51:39","guid":{"rendered":"https:\/\/www.mojevrijeme.hr\/magazin\/?p=53868"},"modified":"2021-11-22T11:51:39","modified_gmt":"2021-11-22T10:51:39","slug":"odbijaju-cjepivo-argumente-ne-zele-cuti-u-mjerama-vide-diktaturu","status":"publish","type":"post","link":"https:\/\/www.mojevrijeme.hr\/magazin\/2021\/11\/odbijaju-cjepivo-argumente-ne-zele-cuti-u-mjerama-vide-diktaturu\/","title":{"rendered":"Odbijaju cjepivo, argumente ne \u017eele \u010duti, u mjerama vide diktaturu"},"content":{"rendered":"\n<p>Istra\u017eivanja pokazuju da su ljudi koji odlu\u010dno odbijaju cijepljenje u Njema\u010dkoj \u010desto slabije obrazovani, ideolo\u0161ki desno orijentirani i nepovjerljivi prema institucijama. Kako ih uvjeriti u nu\u017enost cijepljenja? Pitanje je to koje postavlja <a href=\"https:\/\/www.dw.com\/hr\/ne%C4%87e-cjepivo-ne-vjeruju-sustavu-ne-%C4%8Duju-argumente\/a-59898599\" target=\"_blank\" rel=\"noreferrer noopener\">Deutsche Welle<\/a>.<\/p>\n\n\n\n<p>&#8220;Ima necijepljenih koji su, korak po korak, promijenili stav. Oni sada dolaze, mije\u0161aju se s ljudima koji primaju tre\u0107u dozu. Tihi su, malo govore&#8221;, prenosi berlinski lije\u010dnik <strong>Wolfgang Kreischer<\/strong> koji obavlja cijepljenje u svojoj ordinaciji u Berlinu.<\/p>\n\n\n\n<p>Ka\u017ee, skok broja zara\u017eenih posljednjih tjedana mnoge je upla\u0161io. &#8220;Ali jo\u0161 ima onih koji rezolutno odbijaju cijepljenje&#8221;, dodaje ovaj lije\u010dnik. &#8220;Jedna pacijentica mi je odlaze\u0107i rekla kako \u017eeli da svi ovdje budemo nekako ka\u017enjeni. Toga na\u017ealost ima.&#8221;<\/p><div id=\"mojev-486046167\" class=\"mojev-u-tekstu mojev-entity-placement\" style=\"margin-left: auto;margin-right: auto;text-align: center;\"><div class=\"mojev-adlabel\">oglas<\/div><div style=\"height: 250px;\"><script async src=\"https:\/\/pagead2.googlesyndication.com\/pagead\/js\/adsbygoogle.js?client=ca-pub-8106111766207173\"\r\n     crossorigin=\"anonymous\"><\/script>\r\n<!-- Prikazni 1 u tekstu -->\r\n<ins class=\"adsbygoogle\"\r\n     style=\"display:block\"\r\n     data-ad-client=\"ca-pub-8106111766207173\"\r\n     data-ad-slot=\"8535551207\"\r\n     data-ad-format=\"auto\"\r\n     data-full-width-responsive=\"true\"><\/ins>\r\n<script>\r\n     (adsbygoogle = window.adsbygoogle || []).push({});\r\n<\/script><\/div><\/div><br style=\"clear: both; display: block; float: none;\"\/>\n\n\n\n<p>Tko su ljudi koji na\u010delno odbijaju cjepivo? Ili oni koji iza pandemije i cijepljenja vide tamne sile i &#8220;diktaturu&#8221;?<\/p>\n\n\n\n<p><strong>Heike Kl\u00fcver<\/strong> s Instituta za dru\u0161tvene znanosti berlinskog Sveu\u010dili\u0161ta Humboldt je jo\u0161 u o\u017eujku poku\u0161ala doznati odgovore na ta pitanja. Tada je provela reprezentativnu anketu koja je pokazala da \u0107e se cijepiti dvije tre\u0107ine ljudi \u2013 taj postotak je danas zaista toliki \u2013 te da je 17 posto gra\u0111ana neodlu\u010dno, a 16 posto se protivi cijepljenju.<\/p>\n\n\n\n<p>&#8220;Postoji zna\u010dajna povezanost izme\u0111u razine obrazovanja i stava prema cjepivu. \u0160to ni\u017ee obrazovanje, to \u010de\u0161\u0107e odbijanje. Osim toga, oni koji odbijaju cijepljenje su \u010de\u0161\u0107e glasa\u010di Alternative za Njema\u010dku i zastupaju vi\u0161e desne pozicije&#8221;, pri\u010da Kl\u00fcver za <a href=\"https:\/\/www.dw.com\/hr\/ne%C4%87e-cjepivo-ne-vjeruju-sustavu-ne-%C4%8Duju-argumente\/a-59898599\" target=\"_blank\" rel=\"noreferrer noopener\">DW<\/a>. &#8220;To su i ljudi koji na\u010delno imaju nisko povjerenje u politiku, vlasti, medije i zdravstveni sustav.&#8221;<\/p>\n\n\n\n<h3 class=\"wp-block-heading\">Stav isti, teme se mijenjaju<\/h3>\n\n\n\n<p>U takvim krugovima, posebno jakim na istoku zemlje gdje je Alternativa za Njema\u010dku (AfD) ponegdje bila pobjedni\u010dka stranka na izborima, stvara se sna\u017ean dru\u0161tveni pritisak.<\/p>\n\n\n\n<p>&#8220;Kada saznaju da se netko iz tih krugova cijepio, oni su ogor\u010deni. Cijepljenome se predbacuje da je pokleknuo, popustio&#8221;, ka\u017ee nam <strong>Josef Holnburger<\/strong> iz Centra za monitoring, analize i strategije koji istra\u017euje desni\u010darske pozicije na internetu.<\/p>\n\n\n\n<p>Ovaj znanstvenik ka\u017ee da su desni\u010dari, posebno na istoku Njema\u010dke, iskoristili koronu za svoju stvar. &#8220;A to je paradoksalno, jer upravo su na istoku pokrajine koje su se prethodno odlikovale visokom stopom vakcinacije, recimo protiv malih boginja ili tetanusa.&#8221; To je, smatra se, naslije\u0111e komunisti\u010dkog DDR-a u kojem je postojala tradicija obveznog cijepljenja.<\/p>\n\n\n\n<p>Danas je u pitanju korona, ali sutra to mogu biti druge teme. &#8220;Neki ljudi imaju hermeti\u010dku ideolo\u0161ku sliku svijeta, \u017eive u drugoj realnosti i ne mo\u017ee ih se uvjeriti argumentima. To \u0107emo vidjeti i kod drugih tema, recimo kod mjera za borbu protiv klimatskih promjena&#8221;, predvi\u0111a Holnburger.<\/p>\n\n\n\n<h3 class=\"wp-block-heading\">Kako do neodlu\u010dnih?<\/h3>\n\n\n\n<p>Sude\u0107i po tome, ni aktualne brojke mnoge ne\u0107e uvjeriti. One ka\u017eu da ovih dana pandemija najvi\u0161e divlja upravo tamo gdje je broj cijepljenih manji od njema\u010dkog prosjeka. Veliki broj okruga koji su postali nova \u017eari\u0161ta nalazi se u Saskoj, Tirin\u0161koj i Brandenburgu. U Saskoj se cijepilo tek 58 posto ljudi, \u010dak deset posto manje nego u prosjeku cijele zemlje, i \u010dak dvadeset posto manje nego u pokrajini Bremen.<\/p>\n\n\n\n<p>Sugovornici DW-a sla\u017eu se da politi\u010dari ne trebaju oklijevati kod dono\u0161enja stro\u017eih mjera, jer se boje glasnog prosvjeda protivnika cijepljenja. To vrijedi i za ve\u0107 najavljenu obveznu vakcinaciju za zaposlene u zdravstvu.<\/p>\n\n\n\n<p>&#8220;Moglo bi se re\u0107i da to vodi ja\u010doj polarizaciji&#8221;, ka\u017ee Hajke Kl\u00fcver. &#8220;Ali ne treba zaboraviti da je ve\u0107 ranije povjerenje u institucije me\u0111u tim ljudima bilo vrlo nisko.&#8221;<\/p>\n\n\n\n<p>Umjesto toga, treba se koncentrirati na one neodlu\u010dne. Jer, kako je pokazala studija iz o\u017eujka, oko 13 posto necijepljenih gra\u0111ana bi pristalo na cijepljenje ako bi to obavio njihov lije\u010dnik od povjerenja ili ako bi to zna\u010dilo olak\u0161ice u svakodnevnom \u017eivotu. Na njih se ra\u010duna u narednom razdoblju.<\/p>\n<div id=\"mojev-4162052268\" class=\"mojev-kraj-teksta mojev-entity-placement\" style=\"margin-bottom: 20px;margin-left: auto;margin-right: auto;text-align: center;\"><div class=\"mojev-adlabel\">oglas<\/div><div style=\"height: 250px;\"><script async src=\"https:\/\/pagead2.googlesyndication.com\/pagead\/js\/adsbygoogle.js?client=ca-pub-8106111766207173\"\r\n     crossorigin=\"anonymous\"><\/script>\r\n<!-- Display-1 -->\r\n<ins class=\"adsbygoogle\"\r\n     style=\"display:block\"\r\n     data-ad-client=\"ca-pub-8106111766207173\"\r\n     data-ad-slot=\"1465712950\"\r\n     data-ad-format=\"auto\"\r\n     data-full-width-responsive=\"true\"><\/ins>\r\n<script>\r\n     (adsbygoogle = window.adsbygoogle || []).push({});\r\n<\/script><\/div><\/div>","protected":false},"excerpt":{"rendered":"<p>Postoji zna\u010dajna povezanost izme\u0111u razine obrazovanja i stava prema cjepivu. \u0160to ni\u017ee obrazovanje, to \u010de\u0161\u0107e odbijanje. Osim toga, oni koji odbijaju cijepljenje su \u010de\u0161\u0107e glasa\u010di radikalno desnih opcija.<\/p>\n","protected":false},"author":1,"featured_media":41931,"comment_status":"closed","ping_status":"closed","sticky":false,"template":"","format":"standard","meta":{"footnotes":""},"categories":[9],"tags":[331,982,2046,127,249],"class_list":["post-53868","post","type-post","status-publish","format-standard","has-post-thumbnail","hentry","category-vijesti","tag-cijepljenje","tag-fake-news","tag-korona-virus","tag-njemacka","tag-teorije-urote"],"_links":{"self":[{"href":"https:\/\/www.mojevrijeme.hr\/magazin\/wp-json\/wp\/v2\/posts\/53868","targetHints":{"allow":["GET"]}}],"collection":[{"href":"https:\/\/www.mojevrijeme.hr\/magazin\/wp-json\/wp\/v2\/posts"}],"about":[{"href":"https:\/\/www.mojevrijeme.hr\/magazin\/wp-json\/wp\/v2\/types\/post"}],"author":[{"embeddable":true,"href":"https:\/\/www.mojevrijeme.hr\/magazin\/wp-json\/wp\/v2\/users\/1"}],"replies":[{"embeddable":true,"href":"https:\/\/www.mojevrijeme.hr\/magazin\/wp-json\/wp\/v2\/comments?post=53868"}],"version-history":[{"count":0,"href":"https:\/\/www.mojevrijeme.hr\/magazin\/wp-json\/wp\/v2\/posts\/53868\/revisions"}],"wp:featuredmedia":[{"embeddable":true,"href":"https:\/\/www.mojevrijeme.hr\/magazin\/wp-json\/wp\/v2\/media\/41931"}],"wp:attachment":[{"href":"https:\/\/www.mojevrijeme.hr\/magazin\/wp-json\/wp\/v2\/media?parent=53868"}],"wp:term":[{"taxonomy":"category","embeddable":true,"href":"https:\/\/www.mojevrijeme.hr\/magazin\/wp-json\/wp\/v2\/categories?post=53868"},{"taxonomy":"post_tag","embeddable":true,"href":"https:\/\/www.mojevrijeme.hr\/magazin\/wp-json\/wp\/v2\/tags?post=53868"}],"curies":[{"name":"wp","href":"https:\/\/api.w.org\/{rel}","templated":true}]}}