{"id":53924,"date":"2021-11-23T13:46:01","date_gmt":"2021-11-23T12:46:01","guid":{"rendered":"https:\/\/www.mojevrijeme.hr\/magazin\/?p=53924"},"modified":"2021-11-23T13:49:37","modified_gmt":"2021-11-23T12:49:37","slug":"zasto-se-ne-testiraju-cijepljeni-donosimo-odgovor-za-one-koji-zele-cuti","status":"publish","type":"post","link":"https:\/\/www.mojevrijeme.hr\/magazin\/2021\/11\/zasto-se-ne-testiraju-cijepljeni-donosimo-odgovor-za-one-koji-zele-cuti\/","title":{"rendered":"Za\u0161to se ne testiraju cijepljeni lije\u010dnici? Donosimo odgovor za one koji \u017eele \u010duti"},"content":{"rendered":"\n<p>Ministar zdravstva <strong>Vili Bero\u0161<\/strong> na tiskovnoj konferenciji odgovorio je na niz pitanja koje posljednjih dana postavljaju protivnici cijepljenja i COVID potvrda te je zamolio osobe koje nisu lije\u010dnici, imunolozi i infektolozi da se suzdr\u017ee od davanja svojeg mi\u0161ljenja na poteze struke. Pogotovo ako su politi\u010dki motivirani za to. <\/p>\n\n\n\n<p>&#8220;Ako cijepljeni mogu prenijeti virus, za\u0161to se ne testiraju svi cijepljeni zdravstveni djelatnici&#8221;, jedno je od pitanja koje su opozicijski politi\u010dari s desnice postavili i danas nekoliko puta.<\/p>\n\n\n\n<p><strong>&#8220;Prenose, ali daleko manje<\/strong>. Uz to, u zdravstvenom sustavu <strong>koriste se maske<\/strong>. Na odjelima s imunokompromitiranim pacijentima to su <strong>FFP2 maske<\/strong>. U bolnicama se <strong>pridr\u017eavaju epidemiolo\u0161kih mjera<\/strong>. Postotak zara\u017eenih u bolni\u010dkom sustavu nije tako visok da bi opravdao testiranje svih&#8221;, odgovorio je ministar.<\/p><div id=\"mojev-1678727612\" class=\"mojev-u-tekstu mojev-entity-placement\" style=\"margin-left: auto;margin-right: auto;text-align: center;\"><div class=\"mojev-adlabel\">oglas<\/div><div style=\"height: 250px;\"><script async src=\"https:\/\/pagead2.googlesyndication.com\/pagead\/js\/adsbygoogle.js?client=ca-pub-8106111766207173\"\r\n     crossorigin=\"anonymous\"><\/script>\r\n<!-- Prikazni 1 u tekstu -->\r\n<ins class=\"adsbygoogle\"\r\n     style=\"display:block\"\r\n     data-ad-client=\"ca-pub-8106111766207173\"\r\n     data-ad-slot=\"8535551207\"\r\n     data-ad-format=\"auto\"\r\n     data-full-width-responsive=\"true\"><\/ins>\r\n<script>\r\n     (adsbygoogle = window.adsbygoogle || []).push({});\r\n<\/script><\/div><\/div><br style=\"clear: both; display: block; float: none;\"\/>\n\n\n\n<p>Najavio je i pilot-projekt testiranja svih zdravstvenih djelatnika kako bi se snimila situacija. &#8220;Me\u0111utim, u ovom trenutku broj zara\u017eenih u zdravstvenom sustavu jednostavno nije alarmantan. On je incidentalan.&#8221;<\/p>\n\n\n\n<p>Svima onima koji misli da su zara\u017eeni u bolnici, ako su tre\u0107i i \u010detvrti dan po dolasku postali pozitivni, ministar poru\u010duje: &#8220;Vrijeme inkubacije je od \u010detiri do petnaest dana. Dakle, mogu do\u0107i u bolnicu bez pozitivnog testa, a simptome mogu razviti u nekoliko idu\u0107ih dana po dolasku. Ovo nije odmicanje krivice, ve\u0107 postupamo po tome kako struka ka\u017ee.&#8221; Ministar ka\u017ee da je nekoliko puta konzultirao stru\u010dnjake po tom pitanju te da je rije\u010d o europski prihva\u0107enoj praksi.<\/p>\n<div id=\"mojev-44150163\" class=\"mojev-kraj-teksta mojev-entity-placement\" style=\"margin-bottom: 20px;margin-left: auto;margin-right: auto;text-align: center;\"><div class=\"mojev-adlabel\">oglas<\/div><div style=\"height: 250px;\"><script async src=\"https:\/\/pagead2.googlesyndication.com\/pagead\/js\/adsbygoogle.js?client=ca-pub-8106111766207173\"\r\n     crossorigin=\"anonymous\"><\/script>\r\n<!-- Display-1 -->\r\n<ins class=\"adsbygoogle\"\r\n     style=\"display:block\"\r\n     data-ad-client=\"ca-pub-8106111766207173\"\r\n     data-ad-slot=\"1465712950\"\r\n     data-ad-format=\"auto\"\r\n     data-full-width-responsive=\"true\"><\/ins>\r\n<script>\r\n     (adsbygoogle = window.adsbygoogle || []).push({});\r\n<\/script><\/div><\/div>","protected":false},"excerpt":{"rendered":"<p>Nakon \u0161to je iznio argumente, ministar je kazao da je nekoliko puta konzultirao stru\u010dnjake po tom pitanju te da je rije\u010d o europski prihva\u0107enoj praksi.<\/p>\n","protected":false},"author":1,"featured_media":42992,"comment_status":"closed","ping_status":"closed","sticky":false,"template":"","format":"standard","meta":{"footnotes":""},"categories":[3],"tags":[1166,331,2860,2046,2113],"class_list":["post-53924","post","type-post","status-publish","format-standard","has-post-thumbnail","hentry","category-zdravlje","tag-bolnice","tag-cijepljenje","tag-covid-potvrde","tag-korona-virus","tag-vili-beros"],"_links":{"self":[{"href":"https:\/\/www.mojevrijeme.hr\/magazin\/wp-json\/wp\/v2\/posts\/53924","targetHints":{"allow":["GET"]}}],"collection":[{"href":"https:\/\/www.mojevrijeme.hr\/magazin\/wp-json\/wp\/v2\/posts"}],"about":[{"href":"https:\/\/www.mojevrijeme.hr\/magazin\/wp-json\/wp\/v2\/types\/post"}],"author":[{"embeddable":true,"href":"https:\/\/www.mojevrijeme.hr\/magazin\/wp-json\/wp\/v2\/users\/1"}],"replies":[{"embeddable":true,"href":"https:\/\/www.mojevrijeme.hr\/magazin\/wp-json\/wp\/v2\/comments?post=53924"}],"version-history":[{"count":0,"href":"https:\/\/www.mojevrijeme.hr\/magazin\/wp-json\/wp\/v2\/posts\/53924\/revisions"}],"wp:featuredmedia":[{"embeddable":true,"href":"https:\/\/www.mojevrijeme.hr\/magazin\/wp-json\/wp\/v2\/media\/42992"}],"wp:attachment":[{"href":"https:\/\/www.mojevrijeme.hr\/magazin\/wp-json\/wp\/v2\/media?parent=53924"}],"wp:term":[{"taxonomy":"category","embeddable":true,"href":"https:\/\/www.mojevrijeme.hr\/magazin\/wp-json\/wp\/v2\/categories?post=53924"},{"taxonomy":"post_tag","embeddable":true,"href":"https:\/\/www.mojevrijeme.hr\/magazin\/wp-json\/wp\/v2\/tags?post=53924"}],"curies":[{"name":"wp","href":"https:\/\/api.w.org\/{rel}","templated":true}]}}