{"id":53934,"date":"2021-11-23T20:05:08","date_gmt":"2021-11-23T19:05:08","guid":{"rendered":"https:\/\/www.mojevrijeme.hr\/magazin\/?p=53934"},"modified":"2021-11-23T20:05:08","modified_gmt":"2021-11-23T19:05:08","slug":"sindikat-umirovljenika-vrijeme-je-za-otvaranje-rasprave-o-eutanaziji-u-hrvatskoj","status":"publish","type":"post","link":"https:\/\/www.mojevrijeme.hr\/magazin\/2021\/11\/sindikat-umirovljenika-vrijeme-je-za-otvaranje-rasprave-o-eutanaziji-u-hrvatskoj\/","title":{"rendered":"Sindikat umirovljenika: Vrijeme je za otvaranje rasprave o eutanaziji u Hrvatskoj"},"content":{"rendered":"\n<p>Eutanazija je nedavno legalizirana na Novom Zelandu, a potvrdio ju je i portugalski parlament. Portugal \u0107e se, stupi li zakon na snagu, pridru\u017eiti Nizozemskoj, Luksemburgu, Belgiji, \u0160panjolskoj i Kanadi koja omogu\u0107ava dostojanstven odlazak. No \u0161to je s Hrvatskom u kojoj eutanazija jo\u0161 uvijek u\u017eiva status tabu teme?<\/p>\n\n\n\n<p><strong>Jasna Petrovi\u0107,<\/strong> predsjednica Sindikata umirovljenika Hrvatske za RTL je izjavila da je na Facebook stranici Sindikata oko 60 posto onih koji su se odazvali na anketu izrazilo interes da se eutanazija regulira u Hrvatskoj.<\/p>\n\n\n\n<p>&#8220;Za\u0161to Hrvatska ne bi bila me\u0111u prvim postsocijalisti\u010dkim zemljama koje bi, s obzirom da je udio stanovni\u0161tva starijeg od 65 godina pre\u0161ao 21 posto, otvorila to pitanje?&#8221; pita Petrovi\u0107 i nastavlja: &#8220;U Hrvatskoj treba poku\u0161ati otvoriti javnu raspravu jer populacija bitno stari. Zdravstveni sustav nije u stanju pratiti adekvatno sve bole\u0161tine starenja. Patnja se poja\u010dava pred umiranje, umjesto da jam\u010dimo dostojanstvenu smrt.&#8221;<\/p><div id=\"mojev-3284004871\" class=\"mojev-u-tekstu mojev-entity-placement\" style=\"margin-left: auto;margin-right: auto;text-align: center;\"><div class=\"mojev-adlabel\">oglas<\/div><div style=\"height: 250px;\"><script async src=\"https:\/\/pagead2.googlesyndication.com\/pagead\/js\/adsbygoogle.js?client=ca-pub-8106111766207173\"\r\n     crossorigin=\"anonymous\"><\/script>\r\n<!-- Prikazni 1 u tekstu -->\r\n<ins class=\"adsbygoogle\"\r\n     style=\"display:block\"\r\n     data-ad-client=\"ca-pub-8106111766207173\"\r\n     data-ad-slot=\"8535551207\"\r\n     data-ad-format=\"auto\"\r\n     data-full-width-responsive=\"true\"><\/ins>\r\n<script>\r\n     (adsbygoogle = window.adsbygoogle || []).push({});\r\n<\/script><\/div><\/div><br style=\"clear: both; display: block; float: none;\"\/>\n<div id=\"mojev-1801545734\" class=\"mojev-kraj-teksta mojev-entity-placement\" style=\"margin-bottom: 20px;margin-left: auto;margin-right: auto;text-align: center;\"><div class=\"mojev-adlabel\">oglas<\/div><div style=\"height: 250px;\"><script async src=\"https:\/\/pagead2.googlesyndication.com\/pagead\/js\/adsbygoogle.js?client=ca-pub-8106111766207173\"\r\n     crossorigin=\"anonymous\"><\/script>\r\n<!-- Display-1 -->\r\n<ins class=\"adsbygoogle\"\r\n     style=\"display:block\"\r\n     data-ad-client=\"ca-pub-8106111766207173\"\r\n     data-ad-slot=\"1465712950\"\r\n     data-ad-format=\"auto\"\r\n     data-full-width-responsive=\"true\"><\/ins>\r\n<script>\r\n     (adsbygoogle = window.adsbygoogle || []).push({});\r\n<\/script><\/div><\/div>","protected":false},"excerpt":{"rendered":"<p>U Hrvatskoj treba poku\u0161ati otvoriti javnu raspravu. Jer populacija bitno stari. Zdravstveni sustav nije u stanju pratiti adekvatno sve bole\u0161tine starenja, ka\u017ee \u0161efica Sindikata umirovljenika Hrvatske.<\/p>\n","protected":false},"author":1,"featured_media":30430,"comment_status":"closed","ping_status":"closed","sticky":false,"template":"","format":"standard","meta":{"footnotes":""},"categories":[9],"tags":[326,684,167],"class_list":["post-53934","post","type-post","status-publish","format-standard","has-post-thumbnail","hentry","category-vijesti","tag-eutanazija","tag-jasna-petrovic","tag-sindikat-umirovljenika"],"_links":{"self":[{"href":"https:\/\/www.mojevrijeme.hr\/magazin\/wp-json\/wp\/v2\/posts\/53934","targetHints":{"allow":["GET"]}}],"collection":[{"href":"https:\/\/www.mojevrijeme.hr\/magazin\/wp-json\/wp\/v2\/posts"}],"about":[{"href":"https:\/\/www.mojevrijeme.hr\/magazin\/wp-json\/wp\/v2\/types\/post"}],"author":[{"embeddable":true,"href":"https:\/\/www.mojevrijeme.hr\/magazin\/wp-json\/wp\/v2\/users\/1"}],"replies":[{"embeddable":true,"href":"https:\/\/www.mojevrijeme.hr\/magazin\/wp-json\/wp\/v2\/comments?post=53934"}],"version-history":[{"count":0,"href":"https:\/\/www.mojevrijeme.hr\/magazin\/wp-json\/wp\/v2\/posts\/53934\/revisions"}],"wp:featuredmedia":[{"embeddable":true,"href":"https:\/\/www.mojevrijeme.hr\/magazin\/wp-json\/wp\/v2\/media\/30430"}],"wp:attachment":[{"href":"https:\/\/www.mojevrijeme.hr\/magazin\/wp-json\/wp\/v2\/media?parent=53934"}],"wp:term":[{"taxonomy":"category","embeddable":true,"href":"https:\/\/www.mojevrijeme.hr\/magazin\/wp-json\/wp\/v2\/categories?post=53934"},{"taxonomy":"post_tag","embeddable":true,"href":"https:\/\/www.mojevrijeme.hr\/magazin\/wp-json\/wp\/v2\/tags?post=53934"}],"curies":[{"name":"wp","href":"https:\/\/api.w.org\/{rel}","templated":true}]}}