{"id":53984,"date":"2021-11-24T12:40:51","date_gmt":"2021-11-24T11:40:51","guid":{"rendered":"https:\/\/www.mojevrijeme.hr\/magazin\/?p=53984"},"modified":"2021-11-24T12:41:26","modified_gmt":"2021-11-24T11:41:26","slug":"tko-preda-vozacku-dozvolu-dobije-besplatan-javni-prijevoz","status":"publish","type":"post","link":"https:\/\/www.mojevrijeme.hr\/magazin\/2021\/11\/tko-preda-vozacku-dozvolu-dobije-besplatan-javni-prijevoz\/","title":{"rendered":"Tko preda voza\u010dku dozvolu, dobije besplatan javni prijevoz"},"content":{"rendered":"\n<p>Vlasti u mnogim dr\u017eavama razmi\u0161ljuju kako smanjiti broj stradalih u prometu. Neke tergetiraiju mlade voza\u010de, neke alkohol, pojaseve, mobitele, a neke i starije voza\u010de, pi\u0161e <a href=\"https:\/\/revijahak.hr\/2021\/11\/23\/njemacki-model-za-sterije-vozace-vratite-dozvolu-i-ceka-vas-besplatni-javni-prijevoz\/\" target=\"_blank\" rel=\"noreferrer noopener\">HAK<\/a>.<\/p>\n\n\n\n<p>U nekim dijelovima njema\u010dke pokrajine Baden-W\u00fcrttemberg stariji \u0107e gra\u0111ani uskoro mo\u0107i dobiti besplatnu godi\u0161nju kartu za lokalni javni prijevoz u zamjenu za svoju voza\u010dku dozvolu.<\/p>\n\n\n\n<p>Od 1. prosinca stariji gra\u0111ani mogu se prijaviti za besplatnu godi\u0161nju kartu za lokalni prijevoz. Da bi to u\u010dinili, moraju se dobrovoljno i trajno odre\u0107i voza\u010dke dozvole i vratiti voza\u010dku dozvolu nadle\u017enim tijelima. Drugi uvjet je prebivali\u0161te u regiji. <\/p><div id=\"mojev-3630943460\" class=\"mojev-u-tekstu mojev-entity-placement\" style=\"margin-left: auto;margin-right: auto;text-align: center;\"><div class=\"mojev-adlabel\">oglas<\/div><div style=\"height: 250px;\"><script async src=\"https:\/\/pagead2.googlesyndication.com\/pagead\/js\/adsbygoogle.js?client=ca-pub-8106111766207173\"\r\n     crossorigin=\"anonymous\"><\/script>\r\n<!-- Prikazni 1 u tekstu -->\r\n<ins class=\"adsbygoogle\"\r\n     style=\"display:block\"\r\n     data-ad-client=\"ca-pub-8106111766207173\"\r\n     data-ad-slot=\"8535551207\"\r\n     data-ad-format=\"auto\"\r\n     data-full-width-responsive=\"true\"><\/ins>\r\n<script>\r\n     (adsbygoogle = window.adsbygoogle || []).push({});\r\n<\/script><\/div><\/div><br style=\"clear: both; display: block; float: none;\"\/>\n\n\n\n<p>Za tro\u0161kove koji proizlaze iz ove ponude dr\u017eava Baden-W\u00fcrttemberg pridonijela je do tri milijuna eura.&nbsp;Cilj kampanje je u\u010diniti promet sigurnijim. Vi\u0161e od tre\u0107ine sudionika u prometu koji su imali smrtnu nesre\u0107u imaju 65 ili vi\u0161e godina, a u 68 posto nesre\u0107a za njih su krivi stariji voza\u010di, pi\u0161e <a href=\"https:\/\/revijahak.hr\/2021\/11\/23\/njemacki-model-za-sterije-vozace-vratite-dozvolu-i-ceka-vas-besplatni-javni-prijevoz\/\" target=\"_blank\" rel=\"noreferrer noopener\">HAK<\/a>.<\/p>\n<div id=\"mojev-4176301152\" class=\"mojev-kraj-teksta mojev-entity-placement\" style=\"margin-bottom: 20px;margin-left: auto;margin-right: auto;text-align: center;\"><div class=\"mojev-adlabel\">oglas<\/div><div style=\"height: 250px;\"><script async src=\"https:\/\/pagead2.googlesyndication.com\/pagead\/js\/adsbygoogle.js?client=ca-pub-8106111766207173\"\r\n     crossorigin=\"anonymous\"><\/script>\r\n<!-- Display-1 -->\r\n<ins class=\"adsbygoogle\"\r\n     style=\"display:block\"\r\n     data-ad-client=\"ca-pub-8106111766207173\"\r\n     data-ad-slot=\"1465712950\"\r\n     data-ad-format=\"auto\"\r\n     data-full-width-responsive=\"true\"><\/ins>\r\n<script>\r\n     (adsbygoogle = window.adsbygoogle || []).push({});\r\n<\/script><\/div><\/div>","protected":false},"excerpt":{"rendered":"<p>Za tro\u0161kove koji proizlaze iz ove ponude dr\u017eava Baden-W\u00fcrttemberg pridonijela je do tri milijuna eura.\u00a0Cilj kampanje je u\u010diniti promet sigurnijim. Vi\u0161e od tre\u0107ine sudionika u prometu koji su imali smrtnu nesre\u0107u imaju 65 ili vi\u0161e godina.<\/p>\n","protected":false},"author":1,"featured_media":48399,"comment_status":"closed","ping_status":"closed","sticky":false,"template":"","format":"standard","meta":{"footnotes":""},"categories":[9],"tags":[878,127,566],"class_list":["post-53984","post","type-post","status-publish","format-standard","has-post-thumbnail","hentry","category-vijesti","tag-javni-prijevoz","tag-njemacka","tag-vozacka-dozvola"],"_links":{"self":[{"href":"https:\/\/www.mojevrijeme.hr\/magazin\/wp-json\/wp\/v2\/posts\/53984","targetHints":{"allow":["GET"]}}],"collection":[{"href":"https:\/\/www.mojevrijeme.hr\/magazin\/wp-json\/wp\/v2\/posts"}],"about":[{"href":"https:\/\/www.mojevrijeme.hr\/magazin\/wp-json\/wp\/v2\/types\/post"}],"author":[{"embeddable":true,"href":"https:\/\/www.mojevrijeme.hr\/magazin\/wp-json\/wp\/v2\/users\/1"}],"replies":[{"embeddable":true,"href":"https:\/\/www.mojevrijeme.hr\/magazin\/wp-json\/wp\/v2\/comments?post=53984"}],"version-history":[{"count":0,"href":"https:\/\/www.mojevrijeme.hr\/magazin\/wp-json\/wp\/v2\/posts\/53984\/revisions"}],"wp:featuredmedia":[{"embeddable":true,"href":"https:\/\/www.mojevrijeme.hr\/magazin\/wp-json\/wp\/v2\/media\/48399"}],"wp:attachment":[{"href":"https:\/\/www.mojevrijeme.hr\/magazin\/wp-json\/wp\/v2\/media?parent=53984"}],"wp:term":[{"taxonomy":"category","embeddable":true,"href":"https:\/\/www.mojevrijeme.hr\/magazin\/wp-json\/wp\/v2\/categories?post=53984"},{"taxonomy":"post_tag","embeddable":true,"href":"https:\/\/www.mojevrijeme.hr\/magazin\/wp-json\/wp\/v2\/tags?post=53984"}],"curies":[{"name":"wp","href":"https:\/\/api.w.org\/{rel}","templated":true}]}}