{"id":54169,"date":"2021-11-29T14:56:59","date_gmt":"2021-11-29T13:56:59","guid":{"rendered":"https:\/\/www.mojevrijeme.hr\/magazin\/?p=54169"},"modified":"2021-11-29T14:57:00","modified_gmt":"2021-11-29T13:57:00","slug":"pobjeda-razuma-svicarci-su-se-na-referendumu-odlucili-za-covid-potvrde","status":"publish","type":"post","link":"https:\/\/www.mojevrijeme.hr\/magazin\/2021\/11\/pobjeda-razuma-svicarci-su-se-na-referendumu-odlucili-za-covid-potvrde\/","title":{"rendered":"Pobjeda razuma: \u0160vicarci su se na referendumu odlu\u010dili za COVID potvrde"},"content":{"rendered":"\n<p>\u0160vicarci su rekli &#8220;da&#8221;! Na referendumu je uvjerljiva ve\u0107ina gra\u0111ana izrazila podr\u0161ku zakonu o mjerama protiv korone, i to \u010dak jasnije nego \u0161to se moglo o\u010dekivati s obzirom na ankete. To je &#8220;pobjeda razuma&#8221;, izjavio je s o\u010ditim olak\u0161anjem <strong>Peter Metzinger<\/strong>, prvi \u010dovjek udru\u017eenja gra\u0111ana &#8220;Da-komitet&#8221;, koje se zalagalo za zakon.<\/p>\n\n\n\n<p>&#8220;Uvijek smo zapravo bili uvjereni da je ve\u0107ina gra\u0111ana u \u0160vicarskoj za zdrav razum i za znanstvenu orijentaciju i \u010dinjenice. Ali ipak je na kraju sve moglo ispasti i druga\u010dije i zato smo dali sve od sebe do zadnjeg trenutka. Ali sada se ipak pokazalo da u \u0160vicarskoj prevladava razum&#8221;, rekao je Metzinger u izjavi za \u0161vicarsku televiziju SRF.<\/p>\n\n\n\n<h3 class=\"wp-block-heading\">Protivnici najavili nastavak borbe<\/h3>\n\n\n\n<p>62 posto gra\u0111ana \u0160vicarske je glasalo za zakon o mjerama za suzbijanje pandemije. On je, me\u0111u ostalim, i osnova za uvo\u0111enje tzv. 3G certifikata, odnosno potvrde da je osoba cijepljenja, preboljela koronu ili ima va\u017ee\u0107i negativan test. Ta potvrda, koja se u \u0160vicarskoj mora imati ako se \u017eeli i\u0107i u javne ustanove ili u restorane, bila je posebno sporna, javlja <a href=\"https:\/\/www.dw.com\/hr\/%C5%A1vicarski-referendum-o-koroni-pobjeda-razuma\/a-59966107\" target=\"_blank\" rel=\"noreferrer noopener\">DW<\/a>.<\/p><div id=\"mojev-277160928\" class=\"mojev-u-tekstu mojev-entity-placement\" style=\"margin-left: auto;margin-right: auto;text-align: center;\"><div class=\"mojev-adlabel\">oglas<\/div><div style=\"height: 250px;\"><script async src=\"https:\/\/pagead2.googlesyndication.com\/pagead\/js\/adsbygoogle.js?client=ca-pub-8106111766207173\"\r\n     crossorigin=\"anonymous\"><\/script>\r\n<!-- Prikazni 1 u tekstu -->\r\n<ins class=\"adsbygoogle\"\r\n     style=\"display:block\"\r\n     data-ad-client=\"ca-pub-8106111766207173\"\r\n     data-ad-slot=\"8535551207\"\r\n     data-ad-format=\"auto\"\r\n     data-full-width-responsive=\"true\"><\/ins>\r\n<script>\r\n     (adsbygoogle = window.adsbygoogle || []).push({});\r\n<\/script><\/div><\/div><br style=\"clear: both; display: block; float: none;\"\/>\n\n\n\n<p>Dok su protivnici zakona tvrdili da se time ograni\u010davaju slobode i prava ljudi, te da se uvo\u0111enjem certifikata samo produbljuje podjela u zemlji, Vlada je argumentirala da su certifikati jedini na\u010din za spre\u010davanje otkazivanja velikih priredbi i ponovo uvo\u0111enje<em> lockdowna<\/em>.<\/p>\n\n\n\n<p>Proteklih tjedana bilo je glasnih, a ponekad i nasilnih prosvjeda protivnika mjera i antivaksera protiv tog certifikata. Oni su imali podr\u0161ku desni\u010darske \u0160vicarske narodne stranke SVP i utjecajnih donatora, \u0161to je dovelo do toga da &#8220;Ne-komitet&#8221; dominira u javnim raspravama, a ulice su bile oblijepljene njihovim plakatima.<\/p>\n\n\n\n<p>No protivnici zakona su unato\u010d tome pretrpjeli ozbiljan poraz. Vrlo nerado je to priznao i <strong>Josef Ender<\/strong>, suosniva\u010d &#8220;Akcijskog saveza izvornih kantona&#8221;, udru\u017eenja koje se o\u0161tro protivi vladinim mjerama protiv korone. No Ender je ve\u0107 najavio da \u0107e se oni nastaviti boriti protiv zakona.<\/p>\n\n\n\n<h3 class=\"wp-block-heading\">Relativno mali broj cijepljenih u \u0160vicarskoj<\/h3>\n\n\n\n<p>To je objavila i <strong>Martina Bircher<\/strong>, jedna od zastupnica SVP-a u \u0161vicarskom parlamentu. Ova desna stranka je bila jedina velika politi\u010dka snaga koja je na referendumu pozvala na odbacivanje zakona o mjerama. &#8220;Mi u SVP-u \u0107emo vrlo jasno pokazati Vladi granicu do koje mo\u017ee i\u0107i u primjeni certifikata&#8221;, rekla je Bircher. To prije svega zna\u010di da ne bi smjelo biti daljnjeg poo\u0161travanja u pravcu 2G regulative &#8211; dakle da se ulazak u odre\u0111ene ustanove ili restorane dozvoli samo cijepljenima i onima koji su preboljeli zarazu.<\/p>\n\n\n\n<p>Sli\u010dno kao u Njema\u010dkoj, u posljednjih nekoliko tjedana se i u \u0160vicarskoj znatno pove\u0107ao broj novozara\u017eenih. Stopa procijepljenosti u zemlji je relativno niska i iznosi oko 65 posto stanovni\u0161tva. Unato\u010d alarmantnim zahtjevima znanstvenika, \u0161vicarska vlada se do sada suzdr\u017eavala od poo\u0161travanja mjera protiv pandemije na razini cijele zemlje. To se sada mo\u017ee promijeniti &#8211; nakon jasnog izja\u0161njavanja \u0160vicaraca.<\/p>\n<div id=\"mojev-105841001\" class=\"mojev-kraj-teksta mojev-entity-placement\" style=\"margin-bottom: 20px;margin-left: auto;margin-right: auto;text-align: center;\"><div class=\"mojev-adlabel\">oglas<\/div><div style=\"height: 250px;\"><script async src=\"https:\/\/pagead2.googlesyndication.com\/pagead\/js\/adsbygoogle.js?client=ca-pub-8106111766207173\"\r\n     crossorigin=\"anonymous\"><\/script>\r\n<!-- Display-1 -->\r\n<ins class=\"adsbygoogle\"\r\n     style=\"display:block\"\r\n     data-ad-client=\"ca-pub-8106111766207173\"\r\n     data-ad-slot=\"1465712950\"\r\n     data-ad-format=\"auto\"\r\n     data-full-width-responsive=\"true\"><\/ins>\r\n<script>\r\n     (adsbygoogle = window.adsbygoogle || []).push({});\r\n<\/script><\/div><\/div>","protected":false},"excerpt":{"rendered":"<p>Usred novog vala korone velika ve\u0107ina \u0160vicaraca podr\u017eala je zakon o mjerama za suzbijanje pandemije kojim se omogu\u0107uje uvo\u0111enje 3G certifikata za odlazak u javne ustanove i restorane, pi\u0161e Deutsche Welle.<\/p>\n","protected":false},"author":1,"featured_media":54171,"comment_status":"closed","ping_status":"closed","sticky":false,"template":"","format":"standard","meta":{"footnotes":""},"categories":[9],"tags":[2860,2046,166,1581],"class_list":["post-54169","post","type-post","status-publish","format-standard","has-post-thumbnail","hentry","category-vijesti","tag-covid-potvrde","tag-korona-virus","tag-referendum","tag-svicarska"],"_links":{"self":[{"href":"https:\/\/www.mojevrijeme.hr\/magazin\/wp-json\/wp\/v2\/posts\/54169","targetHints":{"allow":["GET"]}}],"collection":[{"href":"https:\/\/www.mojevrijeme.hr\/magazin\/wp-json\/wp\/v2\/posts"}],"about":[{"href":"https:\/\/www.mojevrijeme.hr\/magazin\/wp-json\/wp\/v2\/types\/post"}],"author":[{"embeddable":true,"href":"https:\/\/www.mojevrijeme.hr\/magazin\/wp-json\/wp\/v2\/users\/1"}],"replies":[{"embeddable":true,"href":"https:\/\/www.mojevrijeme.hr\/magazin\/wp-json\/wp\/v2\/comments?post=54169"}],"version-history":[{"count":0,"href":"https:\/\/www.mojevrijeme.hr\/magazin\/wp-json\/wp\/v2\/posts\/54169\/revisions"}],"wp:featuredmedia":[{"embeddable":true,"href":"https:\/\/www.mojevrijeme.hr\/magazin\/wp-json\/wp\/v2\/media\/54171"}],"wp:attachment":[{"href":"https:\/\/www.mojevrijeme.hr\/magazin\/wp-json\/wp\/v2\/media?parent=54169"}],"wp:term":[{"taxonomy":"category","embeddable":true,"href":"https:\/\/www.mojevrijeme.hr\/magazin\/wp-json\/wp\/v2\/categories?post=54169"},{"taxonomy":"post_tag","embeddable":true,"href":"https:\/\/www.mojevrijeme.hr\/magazin\/wp-json\/wp\/v2\/tags?post=54169"}],"curies":[{"name":"wp","href":"https:\/\/api.w.org\/{rel}","templated":true}]}}