{"id":54443,"date":"2021-12-06T10:57:40","date_gmt":"2021-12-06T09:57:40","guid":{"rendered":"https:\/\/www.mojevrijeme.hr\/magazin\/?p=54443"},"modified":"2021-12-06T11:11:37","modified_gmt":"2021-12-06T10:11:37","slug":"veteran-novinarstva-ante-gavranovic-o-siromastvu-umirovljenika-doista-sramotno","status":"publish","type":"post","link":"https:\/\/www.mojevrijeme.hr\/magazin\/2021\/12\/veteran-novinarstva-ante-gavranovic-o-siromastvu-umirovljenika-doista-sramotno\/","title":{"rendered":"Veteran novinarstva Ante Gavranovi\u0107 o siroma\u0161tvu umirovljenika: &#8216;Doista sramotno!&#8217;"},"content":{"rendered":"\n<p>&#8220;U slu\u017ebenoj sam mirovini od 31. kolovoza 1991. Oti\u0161ao sam u prijevremenu mirovinu Iz nekih osobnih razloga, a upravo u to vrijeme obavljao sam i du\u017enost predsjednika Hrvatskog novinarskog dru\u0161tva, \u0161to je iziskivalo dosta vremena i tra\u017eilo pove\u0107an osobni anga\u017eman. Ipak, nastojao sam svo vrijeme odr\u017eavati novinarski status&#8221;, govori mi <strong>Ante Gavranovi\u0107<\/strong> na po\u010detku razgovora.<\/p>\n\n\n\n<p>U razdoblju od 2005. do 2015. ovaj je prekaljeni novinar izdao pet knjiga \u2013 u njima se, o\u010dekivano, najvi\u0161e bavio medijima i medijskom politikom. Predavao je na novinarskoj \u0161koli Nacionala, a povremeno i na Fakultetu politi\u010dkih znanosti &#8211; smjer novinarstvo. Na Sveu\u010dili\u0161tu Libertas ustanovio je kolegij &#8220;Mediji i turizam&#8221; te je bio i predava\u010d. U dva je navrata obavljao du\u017enost predsjednika Nacionalnog vije\u0107a za umirovljenike i starije osobe.<\/p>\n\n\n\n<h3 class=\"wp-block-heading\">Novinarstvo kao cjelo\u017eivotna vokacija<\/h3>\n\n\n\n<p>&#8220;Novinarstvo je i danas moja glavna zanimacija \u2013 urednik sam \u010dasopisa Perspektive, izvr\u0161ni urednik \u010dasopisa &#8216;Svijet po mjeri&#8217;. Imam redovite kolumne u portalima &#8216;Hia&#8217;, &#8216;Epoha&#8217; i &#8216;Turizmoteka&#8217; te sam \u010dlan uredni\u0161tva i kolumnist \u010dasopisa &#8216;Suvremena trgovina&#8217;. Isto tako, redoviti sam uvodni\u010dar u &#8216;Hrvatskom umirovljeni\u010dkom listu'&#8221;, nabraja moj sugovornik svoje brojne aktualne anga\u017emane.<\/p><div id=\"mojev-3524174826\" class=\"mojev-u-tekstu mojev-entity-placement\" style=\"margin-left: auto;margin-right: auto;text-align: center;\"><div class=\"mojev-adlabel\">oglas<\/div><div style=\"height: 250px;\"><script async src=\"https:\/\/pagead2.googlesyndication.com\/pagead\/js\/adsbygoogle.js?client=ca-pub-8106111766207173\"\r\n     crossorigin=\"anonymous\"><\/script>\r\n<!-- Prikazni 1 u tekstu -->\r\n<ins class=\"adsbygoogle\"\r\n     style=\"display:block\"\r\n     data-ad-client=\"ca-pub-8106111766207173\"\r\n     data-ad-slot=\"8535551207\"\r\n     data-ad-format=\"auto\"\r\n     data-full-width-responsive=\"true\"><\/ins>\r\n<script>\r\n     (adsbygoogle = window.adsbygoogle || []).push({});\r\n<\/script><\/div><\/div><br style=\"clear: both; display: block; float: none;\"\/>\n\n\n\n<p>Dodaje kako je odmah nakon umirovljenja prihvatio zamolbu tada\u0161njeg rukovodstva Kon\u010dara da im pomogne u konstituiranju novog po\u010detka djelovanja, pa je tako u studenom 1991. imenovan \u010dlanom Uprave toga koncerna i na toj je du\u017enosti ostao do kraja 1995. &#8220;Dvije sam godine bio savjetnik predsjednika Uprave, a od 1. sije\u010dnja 1997.&nbsp; glavni urednik tvorni\u010dkog lista &#8216;Kon\u010darevac&#8217;. Do\u0161ao sam na tri mjeseca, a ostao punu 21 godinu, sve do sredine 2012. godine.&#8221;<\/p>\n\n\n\n<h3 class=\"wp-block-heading\">Mirovina kao nastavak radnog vijeka<\/h3>\n\n\n\n<p>Iz svega navedenog dalo bi se zaklju\u010diti da mu formalno umirovljenje u \u017eivot nije donijelo ozbiljnije promjene. Kako sam ka\u017ee, prona\u0161ao je na\u010din i smisao \u017eivota u tom, novom vremenu. &#8220;Ve\u0107 sam si unaprijed zadao neke pravce kretanja pa mi je bilo jednostavnije prevladati prijelaz iz jednog u drugi status&#8221;, poja\u0161njava Ante Gavranovi\u0107.<\/p>\n\n\n\n<p>Njegov je dnevni ritam ustaljen \u2013 svakoga dana dobar dio vremena provodi za ra\u010dunalom \u2013 pi\u0161e \u010dlanke ili se priprema za pisanje. Osim toga, puno \u010dita \u2013 bira laganiju literaturu poput krimi\u0107a, trilera i \u0161pijunskih romana. Stru\u010dne knjige su sve manje zastupljene, ali zato i dalje prati zbivanja u svijetu, posebno ona gospodarska. Redovito prati i tri najve\u0107a doma\u0107a dnevna lista te nekoliko tjednika i mjese\u010dnika.<\/p>\n\n\n\n<h3 class=\"wp-block-heading\">Instant-novinarstvo<\/h3>\n\n\n\n<p>S nostalgijom se prisje\u0107a nekih pro\u0161lih, boljih vremena, kada je novinarstvo bilo visoko na listi po\u017eeljnih pa i elitnih zanimanja.<\/p>\n\n\n\n<p>&#8220;Danas ono to vi\u0161e nije. Te\u0161ko mi je ocjenjivati sada\u0161nju medijsku scenu. Promijenila su se vremena &#8211; danas je odlu\u010duju\u0107i \u010dimbenik vrijeme i sve je podre\u0111eno tome pa otud i mnogo neprovjerenih vijesti, <em>fake newsa<\/em>, dosta nereda i povr\u0161nosti, a osje\u0107a se i pomanjkanje op\u0107eg znanja kod mla\u0111ih kolega&#8221;, analizira ovaj iskusni medijski profesionalac.<\/p>\n\n\n\n<p>Dodaje kako je vidljivo da u radu s mladim novinarima nedostaju mentori i redaktori, koji su nekada bili strah i trepet i od kojih je njegova generacija najvi\u0161e nau\u010dila. &nbsp;<\/p>\n\n\n\n<p>&#8220;Nekad smo morali doista dugo \u010dekati da nam se ime pojavi u novinama ili da novinar na TV-u pro\u010dita svoj vlastiti tekst. Danas se nova lica odmah pojavljuju na ekranima, dozvoljava im se pisanje komentara, \u010dak i kolumni. To nije dobar put za odgajanje novih novinarskih kadrova&#8221;, smatra Gavranovi\u0107.<\/p>\n\n\n\n<p>Podsje\u0107a kako se novinarska profesija svojedobno gradila oko \u010detiri temeljna elementa: odgovornosti, vjerodostojnosti, eti\u010dnosti i profesionalnosti. &#8220;Bojim se da te vrijednosti danas vi\u0161e nisu ni na realnoj ljestvici dru\u0161tvenih vrijednosti. Mladim kolegicama i kolegama poru\u010dio bih da vi\u0161e vremena posvete svome obrazovanju, izgradnji vlastitih stavova i \u010dvrstom vjerovanju da obavljaju neobi\u010dno va\u017ean i koristan dru\u0161tveni posao. Njihovo najsna\u017enije oru\u017eje je vlastito ime koje treba izgraditi. Najve\u0107e priznanje novinaru je kad mu publika vjeruje.&#8221;<\/p>\n\n\n\n<h3 class=\"wp-block-heading\">Kako do boljeg statusa umirovljenika?<\/h3>\n\n\n\n<p>Ante Gavranovi\u0107 u dva je navrata bio predsjednik Nacionalnog vije\u0107a za umirovljenike i starije&nbsp;osobe. Pitam ga kako danas ocjenjuje rad toga tijela i koliko je kroz njega realno mogu\u0107e promijeniti status umirovljenika.<\/p>\n\n\n\n<p>&#8220;Osobno smatram da je osnivanje Nacionalnog vije\u0107a bilo korisno. To je tijelo gdje se sva otvorena pitanja mogu staviti na dnevni red, o njima argumentirano raspravljati i, barem donekle, utjecati na kona\u010dna rje\u0161enja. Pritom ipak treba biti realan: Nacionalno vije\u0107e je savjetodavni, a ne izvr\u0161ni organ Vlade i, kao takav, ne mo\u017ee donositi odluke, ve\u0107 samo preporuke. Tu vjerojatno nastaje kratki spoj sa \u010dlanstvom koje od tog tijela ima ve\u0107a o\u010dekivanja&#8221;, ka\u017ee Gavranovi\u0107.<\/p>\n\n\n\n<p>Ipak, dodaje, kada se osvrnemo na dosada\u0161nji rad Nacionalnog vije\u0107a, vidljivi su ozbiljni pomaci u promjeni statusa umirovljenika. &#8220;Najnoviji zahtjevi oko promjene formule uskla\u0111ivanja mirovina, zatim novog modela obiteljske mirovine i sli\u010dni nailaze sve vi\u0161e na pravi odjek. Ono \u0161to ponekad frustrira je priprema novih zakonskih rje\u0161enja. Njih pripremaju nadle\u017ene slu\u017ebe, a utjecaj umirovljeni\u010dkih udruga je gotovo neznatan. Amandmani se u pravilu ne prihva\u0107aju. Birokracija tu ima posljednju rije\u010d, i to \u010desto nije u skladu s interesima umirovljenika&#8221;, zaklju\u010duje na\u0161 sugovornik.<\/p>\n\n\n\n<h3 class=\"wp-block-heading\">\u0160to s II. stupom?<\/h3>\n\n\n\n<p>Umirovljenje se u javnosti \u010desto percipira kao siguran put u siroma\u0161tvo. Naime, vi\u0161e od pola milijuna hrvatskih umirovljenika prima mirovinu ni\u017eu od&nbsp;linije siroma\u0161tva za samca. Od ekonomskih analiti\u010dara \u010desto mo\u017eemo \u010duti da&nbsp;je to posljedica niskih uplata i kratkog boravka na tr\u017ei\u0161tu rada. S time se donekle sla\u017ee i Ante Gavranovi\u0107<\/p>\n\n\n\n<p>&#8220;Sada\u0161njih 37 posto prosje\u010dne mirovine u odnosu na prosje\u010dnu pla\u0107u stavlja nas na samo dno Europske unije. Ekonomisti su u pravu kad govore o prekratkom prosje\u010dnom boravku na tr\u017ei\u0161tu rada. Me\u0111utim, sad je taj boravak osjetno du\u017ei, a mirovine su manje. To zna\u010di da u samom mirovinskom sustavu stvari nisu dobro poslo\u017eene i da bi reforma sustava trebala dati nove odgovore. U praksi se mije\u0161aju pojmovi uskla\u0111ivanja i pove\u0107anja mirovina pa vjerojatno u tom okviru treba tra\u017eiti neka nova rje\u0161enja.&#8221;<\/p>\n\n\n\n<figure class=\"wp-block-image size-large\"><img loading=\"lazy\" decoding=\"async\" width=\"740\" height=\"493\" src=\"https:\/\/www.mojevrijeme.hr\/magazin\/wp-content\/uploads\/2018\/10\/mirovina-je-crkavica-740x493.jpg\" alt=\"\" class=\"wp-image-18594\" srcset=\"https:\/\/www.mojevrijeme.hr\/magazin\/wp-content\/uploads\/2018\/10\/mirovina-je-crkavica-740x493.jpg 740w, https:\/\/www.mojevrijeme.hr\/magazin\/wp-content\/uploads\/2018\/10\/mirovina-je-crkavica-636x424.jpg 636w, https:\/\/www.mojevrijeme.hr\/magazin\/wp-content\/uploads\/2018\/10\/mirovina-je-crkavica-768x511.jpg 768w, https:\/\/www.mojevrijeme.hr\/magazin\/wp-content\/uploads\/2018\/10\/mirovina-je-crkavica.jpg 1000w\" sizes=\"auto, (max-width: 740px) 100vw, 740px\" \/><figcaption>foto: Sandro Bura<\/figcaption><\/figure>\n\n\n\n<p>&#8220;Prosje\u010dna ispla\u0107ena mirovina svih oko 1,14 milijuna umirovljenih prema op\u0107im propisima pro\u0161loga mjeseca iznosila je&nbsp;<strong>2.645 kuna<\/strong>. \u017dalosna je \u010dinjenica da \u010dak 560 tisu\u0107a korisnika dobiva manje od prosje\u010dne mirovine, kao i linije siroma\u0161tva. Rije\u010d je o gotovo 60 posto hrvatskih umirovljenika. Doista sramotno!&#8221;<\/p>\n\n\n\n<p>Pitam ga i kakav je njegov stav oko drugog mirovinskog&nbsp;stupa? \u0160to treba u\u010diniti s njim? &#8220;Oko drugog mirovinskog stupa vode se stalni prijepori. Dok Vlada zastupa mi\u0161ljenje da je to stup svojevrsne sigurnosti, Matica hrvatskih umirovljenika i Sindikat tra\u017ee da se on ukine. Nesporazum je nastao ve\u0107 pri samom osnivanju drugog stupa. Bilo je predvi\u0111eno da \u0107e se svake godine postotak doprinosa pove\u0107avati, ali do toga nikad nije do\u0161lo. Prema svemu sude\u0107i, ni ne\u0107e. Eventualne blagodati toga mo\u017eda \u0107e osjetiti umirovljenici koji \u0107e u mirovinu odlaziti za desetak i vi\u0161e godina. Sada\u0161nji od njega nemaju koristi&#8221;, uvjeren je Gavranovi\u0107.<\/p>\n\n\n\n<p>Iako za sebe ka\u017ee da pripada u skupinu umirovljenika koji imaju relativno visoku mirovinu te smatra kako bi bilo nekorektno \u017ealiti se, na\u0161 je sugovornik stopostotni invalid koji \u017eivi sam te ima potrebu za stalnom njegom i pa\u017enjom. &#8220;Sve \u010de\u0161\u0107e odlazim doktorima u privatnoj praksi, a i odre\u0111ene lijekove moram dopla\u0107ivati. Bez dodatnih prihoda i neke u\u0161te\u0111evine, ne bih mogao podmirivati sve svoje potrebe&#8221;, iskreno govori.<\/p>\n\n\n\n<p>Nagla\u0161ava kako njegova slaba pokretljivost uvelike odre\u0111uje sve njegove aktivnosti. U posljednje vrijeme vrlo rijetko odlazi na sastanke. Vrijeme provodi \u010ditaju\u0107i, pi\u0161u\u0107i, slu\u0161aju\u0107i radio i gledaju\u0107i TV. Veliko mu je veselje boravak na moru pa to \u010dini \u0161to \u010de\u0161\u0107e i \u0161to vi\u0161e. Ina\u010de, ka\u017ee, dru\u0161tvenog \u017eivota gotovo da i nema.<\/p>\n\n\n\n<h3 class=\"wp-block-heading\">Zbog korone, jo\u0161 manje kontakata<\/h3>\n\n\n\n<p>Njegove ionako malobrojne kontakte dodatno je smanjila pandemija koronavirusa. &#8220;Osim k\u0107eri koja me posje\u0107uje i brine o meni svakoga dana, kao i mojih dviju unuka koje su vrlo \u010desto kod mene, gotovo da i nemam&nbsp; dodira s ostalim svijetom. Mnogo je mojih prijatelja i kolega preminulo tijekom proteklih godina. Prije sam imao obi\u010daj odlaziti na sprovod ba\u0161 svakom novinaru, ali sada to vi\u0161e ne \u010dinim. No, ne mogu za sve promjene okriviti isklju\u010divo koronu. Vi\u0161e je to posljedica na\u010dina \u017eivota koji dominira i gubitka odre\u0111enih dru\u0161tvenih vrijednosti koje jednostavno nestaju, a ne izgra\u0111ujemo nove&#8221;, analizira Ante Gavranovi\u0107.<\/p>\n\n\n\n<p>Ljuti ga i \u010dinjenica da na\u0161e dru\u0161tvo ne valorizira pa i ne koristi znanja i iskustva umirovljenih profesionalaca. &#8220;Jo\u0161 pred desetak godina predlagao sam osnivanje seniorskih servisa po uzoru na takve udruge&nbsp; u Njema\u010dkoj, Nizozemskoj i drugim europskim zemljama. \u010cak sam nekoliko godina bio predstavnik SES-a <em>(Senior Experten Sevice)<\/em> \u010diji je osniva\u010d njema\u010dko Ministarstvo i &nbsp;koje okuplja umirovljene stru\u010dnjake volontere, spremne da svojim znanjem, vje\u0161tinama i iskustvom pomognu posebno malim tvrtkama. Oni to rade besplatno, uz naknadu tro\u0161kova boravka i male dnevnice za osobnu potro\u0161nju. Me\u0111utim, na\u0161e dr\u017eavne institucije koje bi trebale stati iza toga, nisu imale sluha za takvu inicijativu.&#8221;<\/p>\n\n\n\n<p>Veseli ga \u0161to je Matica umirovljenika ovih dana predstavila projekt &#8220;SENIOR 2030 \u2013 tematska mre\u017ea za politiku aktivnog starenja&#8221;, koju sufinancira Europski socijalni fond. &#8220;\u201eMo\u017eda se iz te inicijative izrodi ne\u0161to korisno za umirovljenike koji imaju snage i volje da organizirano pomognu u rastu i dobrobiti dru\u0161tva&#8221;, optimisti\u010dno zaklju\u010duje Ante Gavranovi\u0107.<\/p>\n\n\n\n<div id=\"blokovi\"><img decoding=\"async\" src=\"https:\/\/www.mojevrijeme.hr\/magazin\/wp-content\/uploads\/2020\/09\/esf-lenta.jpg\">\nOvaj prilog objavljen je u sklopu projekta \u201cNovo vrijeme\u201d. Projekt je sufinancirala\nEuropska unija sredstvima Europskog socijalnog fonda. Sadr\u017eaj priloga isklju\u010diva\nje odgovornost Udruge Ho\u0107u stranicu.<\/div>\n<div id=\"mojev-4003587327\" class=\"mojev-kraj-teksta mojev-entity-placement\" style=\"margin-bottom: 20px;margin-left: auto;margin-right: auto;text-align: center;\"><div class=\"mojev-adlabel\">oglas<\/div><div style=\"height: 250px;\"><script async src=\"https:\/\/pagead2.googlesyndication.com\/pagead\/js\/adsbygoogle.js?client=ca-pub-8106111766207173\"\r\n     crossorigin=\"anonymous\"><\/script>\r\n<!-- Display-1 -->\r\n<ins class=\"adsbygoogle\"\r\n     style=\"display:block\"\r\n     data-ad-client=\"ca-pub-8106111766207173\"\r\n     data-ad-slot=\"1465712950\"\r\n     data-ad-format=\"auto\"\r\n     data-full-width-responsive=\"true\"><\/ins>\r\n<script>\r\n     (adsbygoogle = window.adsbygoogle || []).push({});\r\n<\/script><\/div><\/div>","protected":false},"excerpt":{"rendered":"<p>Ante Gavranovi\u0107 u praksi potvr\u0111uje uvrije\u017eeno mi\u0161ljenje da novinarstvo nije zvanje, ve\u0107 poziv te ono koje ka\u017ee da tko se jednom &#8216;inficira&#8217; virusom novinarstva, ostaje mu vjeran \u010ditavog \u017eivota. Iako \u0107e uskoro napuniti 88 godina, a u mirovini je od 1991. godine, i dalje je novinarski aktivan \u2013 pi\u0161e, ure\u0111uje te gostuje kao kolumnist na raznim portalima.<\/p>\n","protected":false},"author":13,"featured_media":54447,"comment_status":"closed","ping_status":"closed","sticky":false,"template":"","format":"standard","meta":{"footnotes":""},"categories":[2],"tags":[2975,1133,18,2339,237],"class_list":["post-54443","post","type-post","status-publish","format-standard","has-post-thumbnail","hentry","category-mozaik","tag-ante-gavranovic","tag-drugi-stup","tag-mirovine","tag-novo-vrijeme","tag-siromastvo"],"_links":{"self":[{"href":"https:\/\/www.mojevrijeme.hr\/magazin\/wp-json\/wp\/v2\/posts\/54443","targetHints":{"allow":["GET"]}}],"collection":[{"href":"https:\/\/www.mojevrijeme.hr\/magazin\/wp-json\/wp\/v2\/posts"}],"about":[{"href":"https:\/\/www.mojevrijeme.hr\/magazin\/wp-json\/wp\/v2\/types\/post"}],"author":[{"embeddable":true,"href":"https:\/\/www.mojevrijeme.hr\/magazin\/wp-json\/wp\/v2\/users\/13"}],"replies":[{"embeddable":true,"href":"https:\/\/www.mojevrijeme.hr\/magazin\/wp-json\/wp\/v2\/comments?post=54443"}],"version-history":[{"count":0,"href":"https:\/\/www.mojevrijeme.hr\/magazin\/wp-json\/wp\/v2\/posts\/54443\/revisions"}],"wp:featuredmedia":[{"embeddable":true,"href":"https:\/\/www.mojevrijeme.hr\/magazin\/wp-json\/wp\/v2\/media\/54447"}],"wp:attachment":[{"href":"https:\/\/www.mojevrijeme.hr\/magazin\/wp-json\/wp\/v2\/media?parent=54443"}],"wp:term":[{"taxonomy":"category","embeddable":true,"href":"https:\/\/www.mojevrijeme.hr\/magazin\/wp-json\/wp\/v2\/categories?post=54443"},{"taxonomy":"post_tag","embeddable":true,"href":"https:\/\/www.mojevrijeme.hr\/magazin\/wp-json\/wp\/v2\/tags?post=54443"}],"curies":[{"name":"wp","href":"https:\/\/api.w.org\/{rel}","templated":true}]}}