{"id":54685,"date":"2021-12-13T18:51:50","date_gmt":"2021-12-13T17:51:50","guid":{"rendered":"https:\/\/www.mojevrijeme.hr\/magazin\/?p=54685"},"modified":"2021-12-13T19:52:40","modified_gmt":"2021-12-13T18:52:40","slug":"antivakseri-u-bjelovaru-zlostavljali-lijecnicu-pa-se-pohvalili-snimkom-sotono-majku-ti","status":"publish","type":"post","link":"https:\/\/www.mojevrijeme.hr\/magazin\/2021\/12\/antivakseri-u-bjelovaru-zlostavljali-lijecnicu-pa-se-pohvalili-snimkom-sotono-majku-ti\/","title":{"rendered":"Antivakseri u Bjelovaru zlostavljali lije\u010dnicu pa se pohvalili snimkom: &#8216;Sotono, majku ti&#8230;&#8217;"},"content":{"rendered":"\n<p>Hrvatska lije\u010dni\u010dka komora (HLK) izvijestila je da je pro\u0161loga tjedna zatra\u017eila od Ministarstva unutarnjih poslova informaciju o postupanju spram pojedinaca koji su na prosvjedu u Bjelovaru vrije\u0111ali i prijetili jednoj lije\u010dnici.<\/p>\n\n\n\n<p>HLK u priop\u0107enju navodi da je ispred zgrade Zavoda za javno zdravstvo u Bjelovaru 9. prosinca odr\u017ean antivakserski prosvjed na kojem je snimljen i video, objavljen na Facebooku. Iz videa se vidi kako dio prosvjednika vrije\u0111a lije\u010dnicu zaposlenu u lokalnoj podru\u017enici HZJZ-a, te kako joj prijete, unose joj se u lice i pozivaju na nasilje.<\/p>\n\n\n\n<p>&#8220;Sramoto jedna, sram te bilo! Nadam se da nema\u0161 djecu&#8221;, &#8220;Sotono. \u0110ubre jedno!&#8221;, &#8220;Da ti Hrvatska vidi facu!&#8221;, &#8220;Majku ti jebem!&#8221; samo je dio urlika upu\u0107enih lije\u010dnici koju je jedna od prosvjednica snimala mobitelom i pratila ulicom. Lije\u010dnica je, naime, poru\u0161ila svije\u0107e i igra\u010dke koje su prosvjednici ostavili pred ulazom Zavoda za javno zdravstvo. &#8220;Trebalo joj je skinuti masku i snimit je&#8221;, kazao je jedan prosvjednik. <\/p><div id=\"mojev-3765573760\" class=\"mojev-u-tekstu mojev-entity-placement\" style=\"margin-left: auto;margin-right: auto;text-align: center;\"><div class=\"mojev-adlabel\">oglas<\/div><div style=\"height: 250px;\"><script async src=\"https:\/\/pagead2.googlesyndication.com\/pagead\/js\/adsbygoogle.js?client=ca-pub-8106111766207173\"\r\n     crossorigin=\"anonymous\"><\/script>\r\n<!-- Prikazni 1 u tekstu -->\r\n<ins class=\"adsbygoogle\"\r\n     style=\"display:block\"\r\n     data-ad-client=\"ca-pub-8106111766207173\"\r\n     data-ad-slot=\"8535551207\"\r\n     data-ad-format=\"auto\"\r\n     data-full-width-responsive=\"true\"><\/ins>\r\n<script>\r\n     (adsbygoogle = window.adsbygoogle || []).push({});\r\n<\/script><\/div><\/div><br style=\"clear: both; display: block; float: none;\"\/>\n\n\n\n<p>Na snimci se vidi jo\u0161 jedna \u017eenska osoba na koju su se prosvjednici okomili. &#8220;Jel vas nije sram? Okrenite se da vam vide facu&#8221;, izvikivala je prosvjednica-snimateljica. &#8220;Da ne\u0161to radite, ne biste bili ovdje&#8221;, uzvratila je napadnuta \u017eena.<\/p>\n\n\n\n<h3 class=\"wp-block-heading\">&#8220;Agresija, nasilje i poziv na lin\u010d&#8221;<\/h3>\n\n\n\n<p>&#8220;\u0160to je niste zaustavili i natjerali da sve svije\u0107e vrati na mjesto??!!! Nije ih ni zapalila pa nije ih imala pravo no ru\u0161iti!! I pustite je da ode! Snimiti facu i pozvati policiju!!&#8221; napisala pod snimkom jedna komentatorica dok je drugi komentator dodao: &#8220;Sad vidite da sotona ima milijun lica i da ga mnogi slijede, obuzme ih demon i rade ne\u010dovje\u010dne stvari, ne \u010dudite se i ne obeshrabrujte, Bo\u017eja je pobjeda a svi zavedeni, a mnogi su, imaju svoje mjesto u sumpornom jezeru ako se ne promijene do kraja.&#8221;<\/p>\n\n\n\n<p>&#8220;Trebalo je tog psa napucat na nju, kurvetina&#8221;, &#8220;Udrite ih majku im jebem&#8221;, &#8220;\u0160utnite je u to \u017euto dupe da odjebe u skokovima kuja&#8221;, &#8220;Ko je kuja?&#8221;, &#8220;Treba joj usranu facu svuda stavljat da se vidi. Mengeleica k&#8217;o i Markoticka i ostali \u0161ljam u bijelim kutama!&#8221;, &#8220;\u0160amar je trebala popu\u0161it&#8221;,\u00a0glase drugi komentari.<\/p>\n\n\n\n<p>No nanizalo se i komentara koji ne odobravaju ovakvo kukavi\u010dko pona\u0161anje. &#8220;Vi ste kukavice koje \u0107e ve\u0107 sutra moliti da ih se spasi barem jednim cijepljenjem&#8221;, jedan je od njih, dok drugi ka\u017ee: &#8220;Pro\u010ditajte vlastite komentare. Agresija, nasilje, pozivanje na lin\u010d, bespravlje. Ti lampioni, zbog kojih se ovako prijetite \u017eeni, gube na zna\u010denju. Ni tra\u010dka kr\u0161\u0107anstva na koje se pozivate. Licemjerni ste.&#8221;<\/p>\n\n\n\n<p>&#8220;Ovo je za postupanje policije. Sramota. Lin\u010d i vrije\u0111anje lije\u010dnice i poziv na nasilje od strane bezumne rulje. I jo\u0161 to snimate i objavljujete. Dobra stvar je jedino \u0161to olak\u0161avate posao policiji&#8221;, stoji u jednoj objavi.<\/p>\n\n\n\n<h3 class=\"wp-block-heading\">Zatra\u017eena je intervencija MUP-a<\/h3>\n\n\n\n<p>&#8220;S obzirom na to da ovo nije prvi takav slu\u010daj i da je sli\u010dnih verbalnih napada i prijetnji lije\u010dnicima bilo i ranije, HLK je zatra\u017eio od MUP-a informaciju o tome kako su okvalificirali protuzakonito pona\u0161anje prosvjednika te ho\u0107e li po zavr\u0161etku kriminalisti\u010dkog istra\u017eivanja podnijeti kaznenu prijavu&#8221;, stoji u priop\u0107enju Hrvatske lije\u010dni\u010dke komore.<\/p>\n\n\n\n<p>HLK tako\u0111er upozorava da su se u vi\u0161e hrvatskih gradova, u blizini zdravstvenih ustanova, pojavili plakati s prijetnjama lije\u010dnicima i medicinskim sestrama da \u0107e im biti su\u0111eno i da \u0107e &#8220;odgovarati&#8221; zbog cijepljenja protiv bolesti COVID-19.<\/p>\n\n\n\n<figure class=\"wp-block-embed\"><div class=\"wp-block-embed__wrapper\">\nhttps:\/\/www.facebook.com\/100075192690717\/videos\/903666450293285\/\n<\/div><\/figure>\n\n\n\n<p>&#8220;Komora ove plakate smatra nedopustivim, o\u010ditim \u010dinom pritiska, uznemiravanja i poticanja na nasilje i mr\u017enju prema zdravstvenim radnicima te poziva policiju i dr\u017eavno odvjetni\u0161tvo da procijene postoji li u njima elemenata kaznenih djela, kako bi se izbjegli daljnja radikalizacija i mogu\u0107e nasilje spram zdravstvenih radnika&#8221;, stoji u priop\u0107enju.<\/p>\n<div id=\"mojev-1264902808\" class=\"mojev-kraj-teksta mojev-entity-placement\" style=\"margin-bottom: 20px;margin-left: auto;margin-right: auto;text-align: center;\"><div class=\"mojev-adlabel\">oglas<\/div><div style=\"height: 250px;\"><script async src=\"https:\/\/pagead2.googlesyndication.com\/pagead\/js\/adsbygoogle.js?client=ca-pub-8106111766207173\"\r\n     crossorigin=\"anonymous\"><\/script>\r\n<!-- Display-1 -->\r\n<ins class=\"adsbygoogle\"\r\n     style=\"display:block\"\r\n     data-ad-client=\"ca-pub-8106111766207173\"\r\n     data-ad-slot=\"1465712950\"\r\n     data-ad-format=\"auto\"\r\n     data-full-width-responsive=\"true\"><\/ins>\r\n<script>\r\n     (adsbygoogle = window.adsbygoogle || []).push({});\r\n<\/script><\/div><\/div>","protected":false},"excerpt":{"rendered":"<p>S obzirom na to da ovo nije prvi takav slu\u010daj i da je sli\u010dnih verbalnih napada i prijetnji lije\u010dnicima bilo i ranije, HLK je zatra\u017eio od MUP-a informaciju o tome kako su okvalificirali protuzakonito pona\u0161anje prosvjednika te ho\u0107e li po zavr\u0161etku kriminalisti\u010dkog istra\u017eivanja podnijeti kaznenu prijavu.<\/p>\n","protected":false},"author":1,"featured_media":54692,"comment_status":"closed","ping_status":"closed","sticky":false,"template":"","format":"standard","meta":{"footnotes":""},"categories":[9],"tags":[2316,1092],"class_list":["post-54685","post","type-post","status-publish","format-standard","has-post-thumbnail","hentry","category-vijesti","tag-antivakseri","tag-bjelovar"],"_links":{"self":[{"href":"https:\/\/www.mojevrijeme.hr\/magazin\/wp-json\/wp\/v2\/posts\/54685","targetHints":{"allow":["GET"]}}],"collection":[{"href":"https:\/\/www.mojevrijeme.hr\/magazin\/wp-json\/wp\/v2\/posts"}],"about":[{"href":"https:\/\/www.mojevrijeme.hr\/magazin\/wp-json\/wp\/v2\/types\/post"}],"author":[{"embeddable":true,"href":"https:\/\/www.mojevrijeme.hr\/magazin\/wp-json\/wp\/v2\/users\/1"}],"replies":[{"embeddable":true,"href":"https:\/\/www.mojevrijeme.hr\/magazin\/wp-json\/wp\/v2\/comments?post=54685"}],"version-history":[{"count":0,"href":"https:\/\/www.mojevrijeme.hr\/magazin\/wp-json\/wp\/v2\/posts\/54685\/revisions"}],"wp:featuredmedia":[{"embeddable":true,"href":"https:\/\/www.mojevrijeme.hr\/magazin\/wp-json\/wp\/v2\/media\/54692"}],"wp:attachment":[{"href":"https:\/\/www.mojevrijeme.hr\/magazin\/wp-json\/wp\/v2\/media?parent=54685"}],"wp:term":[{"taxonomy":"category","embeddable":true,"href":"https:\/\/www.mojevrijeme.hr\/magazin\/wp-json\/wp\/v2\/categories?post=54685"},{"taxonomy":"post_tag","embeddable":true,"href":"https:\/\/www.mojevrijeme.hr\/magazin\/wp-json\/wp\/v2\/tags?post=54685"}],"curies":[{"name":"wp","href":"https:\/\/api.w.org\/{rel}","templated":true}]}}