{"id":547,"date":"2014-09-12T10:28:37","date_gmt":"2014-09-12T08:28:37","guid":{"rendered":"http:\/\/mojevrijeme.hr\/magazin\/?p=547"},"modified":"2014-10-04T19:18:47","modified_gmt":"2014-10-04T17:18:47","slug":"lago-di-garda-jezero-dugog-zivota","status":"publish","type":"post","link":"https:\/\/www.mojevrijeme.hr\/magazin\/2014\/09\/lago-di-garda-jezero-dugog-zivota\/","title":{"rendered":"Lago di Garda \u2013 jezero dugog \u017eivota"},"content":{"rendered":"<p>Mnogo je razloga da posjetite jezero Garda i njegovu okolicu. Prije svega, u blizini je Verona, grad bogate povijesti i mladih nesretnih ljubavnika Julije i Romea, tu je i Gardaland, zabavni park s brojnim adrenalinskim atrakcijama, na koncu i samo jezero Garda koje odu\u0161evljava svojom ljepotom. No mi smo jezero Garda posjetili kako bi doznali za\u0161to ljude koji ondje \u017eive krasi izuzetno dug \u017eivotni vijek.<\/p>\n<div id=\"attachment_572\" style=\"width: 646px\" class=\"wp-caption alignnone\"><img loading=\"lazy\" decoding=\"async\" aria-describedby=\"caption-attachment-572\" class=\"size-medium wp-image-572\" src=\"http:\/\/mojevrijeme.hr\/magazin\/wp-content\/uploads\/2014\/08\/osmrtnice-636x352.jpg\" alt=\"U Lago di Garda se dugo \u017eivi (foto: Silvija Novak)\" width=\"636\" height=\"352\" srcset=\"https:\/\/www.mojevrijeme.hr\/magazin\/wp-content\/uploads\/2014\/08\/osmrtnice-636x352.jpg 636w, https:\/\/www.mojevrijeme.hr\/magazin\/wp-content\/uploads\/2014\/08\/osmrtnice.jpg 740w\" sizes=\"auto, (max-width: 636px) 100vw, 636px\" \/><p id=\"caption-attachment-572\" class=\"wp-caption-text\">U Lago di Garda se dugo \u017eivi (foto: Silvija Novak)<\/p><\/div>\n<h3>Najve\u0107e talijansko jezero<\/h3>\n<p>Lago di Garda najve\u0107e je jezero u Italiji smje\u0161teno na sjeveru zemlje izme\u0111u Venecije i Milana, u neposrednoj blizini Verone i Brescie. Radi se o ledenja\u010dkom jezeru koje svjedo\u010di o posljednjem ledenom dobu \u010diji se tragovi jo\u0161 mogu na\u0107i na obroncima Alpa.<\/p>\n<p>Jezero Garda je, uz jezero Como gdje velebnu vilu posjeduje i slavni glumac George Clooney, poznata turisti\u010dka destinacija u kojoj se odmaraju mnoge poznate i slavne osobe. To i ne treba \u010duditi jer jezero Garda nudi za svakoga pone\u0161to: opu\u0161taju\u0107e \u0161etnje i o\u010duvanu prirodu za one \u017eeljne mira i ti\u0161ine te lude zabave i mondeno dru\u0161tvo za one \u017eeljne no\u0107nih provoda i glamura.<\/p><div id=\"mojev-1111585658\" class=\"mojev-u-tekstu mojev-entity-placement\" style=\"margin-left: auto;margin-right: auto;text-align: center;\"><div class=\"mojev-adlabel\">oglas<\/div><div style=\"height: 250px;\"><script async src=\"https:\/\/pagead2.googlesyndication.com\/pagead\/js\/adsbygoogle.js?client=ca-pub-8106111766207173\"\r\n     crossorigin=\"anonymous\"><\/script>\r\n<!-- Prikazni 1 u tekstu -->\r\n<ins class=\"adsbygoogle\"\r\n     style=\"display:block\"\r\n     data-ad-client=\"ca-pub-8106111766207173\"\r\n     data-ad-slot=\"8535551207\"\r\n     data-ad-format=\"auto\"\r\n     data-full-width-responsive=\"true\"><\/ins>\r\n<script>\r\n     (adsbygoogle = window.adsbygoogle || []).push({});\r\n<\/script><\/div><\/div><br style=\"clear: both; display: block; float: none;\"\/>\n<div id=\"attachment_574\" style=\"width: 646px\" class=\"wp-caption alignnone\"><img loading=\"lazy\" decoding=\"async\" aria-describedby=\"caption-attachment-574\" class=\"wp-image-574 size-medium\" src=\"http:\/\/mojevrijeme.hr\/magazin\/wp-content\/uploads\/2014\/08\/lago_di_garda-636x352.jpg\" alt=\"lago_di_garda\" width=\"636\" height=\"352\" srcset=\"https:\/\/www.mojevrijeme.hr\/magazin\/wp-content\/uploads\/2014\/08\/lago_di_garda-636x352.jpg 636w, https:\/\/www.mojevrijeme.hr\/magazin\/wp-content\/uploads\/2014\/08\/lago_di_garda.jpg 740w\" sizes=\"auto, (max-width: 636px) 100vw, 636px\" \/><p id=\"caption-attachment-574\" class=\"wp-caption-text\">foto: Silvija Novak<\/p><\/div>\n<h3>Turisti\u010dki raj<\/h3>\n<p>Brojne turiste posebno fasciniraju brojni oto\u010di\u0107i na jezeru, te mjesta\u0161ca uz obalu od kojih se posebno isti\u010de Sirmione, od davnina poznato mjesto za odmor s brojnim hotelima, restoranima i trgovinama. Ljubiteljima povijesti i arhitekture Sirmione je zanimljiv i zbog utvrde obitelji Scaliger, a mjesto je i sredi\u0161te lje\u010dili\u0161nog turizma zbog prirodnih sumpornih izvora koji naro\u010dito blagotvorno djeluju na one s di\u0161nim problemima.<\/p>\n<p>No kako \u017eivi lokalno stanovni\u0161tvo Garde? Dobro, mirno i dugo \u2013 zaklju\u010dujemo iz razgovora s tamo\u0161njim stanovnicima. Evo \u0161to su nam rekli\u2026<\/p>\n<p><strong>Giullieta, 77<\/strong> \u2013 \u017divot ovdje nije lo\u0161. Prije, dok sam bila mlada, bilo je puno mirnije jer nije bilo toliko turista. No turizam donosi dodatnu zaradu, pa je opet dobro.<\/p>\n<p><strong>Beatrice, 82<\/strong> \u2013 Moja obitelj oduvijek \u017eivi ovdje. I moja djeca i unuci \u017eive ovdje. Moj je otac do\u017eivio 95, a majka \u010dak 103 godine pa je valjda dobro. (smijeh)<\/p>\n<p><strong>Christiano, 80<\/strong> \u2013 Moja su se djeca odselila, sada \u017eive u Milanu ali su svako ljeto ovdje. Ja i supruga \u017eivimo tu cijeli \u017eivot i svi\u0111a nam se iako je Gardaland (zabavni park, op.a,) dosta bu\u010dan. Voljeli bismo da je mirnije.<\/p>\n<p><strong>Raffaela, 78<\/strong> \u2013 Doselila sam ovdje kad sam oti\u0161la u mirovinu. Radila sam kao lije\u010dnica u Trstu i oduvijek sam \u017eeljela \u017eivjeti ovdje. Ljudi ovdje dobro i dugo \u017eive radi kombinacije faktora: kao prvo, zrak je izvrsne kvalitete i priroda je o\u010duvana. Zatim, tu je kvalitetna talijanska prehrana s puno svje\u017eeg povr\u0107a. A kao tre\u0107e, ima ne\u0161to magi\u010dno u ovom jezeru, neki dodatni faktor o kojemu su govorili jo\u0161 rimski pjesnici Katul i Vergilije. Ljudi oduvijek vole boraviti ovdje.<\/p>\n<p><strong>Gaetano, 83<\/strong> \u2013 Udovac sam oko godine dana. Kad mi je umrla \u017eena mislio sam da \u0107e mi problem predstavljati usamljenost, ali prijatelji, susjedi i rodbina ne daju mi da potonem. Evo ba\u0161 se spremam na partiju domina, ve\u0107 kasnim. Dobro dru\u0161tvo \u2013 to je tajna sretnog \u017eivota. (smijeh)<\/p>\n<div id=\"mojev-3644590591\" class=\"mojev-kraj-teksta mojev-entity-placement\" style=\"margin-bottom: 20px;margin-left: auto;margin-right: auto;text-align: center;\"><div class=\"mojev-adlabel\">oglas<\/div><div style=\"height: 250px;\"><script async src=\"https:\/\/pagead2.googlesyndication.com\/pagead\/js\/adsbygoogle.js?client=ca-pub-8106111766207173\"\r\n     crossorigin=\"anonymous\"><\/script>\r\n<!-- Display-1 -->\r\n<ins class=\"adsbygoogle\"\r\n     style=\"display:block\"\r\n     data-ad-client=\"ca-pub-8106111766207173\"\r\n     data-ad-slot=\"1465712950\"\r\n     data-ad-format=\"auto\"\r\n     data-full-width-responsive=\"true\"><\/ins>\r\n<script>\r\n     (adsbygoogle = window.adsbygoogle || []).push({});\r\n<\/script><\/div><\/div>","protected":false},"excerpt":{"rendered":"<p>\u017divot uz jezero Garda miran je, ugodan i &#8211; dug, govore nam tamo\u0161nji stanovnici. Razloga je mnogo: dobra hrana, o\u010duvana priroda, lagani tempo \u017eivota. Stoga i ne \u010dudi da se sve vi\u0161e ljudi odlu\u010duje nakon odlaska u mirovinu preseliti upravo u okolici Garde.<\/p>\n","protected":false},"author":1,"featured_media":576,"comment_status":"closed","ping_status":"open","sticky":false,"template":"","format":"standard","meta":{"footnotes":""},"categories":[85],"tags":[64,107,106],"class_list":["post-547","post","type-post","status-publish","format-standard","has-post-thumbnail","hentry","category-aktivno-starenje","tag-dugovjecnost","tag-italija","tag-jezero-garda"],"_links":{"self":[{"href":"https:\/\/www.mojevrijeme.hr\/magazin\/wp-json\/wp\/v2\/posts\/547","targetHints":{"allow":["GET"]}}],"collection":[{"href":"https:\/\/www.mojevrijeme.hr\/magazin\/wp-json\/wp\/v2\/posts"}],"about":[{"href":"https:\/\/www.mojevrijeme.hr\/magazin\/wp-json\/wp\/v2\/types\/post"}],"author":[{"embeddable":true,"href":"https:\/\/www.mojevrijeme.hr\/magazin\/wp-json\/wp\/v2\/users\/1"}],"replies":[{"embeddable":true,"href":"https:\/\/www.mojevrijeme.hr\/magazin\/wp-json\/wp\/v2\/comments?post=547"}],"version-history":[{"count":0,"href":"https:\/\/www.mojevrijeme.hr\/magazin\/wp-json\/wp\/v2\/posts\/547\/revisions"}],"wp:featuredmedia":[{"embeddable":true,"href":"https:\/\/www.mojevrijeme.hr\/magazin\/wp-json\/wp\/v2\/media\/576"}],"wp:attachment":[{"href":"https:\/\/www.mojevrijeme.hr\/magazin\/wp-json\/wp\/v2\/media?parent=547"}],"wp:term":[{"taxonomy":"category","embeddable":true,"href":"https:\/\/www.mojevrijeme.hr\/magazin\/wp-json\/wp\/v2\/categories?post=547"},{"taxonomy":"post_tag","embeddable":true,"href":"https:\/\/www.mojevrijeme.hr\/magazin\/wp-json\/wp\/v2\/tags?post=547"}],"curies":[{"name":"wp","href":"https:\/\/api.w.org\/{rel}","templated":true}]}}