{"id":54769,"date":"2021-12-15T18:43:10","date_gmt":"2021-12-15T17:43:10","guid":{"rendered":"https:\/\/www.mojevrijeme.hr\/magazin\/?p=54769"},"modified":"2021-12-15T18:46:13","modified_gmt":"2021-12-15T17:46:13","slug":"pogorsalo-se-stanje-mise-kovaca-opet-je-u-bolnici","status":"publish","type":"post","link":"https:\/\/www.mojevrijeme.hr\/magazin\/2021\/12\/pogorsalo-se-stanje-mise-kovaca-opet-je-u-bolnici\/","title":{"rendered":"Pogor\u0161alo se stanje Mi\u0161e Kova\u010da, opet je u bolnici"},"content":{"rendered":"\n<p>Miljenik publike <strong>Mi\u0161o Kova\u010d<\/strong> ponovno je u splitskoj bolnici, nakon \u0161to je iz nje otpu\u0161ten tijekom utorka, javlja portal <a rel=\"noreferrer noopener\" href=\"https:\/\/www.dalmacijadanas.hr\/svi-su-zabrinuti-pogorsalo-se-zdravstveno-stanje-mise-kovaca-ponovno-je-hospitaliziran\" target=\"_blank\">Dalmacija danas<\/a>. Pjeva\u010du je, prema saznanjima portala, pozlilo u no\u0107i s utorka na srijedu kada je i ponovno hospitaliziran. Navodno mu je povi\u0161ena temperatura, zbog \u010dega \u0107e u bolnici pratiti njegovo stanje.<\/p>\n\n\n\n<p>Podsjetimo, Slobodna Dalmacija ranije je objavila kako je cijela obitelj Kova\u010d zara\u017eena koronavirusom, no Mi\u0161o je nakon terapije kisikom u utorak, \u010dini se prerano, otpu\u0161ten na ku\u0107nu njegu. <a rel=\"noreferrer noopener\" href=\"https:\/\/slobodnadalmacija.hr\/mozaik\/zivot\/doznajemo-miso-kovac-i-cijela-njegova-obitelj-dobili-koronu-zbog-problema-s-disanjem-pjevac-je-bio-i-na-kisiku-u-splitskoj-bolnici-1151265\" target=\"_blank\">Slobodna<\/a>&nbsp;uz to pi\u0161e da Mi\u0161o, supruga Lidija i k\u0107i Ivana nisu cijepljeni protiv koronavirusa.<\/p>\n\n\n\n<p>Krajem pro\u0161log mjeseca tako\u0111er je hospitaliziran na Odjelu pulmologije&nbsp;KBC-a Split. Tada su lije\u010dnici sumnjali na upalu plu\u0107a. Na kraju se pokazalo da ipak nema upalu plu\u0107a pa je&nbsp;glazbenik nakon terapije&nbsp;antibioticima bio pu\u0161ten ku\u0107i.<\/p><div id=\"mojev-3747111301\" class=\"mojev-u-tekstu mojev-entity-placement\" style=\"margin-left: auto;margin-right: auto;text-align: center;\"><div class=\"mojev-adlabel\">oglas<\/div><div style=\"height: 250px;\"><script async src=\"https:\/\/pagead2.googlesyndication.com\/pagead\/js\/adsbygoogle.js?client=ca-pub-8106111766207173\"\r\n     crossorigin=\"anonymous\"><\/script>\r\n<!-- Prikazni 1 u tekstu -->\r\n<ins class=\"adsbygoogle\"\r\n     style=\"display:block\"\r\n     data-ad-client=\"ca-pub-8106111766207173\"\r\n     data-ad-slot=\"8535551207\"\r\n     data-ad-format=\"auto\"\r\n     data-full-width-responsive=\"true\"><\/ins>\r\n<script>\r\n     (adsbygoogle = window.adsbygoogle || []).push({});\r\n<\/script><\/div><\/div><br style=\"clear: both; display: block; float: none;\"\/>\n<div id=\"mojev-4233359147\" class=\"mojev-kraj-teksta mojev-entity-placement\" style=\"margin-bottom: 20px;margin-left: auto;margin-right: auto;text-align: center;\"><div class=\"mojev-adlabel\">oglas<\/div><div style=\"height: 250px;\"><script async src=\"https:\/\/pagead2.googlesyndication.com\/pagead\/js\/adsbygoogle.js?client=ca-pub-8106111766207173\"\r\n     crossorigin=\"anonymous\"><\/script>\r\n<!-- Display-1 -->\r\n<ins class=\"adsbygoogle\"\r\n     style=\"display:block\"\r\n     data-ad-client=\"ca-pub-8106111766207173\"\r\n     data-ad-slot=\"1465712950\"\r\n     data-ad-format=\"auto\"\r\n     data-full-width-responsive=\"true\"><\/ins>\r\n<script>\r\n     (adsbygoogle = window.adsbygoogle || []).push({});\r\n<\/script><\/div><\/div>","protected":false},"excerpt":{"rendered":"<p>Popularni hrvatski pjeva\u010d u posljednje vrijeme ima problema sa zdravljem. Nakon niza hospitalizacija, ponovno se vratio u bolnicu kako bi lije\u010dnici pratili njegovo zdravstveno stanje. <\/p>\n","protected":false},"author":1,"featured_media":23323,"comment_status":"closed","ping_status":"closed","sticky":false,"template":"","format":"standard","meta":{"footnotes":""},"categories":[84],"tags":[2046,407],"class_list":["post-54769","post","type-post","status-publish","format-standard","has-post-thumbnail","hentry","category-show","tag-korona-virus","tag-miso-kovac"],"_links":{"self":[{"href":"https:\/\/www.mojevrijeme.hr\/magazin\/wp-json\/wp\/v2\/posts\/54769","targetHints":{"allow":["GET"]}}],"collection":[{"href":"https:\/\/www.mojevrijeme.hr\/magazin\/wp-json\/wp\/v2\/posts"}],"about":[{"href":"https:\/\/www.mojevrijeme.hr\/magazin\/wp-json\/wp\/v2\/types\/post"}],"author":[{"embeddable":true,"href":"https:\/\/www.mojevrijeme.hr\/magazin\/wp-json\/wp\/v2\/users\/1"}],"replies":[{"embeddable":true,"href":"https:\/\/www.mojevrijeme.hr\/magazin\/wp-json\/wp\/v2\/comments?post=54769"}],"version-history":[{"count":0,"href":"https:\/\/www.mojevrijeme.hr\/magazin\/wp-json\/wp\/v2\/posts\/54769\/revisions"}],"wp:featuredmedia":[{"embeddable":true,"href":"https:\/\/www.mojevrijeme.hr\/magazin\/wp-json\/wp\/v2\/media\/23323"}],"wp:attachment":[{"href":"https:\/\/www.mojevrijeme.hr\/magazin\/wp-json\/wp\/v2\/media?parent=54769"}],"wp:term":[{"taxonomy":"category","embeddable":true,"href":"https:\/\/www.mojevrijeme.hr\/magazin\/wp-json\/wp\/v2\/categories?post=54769"},{"taxonomy":"post_tag","embeddable":true,"href":"https:\/\/www.mojevrijeme.hr\/magazin\/wp-json\/wp\/v2\/tags?post=54769"}],"curies":[{"name":"wp","href":"https:\/\/api.w.org\/{rel}","templated":true}]}}