{"id":54905,"date":"2021-12-20T09:32:30","date_gmt":"2021-12-20T08:32:30","guid":{"rendered":"https:\/\/www.mojevrijeme.hr\/magazin\/?p=54905"},"modified":"2021-12-20T09:33:07","modified_gmt":"2021-12-20T08:33:07","slug":"eu-ce-vjerojatno-skratiti-trajanje-covid-potvrda-za-tri-mjeseca","status":"publish","type":"post","link":"https:\/\/www.mojevrijeme.hr\/magazin\/2021\/12\/eu-ce-vjerojatno-skratiti-trajanje-covid-potvrda-za-tri-mjeseca\/","title":{"rendered":"EU \u0107e vjerojatno skratiti trajanje COVID potvrda za tri mjeseca"},"content":{"rendered":"\n<p>Epidemiologinja iz HZJZ-a <strong>Iva Pem Novosel<\/strong> najavila je u programu <a href=\"https:\/\/vijesti.hrt.hr\/hrvatska\/moze-li-ubrzano-cijepljenje-booster-dozom-zaustaviti-sirenje-omikrona-4152282\" target=\"_blank\" rel=\"noreferrer noopener\">Hrvatskog radija<\/a> kako \u0107e i Hrvatska\u00a0 morati revidirati trajanje COVID potvrda u skladu s preporukama europskih stru\u010dnjaka.\u00a0&#8220;Bit \u0107e kra\u0107e, na nivou EU-a se najavljuje skra\u0107enje njihovog trajanja na 9 mjeseci&#8221;, dodala je Pem Novosel.<\/p>\n\n\n\n<p>&#8220;Do sada smo smatrali da nakon preboljenja i potpunog cijepljenja s dvije doze ta za\u0161tita traje 12 mjeseci, odnosno i COVID potvrde su vrijedile 12 mjeseci. Me\u0111utim sada, u sklopu novih okolnosti \u0161irenja omikrona Europom, a vjerojatno i kod nas, i mi \u0107emo morati revidirati njihovo trajanje u skladu s preporukama europskih stru\u010dnjaka&#8221;, objasnila je <strong>Pem Novosel<\/strong>.<\/p>\n\n\n\n<p>Pem Novosel je odgovorila na pitanje trebaju li nam stro\u017ee ili mo\u017eda bla\u017ee mjere tijekom nadolaze\u0107ih blagdana: &#8220;Za dono\u0161enje mjera je nadle\u017ean Nacionalni sto\u017eer civilne za\u0161tite, a ja mogu re\u0107i ono \u0161to je preporuka Europskog centra za prevenciju i suzbijene bolesti koje sugeriraju da se te mjere poja\u010daju, tako da bi bilo korisno ako \u017eelimo izbje\u0107i zarazu da osobe koje su osjetljivije ili nisu preboljele ili se cijepile, izbjegavaju ve\u0107a okupljanja te se pridr\u017eavati osnovnih epidemiolo\u0161kih mjera.&#8221;<\/p><div id=\"mojev-1888505771\" class=\"mojev-u-tekstu mojev-entity-placement\" style=\"margin-left: auto;margin-right: auto;text-align: center;\"><div class=\"mojev-adlabel\">oglas<\/div><div style=\"height: 250px;\"><script async src=\"https:\/\/pagead2.googlesyndication.com\/pagead\/js\/adsbygoogle.js?client=ca-pub-8106111766207173\"\r\n     crossorigin=\"anonymous\"><\/script>\r\n<!-- Prikazni 1 u tekstu -->\r\n<ins class=\"adsbygoogle\"\r\n     style=\"display:block\"\r\n     data-ad-client=\"ca-pub-8106111766207173\"\r\n     data-ad-slot=\"8535551207\"\r\n     data-ad-format=\"auto\"\r\n     data-full-width-responsive=\"true\"><\/ins>\r\n<script>\r\n     (adsbygoogle = window.adsbygoogle || []).push({});\r\n<\/script><\/div><\/div><br style=\"clear: both; display: block; float: none;\"\/>\n<div id=\"mojev-2121436471\" class=\"mojev-kraj-teksta mojev-entity-placement\" style=\"margin-bottom: 20px;margin-left: auto;margin-right: auto;text-align: center;\"><div class=\"mojev-adlabel\">oglas<\/div><div style=\"height: 250px;\"><script async src=\"https:\/\/pagead2.googlesyndication.com\/pagead\/js\/adsbygoogle.js?client=ca-pub-8106111766207173\"\r\n     crossorigin=\"anonymous\"><\/script>\r\n<!-- Display-1 -->\r\n<ins class=\"adsbygoogle\"\r\n     style=\"display:block\"\r\n     data-ad-client=\"ca-pub-8106111766207173\"\r\n     data-ad-slot=\"1465712950\"\r\n     data-ad-format=\"auto\"\r\n     data-full-width-responsive=\"true\"><\/ins>\r\n<script>\r\n     (adsbygoogle = window.adsbygoogle || []).push({});\r\n<\/script><\/div><\/div>","protected":false},"excerpt":{"rendered":"<p>U ve\u0107ini europskih zemalja pa tako i kod nas smatra se da osobama koje su preboljele COVID-19 te primile dvije doze cjepiva booster doza nije potrebna.<\/p>\n","protected":false},"author":1,"featured_media":54908,"comment_status":"closed","ping_status":"closed","sticky":false,"template":"","format":"standard","meta":{"footnotes":""},"categories":[9],"tags":[2860,2995,2046],"class_list":["post-54905","post","type-post","status-publish","format-standard","has-post-thumbnail","hentry","category-vijesti","tag-covid-potvrde","tag-iva-pem-novosel","tag-korona-virus"],"_links":{"self":[{"href":"https:\/\/www.mojevrijeme.hr\/magazin\/wp-json\/wp\/v2\/posts\/54905","targetHints":{"allow":["GET"]}}],"collection":[{"href":"https:\/\/www.mojevrijeme.hr\/magazin\/wp-json\/wp\/v2\/posts"}],"about":[{"href":"https:\/\/www.mojevrijeme.hr\/magazin\/wp-json\/wp\/v2\/types\/post"}],"author":[{"embeddable":true,"href":"https:\/\/www.mojevrijeme.hr\/magazin\/wp-json\/wp\/v2\/users\/1"}],"replies":[{"embeddable":true,"href":"https:\/\/www.mojevrijeme.hr\/magazin\/wp-json\/wp\/v2\/comments?post=54905"}],"version-history":[{"count":0,"href":"https:\/\/www.mojevrijeme.hr\/magazin\/wp-json\/wp\/v2\/posts\/54905\/revisions"}],"wp:featuredmedia":[{"embeddable":true,"href":"https:\/\/www.mojevrijeme.hr\/magazin\/wp-json\/wp\/v2\/media\/54908"}],"wp:attachment":[{"href":"https:\/\/www.mojevrijeme.hr\/magazin\/wp-json\/wp\/v2\/media?parent=54905"}],"wp:term":[{"taxonomy":"category","embeddable":true,"href":"https:\/\/www.mojevrijeme.hr\/magazin\/wp-json\/wp\/v2\/categories?post=54905"},{"taxonomy":"post_tag","embeddable":true,"href":"https:\/\/www.mojevrijeme.hr\/magazin\/wp-json\/wp\/v2\/tags?post=54905"}],"curies":[{"name":"wp","href":"https:\/\/api.w.org\/{rel}","templated":true}]}}