{"id":54922,"date":"2021-11-20T14:50:38","date_gmt":"2021-11-20T13:50:38","guid":{"rendered":"https:\/\/www.mojevrijeme.hr\/magazin\/?p=54922"},"modified":"2021-12-20T22:14:10","modified_gmt":"2021-12-20T21:14:10","slug":"ivermectin-nije-lijek-za-covid-19-ma-sto-vam-govorili-o-tome","status":"publish","type":"post","link":"https:\/\/www.mojevrijeme.hr\/magazin\/2021\/11\/ivermectin-nije-lijek-za-covid-19-ma-sto-vam-govorili-o-tome\/","title":{"rendered":"Ivermectin nije lijek za COVID-19, ma \u0161to vam govorili o tome"},"content":{"rendered":"\n<p>Nekoliko na\u0161ih \u010ditatelja u komentarima na na\u0161oj Facebook stranici ustvrdilo je kako se COVID-19 mo\u017ee izlije\u010diti jednostavnom i jeftinom primjenom veterinarskog lijeka Ivermectin. U svojim komentarima \u010ditatelji su nas uputili na objave biologa <strong>Sre\u0107ka Sladoljeva<\/strong>, nekada\u0161njeg povjerenika Novog sindikata u Imunolo\u0161kom zavodu.<\/p>\n\n\n\n<p>Naime, upravo je Sladoljev 18. studenog napisao: &#8220;Zatrpan sam upitima za <strong>\u010dudotvorni Ivermectin<\/strong>. Gdje, kako, po\u0161to. Lije\u010dnici ga ne propisuju, a neke apoteke BRUTALNO plja\u010dkaju narod\u2026 Nabavite Ivermectin za veterinarsku upotrebu, vidi sliku. Vre\u0107ica sadr\u017ei pola kilograma 0.2%-tnog Ivermectina. Taj je lijek jednako je dobar i za ljude\u2026 Ako koristimo preporu\u010denu PREVENTIVNU dozu od 0,2mg lijeka po kilogramu tjelesne te\u017eine, tada osoba od 80 kg dnevno treba uzeti \u017eli\u010dicu i pol praha s vodom Ako koristimo kurativnu dozu od 0.5mg po kilogramu, tada treba dnevno uzeti 4 \u017eli\u010dice! Neki protokoli lije\u010denja idu \u010dak na 1mg po kilogramu jer nema nuspojava. Ovo navodim KOLIKO JE MALA OPASNOST OD PREDOZIRANJA.&#8221; <\/p>\n\n\n\n<p>Podsjetimo, upravo je na\u0161 portal me\u0111u prvima u Hrvatskoj <a href=\"https:\/\/www.mojevrijeme.hr\/magazin\/2020\/04\/poznati-antiparazitik-mogao-bi-biti-lijek-protiv-koronavirusa\/\" data-type=\"post\" data-id=\"36456\" target=\"_blank\" rel=\"noreferrer noopener\">izvijestio jo\u0161 7. srpnja<\/a> 2020. godine da australski mediji javljaju kako je popularni i relativno jeftin veterinarski antiparazitik Ivermectin potencijalni lijek za borbu protiv bolesti COVID-19. Rije\u010d je antiparazitiku koji djeluje na veliki broj odraslih i ve\u0107inu razvojnih stadija nematoda gastrointestinalnog i respiratornog trakta, kao i na neke ektoparazite. Od 80-ih godina koristi se u lije\u010denju ku\u0107nih ljubimaca i doma\u0107ih \u017eivotinja, a ponekad i kao antiparazitik u lije\u010denju ljudi.<\/p><div id=\"mojev-1560528077\" class=\"mojev-u-tekstu mojev-entity-placement\" style=\"margin-left: auto;margin-right: auto;text-align: center;\"><div class=\"mojev-adlabel\">oglas<\/div><div style=\"height: 250px;\"><script async src=\"https:\/\/pagead2.googlesyndication.com\/pagead\/js\/adsbygoogle.js?client=ca-pub-8106111766207173\"\r\n     crossorigin=\"anonymous\"><\/script>\r\n<!-- Prikazni 1 u tekstu -->\r\n<ins class=\"adsbygoogle\"\r\n     style=\"display:block\"\r\n     data-ad-client=\"ca-pub-8106111766207173\"\r\n     data-ad-slot=\"8535551207\"\r\n     data-ad-format=\"auto\"\r\n     data-full-width-responsive=\"true\"><\/ins>\r\n<script>\r\n     (adsbygoogle = window.adsbygoogle || []).push({});\r\n<\/script><\/div><\/div><br style=\"clear: both; display: block; float: none;\"\/>\n\n\n\n<p> Uz to smo objavili i da istra\u017eivanje provode znanstvenici Monash instituta za biomedicinu. Kao i to da usprkos odu\u0161evljenju svjetskih medija, isti ti znanstvenici tvrde da do kona\u010dnog utvr\u0111ivanja koristi od ovoga lijeka moraju provesti dodatna istra\u017eivanja i klini\u010dke studije, za \u0161to su u tom trenutku prikupljali sredstva. Naime, do tog trenutka ohrabruju\u0107i rezultati postignuti su samo u <em>in vitro<\/em> pokusima.<\/p>\n\n\n\n<p>Posljednja informacija koju je Sveu\u010dili\u0161te Monash objavilo na ovu temu je datirana na <a rel=\"noreferrer noopener\" href=\"https:\/\/www.monash.edu\/discovery-institute\/news-and-events\/news\/2021-articles\/monash-university-update-on-ivermectin-research\" target=\"_blank\">17. kolovoza 2021. godine<\/a>. U priop\u0107enju pi\u0161e da su istra\u017eivanja nastavljena i da voditeljica istra\u017eivanja <strong>dr. Kylie Wagstaff<\/strong> predano radi kako bi utvrdila kona\u010dan odgovor na pitanje pitanje \u2013 je li ili nije Ivermectin potencijalni lijek za COVID. Uz to, jasno se navodi da &#8220;Ivermectin ne treba koristiti za lije\u010denje bolesti COVID-19 izvan klini\u010dkih studija i bez odgovaraju\u0107ih eti\u010dkih odobrenja.&#8221;<\/p>\n\n\n\n<h3 class=\"wp-block-heading\">Antivakseri poku\u0161ali iskoristiti i znanstvenika koji je otkrio Ivermectin<\/h3>\n\n\n\n<p>I hrvatski promotori Ivermectina poku\u0161ali su u ovu sumnjivu pri\u010du utopiti znanstvenika Williama Campbella koji je nagra\u0111en Nobelovom nagradom za izoliranje molekule Ivermectina 1978. godine. \u0160tovi\u0161e, dru\u0161tvene mre\u017ee je nekoliko puta obi\u0161ao citat koji se la\u017eno pripisivao Campbellu.<\/p>\n\n\n\n<p>&#8220;Krajnje prezirem i pori\u010dem izjave koje su mi pripisane na dru\u0161tveni mre\u017eama 8. rujna 2021. godine. Odbacujem i smisao i ton tih izjava te zamjeram njihovo predstavljanje kao izravnog citiranja mene. Objava o kojoj govorim nije bila znanstvena, Ja sam biolog i nemam stru\u010dnost u klini\u010dkoj evaluaciji lijekova protiv virusnih infekcija. Dakle, nisam zauzeo stajali\u0161te u korist ili protiv efikasnosti Ivermectina protiv bolesti COVID-19&#8221;, kazao je <a rel=\"noreferrer noopener\" href=\"https:\/\/drew.edu\/stories\/2021\/09\/09\/drew-university-nobel-prize-winner-refutes-ivermectin-meme\/\" target=\"_blank\">Campbell<\/a>.<\/p>\n\n\n\n<h3 class=\"wp-block-heading\">Svi mogu provesti istra\u017eivanja<\/h3>\n\n\n\n<p>U obzir treba uzeti da je vi\u0161e laboratorija u svijetu u isto vrijeme tra\u017eilo odgovor na ista pitanja te da do sada nema nikakvih \u010dvrstih dokaza da Ivermectin uspje\u0161no lije\u010di COVID, barem ne u dozama koje su sigurne za humanu upotrebu. Upravo suprotno! Kolumbijski znanstvenici predvo\u0111eni dr. Eduardom Lopezom Medinom sa Sveu\u010dili\u0161ta Valle su u recenziranoj medicinskoj publikaciji <em><a rel=\"noreferrer noopener\" href=\"https:\/\/jamanetwork.com\/journals\/jama\/fullarticle\/2777389\" target=\"_blank\">Journal of American Medical Association<\/a><\/em> objavili da, kada je rije\u010d o bla\u017eim simptomima poput temperature i groznice, postoje tek statisti\u010dki bezna\u010dajne razlike me\u0111u grupama pacijenata koje su primale placebo i koje su primale Ivermectin.<\/p>\n\n\n\n<p>Uz to, postoje i istra\u017eivanja koja tvrde da Ivermectin mo\u017ee pomo\u0107i kod COVID-a, no u njima su utvr\u0111ene brojne metodolo\u0161ke pogre\u0161ke, nerijetke manipulacije podacima pa \u010dak i da su provo\u0111ena bez nadzora i dozvola eti\u010dkih tijela koja odobravaju pokuse na ljudima o \u010demu je op\u0161irno pisao BBC <a href=\"https:\/\/www.bbc.com\/news\/health-58170809\" target=\"_blank\" rel=\"noreferrer noopener\">6. listopada 2021. godine<\/a>.<\/p>\n\n\n\n<h3 class=\"wp-block-heading\">I proizvo\u0111a\u010d Ivermectina tvrdi: Nije lijek!<\/h3>\n\n\n\n<p>\u0160tovi\u0161e, da Ivermectinu ne treba pripisivati svojstva lije\u010denja COVID-a tvrdi i jedan od proizvo\u0111a\u010da ovog lijeka. Farmaceutska kompanija <strong>Merck<\/strong> je tako jo\u0161 4. velja\u010de 2021. godine <a href=\"https:\/\/www.merck.com\/news\/merck-statement-on-ivermectin-use-during-the-covid-19-pandemic\/\" target=\"_blank\" rel=\"noreferrer noopener\">objavila<\/a>: &#8220;Ne postoje znanstvena utemeljenja iz pretklini\u010dkih studija za potencijalni terapeutski efekt protiv bolesti COVID-19, nema smislenog dokaza o klini\u010dkoj u\u010dinkovitosti kod pacijenata, zabrinjava nedostatak sigurnosnih podataka u ve\u0107ini studija.&#8221;<\/p>\n\n\n\n<p class=\"has-text-align-center has-text-color\" style=\"color:#666666;font-size:0.8rem\">Ovaj prilog nastao je uz potporu Fonda za poticanje pluralizma i raznovrsnosti elektroni\u010dkih medija <br>u okviru projekta &#8220;\u017divim, u\u010dim, rastem \u2013 Aktivno starenje, zdravo starenje&#8221;<\/p>\n<div id=\"mojev-2331519560\" class=\"mojev-kraj-teksta mojev-entity-placement\" style=\"margin-bottom: 20px;margin-left: auto;margin-right: auto;text-align: center;\"><div class=\"mojev-adlabel\">oglas<\/div><div style=\"height: 250px;\"><script async src=\"https:\/\/pagead2.googlesyndication.com\/pagead\/js\/adsbygoogle.js?client=ca-pub-8106111766207173\"\r\n     crossorigin=\"anonymous\"><\/script>\r\n<!-- Display-1 -->\r\n<ins class=\"adsbygoogle\"\r\n     style=\"display:block\"\r\n     data-ad-client=\"ca-pub-8106111766207173\"\r\n     data-ad-slot=\"1465712950\"\r\n     data-ad-format=\"auto\"\r\n     data-full-width-responsive=\"true\"><\/ins>\r\n<script>\r\n     (adsbygoogle = window.adsbygoogle || []).push({});\r\n<\/script><\/div><\/div>","protected":false},"excerpt":{"rendered":"<p>I hrvatski promotori Ivermectina poku\u0161ali su u ovu sumnjivu pri\u010du utopiti znanstvenika Williama Campbella koji je nagra\u0111en Nobelovom nagradom za izoliranje molekule Ivermectina 1978. godine. \u0160tovi\u0161e, dru\u0161tvene mre\u017ee je nekoliko puta obi\u0161ao citat koji se la\u017eno pripisivao Campbellu.<\/p>\n","protected":false},"author":10,"featured_media":54925,"comment_status":"closed","ping_status":"closed","sticky":false,"template":"","format":"standard","meta":{"footnotes":""},"categories":[3,2853],"tags":[2430,982,2996,2046],"class_list":["post-54922","post","type-post","status-publish","format-standard","has-post-thumbnail","hentry","category-zdravlje","category-zivim-ucim-rastem","tag-covid-19","tag-fake-news","tag-ivermectin","tag-korona-virus"],"_links":{"self":[{"href":"https:\/\/www.mojevrijeme.hr\/magazin\/wp-json\/wp\/v2\/posts\/54922","targetHints":{"allow":["GET"]}}],"collection":[{"href":"https:\/\/www.mojevrijeme.hr\/magazin\/wp-json\/wp\/v2\/posts"}],"about":[{"href":"https:\/\/www.mojevrijeme.hr\/magazin\/wp-json\/wp\/v2\/types\/post"}],"author":[{"embeddable":true,"href":"https:\/\/www.mojevrijeme.hr\/magazin\/wp-json\/wp\/v2\/users\/10"}],"replies":[{"embeddable":true,"href":"https:\/\/www.mojevrijeme.hr\/magazin\/wp-json\/wp\/v2\/comments?post=54922"}],"version-history":[{"count":0,"href":"https:\/\/www.mojevrijeme.hr\/magazin\/wp-json\/wp\/v2\/posts\/54922\/revisions"}],"wp:featuredmedia":[{"embeddable":true,"href":"https:\/\/www.mojevrijeme.hr\/magazin\/wp-json\/wp\/v2\/media\/54925"}],"wp:attachment":[{"href":"https:\/\/www.mojevrijeme.hr\/magazin\/wp-json\/wp\/v2\/media?parent=54922"}],"wp:term":[{"taxonomy":"category","embeddable":true,"href":"https:\/\/www.mojevrijeme.hr\/magazin\/wp-json\/wp\/v2\/categories?post=54922"},{"taxonomy":"post_tag","embeddable":true,"href":"https:\/\/www.mojevrijeme.hr\/magazin\/wp-json\/wp\/v2\/tags?post=54922"}],"curies":[{"name":"wp","href":"https:\/\/api.w.org\/{rel}","templated":true}]}}