{"id":54933,"date":"2021-12-22T10:15:02","date_gmt":"2021-12-22T09:15:02","guid":{"rendered":"https:\/\/www.mojevrijeme.hr\/magazin\/?p=54933"},"modified":"2021-12-22T10:15:03","modified_gmt":"2021-12-22T09:15:03","slug":"celic-marusic-nasljedivanje-imovine-iz-drugog-mirovinskog-stupa-mora-biti-bezuvjetno","status":"publish","type":"post","link":"https:\/\/www.mojevrijeme.hr\/magazin\/2021\/12\/celic-marusic-nasljedivanje-imovine-iz-drugog-mirovinskog-stupa-mora-biti-bezuvjetno\/","title":{"rendered":"\u0106eli\u0107 Maru\u0161i\u0107: Naslje\u0111ivanje imovine iz drugog mirovinskog stupa mora biti bezuvjetno"},"content":{"rendered":"\n<p>Svi koji iz svojih pla\u0107a izdvajaju 5 posto u drugi mirovinski stup, odnosno, \u0161tede za mirovinu, morali bi mo\u0107i stvarno raspolagati svojim novcem tijekom \u0161tednje ili po odlasku u mirovinu. Jedan je to od prijedloga Udruge \u010dlanova obveznih i dobrovoljnih mirovinskih fondova koji su nedavno predstavili analizu mirovinskog sustava kojom predla\u017eu i reformu tog sustava. Rije\u010d je o udruzi koja je osnovana\u00a0s ciljem pove\u0107anja svijesti gra\u0111ana o postojanju individualne mirovinske \u0161tednje, kapitalizaciji te \u0161tednje, ulozi mirovinskih fondova te o mogu\u0107nostima koje budu\u0107im umirovljenicima stoje na raspolaganju.<\/p>\n\n\n\n<p>Prema postoje\u0107im pravilima, za vrijeme \u0161tednje budu\u0107i umirovljenik nema mogu\u0107nosti kori\u0161tenja u\u0161te\u0111enog, dok po umirovljenju mo\u017ee odrediti korisnika svoje imovine iz drugog mirovinskog stupa u slu\u010daju njegove smrti.<\/p>\n\n\n\n<h3 class=\"wp-block-heading\">Sredstva iz drugog stupa i za lije\u010denje ili kao zalog<\/h3>\n\n\n\n<p>U Udruzi tako predla\u017eu da \u010dlan obaveznog mirovinskog fonda ima mogu\u0107nost povu\u0107i dio sredstava fonda za potrebe podmirenja izvanrednih financijskih tro\u0161kova obitelji ili da dio imovine mo\u017ee zalo\u017eiti\u00a0u, primjerice, situacijama kupnje prve nekretnine \u010dlana obitelji, djece i sli\u010dno.<\/p><div id=\"mojev-1615806014\" class=\"mojev-u-tekstu mojev-entity-placement\" style=\"margin-left: auto;margin-right: auto;text-align: center;\"><div class=\"mojev-adlabel\">oglas<\/div><div style=\"height: 250px;\"><script async src=\"https:\/\/pagead2.googlesyndication.com\/pagead\/js\/adsbygoogle.js?client=ca-pub-8106111766207173\"\r\n     crossorigin=\"anonymous\"><\/script>\r\n<!-- Prikazni 1 u tekstu -->\r\n<ins class=\"adsbygoogle\"\r\n     style=\"display:block\"\r\n     data-ad-client=\"ca-pub-8106111766207173\"\r\n     data-ad-slot=\"8535551207\"\r\n     data-ad-format=\"auto\"\r\n     data-full-width-responsive=\"true\"><\/ins>\r\n<script>\r\n     (adsbygoogle = window.adsbygoogle || []).push({});\r\n<\/script><\/div><\/div><br style=\"clear: both; display: block; float: none;\"\/>\n\n\n\n<p>Uzev\u0161i u obzir te\u0161ku materijalnu situaciju u kojoj se nalazi velik dio gra\u0111ana Hrvatske, od kojih mnogi ne bi mogli podnijeti iznenadan financijski udar niti u visini jedne mjese\u010dne pla\u0107e, smatramo, isti\u010de\u00a0izvr\u0161na direktorica Udruge <strong>Manuela \u0106eli\u0107 Maru\u0161i\u0107<\/strong>, da bi trebalo uvesti kompromisno rje\u0161enje na na\u010din da se u odre\u0111enim uvjetima, kao \u0161to je npr. smrt bliskog \u010dlana obitelji ili \u017eivotna ugro\u017eenost samog osiguranika, dopusti gra\u0111anima da dio sredstava mogu podi\u0107i.<\/p>\n\n\n\n<p>&#8220;\u0160to se ti\u010de (ne)mogu\u0107nosti raspolaganja sredstvima u obaveznim mirovinskim fondovima (OMF) prije stjecanja prava na mirovinu, moram priznati da smo oko te teme i unutar Udruge lomili koplja. Od toga da su to na\u0161a privatna sredstva, na\u0161a osobna imovina i da bi bilo logi\u010dno da tom imovinom mogu raspolagati po mojoj volji, do mi\u0161ljenja da je to ipak namjenska \u0161tednja za mirovinu i da postoji opasnost da bi ju ljudi mogli potro\u0161iti u druge svrhe i odmah.&#8221;<\/p>\n\n\n\n<p>Obrazlo\u017eenje da se u\u0161te\u0111evinom za mirovinu ne mo\u017ee raspolagati jer su gra\u0111ani neodgovorni i ne bi ju \u010duvali za mirovinu, izvr\u0161na direktorica Udruge smatra dvojbenom. &#8220;Ok, to je namjenska mirovinska \u0161tednja pa je zaista mogu\u0107e da bi ljudi te\u0161ko odoljeli ne potro\u0161iti je prije odlaska u mirovinu, osobito uzev\u0161i u obzir da se dobar dio hrvatskog stanovni\u0161tva bori za egzistenciju.\u00a0Ali jesam li i sa 65 ili 70 i dalje tako neodgovorna? Pa bih i tada prokockala cijeli iznos?&#8221;<\/p>\n\n\n\n<h3 class=\"wp-block-heading\">Naslje\u0111ivanje mora biti bezuvjetno<\/h3>\n\n\n\n<p>Niti u trenutku odlaska u mirovinu ne mo\u017ee se raspolagati svojim u\u0161te\u0111enim iznosom u cijelosti, poja\u0161njava dalje \u0106eli\u0107 Maru\u0161i\u0107, ve\u0107 samo s 15 posto i to u strogo definiranim uvjetima: &#8220;Pa ako ve\u0107 ne mogu raspolagati svojom mirovinskom u\u0161te\u0111evinom, dajte makar da kad umrem taj iznos bezuvjetno pripadne mojim nasljednicima. A ne ostalim umirovljenicima koji su imali sre\u0107e \u017eivjeti dulje. Nismo protiv solidarnosti, ali solidarnost treba biti rije\u0161ena kroz institut najni\u017ee dr\u017eavne mirovine, a ne prelijevanjem privatne \u0161tednje.&#8221; To \u0161to je ne\u0161to sad tako regulirano, nagla\u0161ava, ne zna\u010di da ekonomski ima smisla i da je upisano u kamen.<\/p>\n\n\n\n<p>I kada je u pitanju naslje\u0111ivanje u\u0161te\u0111evine, ono bi, isti\u010de izvr\u0161na direktorica Udruge Manuela \u0106eli\u0107 Maru\u0161i\u0107, trebalo biti &#8211; bezuvjetno. Smatramo da na\u0161a mirovinska \u0161tednja koju smo unijeli u mirovinsko osiguravaju\u0107e dru\u0161tvo (MOD), koje po umirovljenju ispla\u0107uje mirovine iz drugog stupa, dodaje, mora biti u cijelosti predmetom naslje\u0111ivanja.<\/p>\n\n\n\n<figure class=\"wp-block-image size-large\"><img loading=\"lazy\" decoding=\"async\" width=\"740\" height=\"493\" src=\"https:\/\/www.mojevrijeme.hr\/magazin\/wp-content\/uploads\/2019\/11\/umirovljenici-740x493.jpg\" alt=\"\" class=\"wp-image-32257\" srcset=\"https:\/\/www.mojevrijeme.hr\/magazin\/wp-content\/uploads\/2019\/11\/umirovljenici-740x493.jpg 740w, https:\/\/www.mojevrijeme.hr\/magazin\/wp-content\/uploads\/2019\/11\/umirovljenici-636x424.jpg 636w, https:\/\/www.mojevrijeme.hr\/magazin\/wp-content\/uploads\/2019\/11\/umirovljenici-768x512.jpg 768w, https:\/\/www.mojevrijeme.hr\/magazin\/wp-content\/uploads\/2019\/11\/umirovljenici-1536x1024.jpg 1536w, https:\/\/www.mojevrijeme.hr\/magazin\/wp-content\/uploads\/2019\/11\/umirovljenici.jpg 2000w\" sizes=\"auto, (max-width: 740px) 100vw, 740px\" \/><figcaption>foto: Sandro Bura<\/figcaption><\/figure>\n\n\n\n<p>&#8220;Sad to nije tako, osim ako se tako ugovori, ali onda se to penalizira manjim iznosima ispla\u0107ene mjese\u010dne mirovine. Ako nisam ugovorila naslje\u0111ivanje, a umrem u tijeku kori\u0161tenja mirovine, ostatak mojih sredstava koja sam prenijela iz obveznog mirovinskog fonda (OMF) ne\u0107e dobiti moji nasljednici, nego \u0107e se rasporediti na ostale umirovljenike u MOD-u. Je li to onda individualna mirovinska \u0161tednja ili solidarnost prenesena u MOD? Da budemo jasni, ovdje ne govorimo o sredstvima koja su upla\u0107ivana u prvi stup, govorimo isklju\u010divo o onih 5 posto doprinosa koji idu u drugi stup i za koje nam zakon ka\u017ee da su na\u0161a osobna imovina. Osobna imovina kojom ne mogu raspolagati?&#8221;<\/p>\n\n\n\n<p>&#8220;Pa ako su to moja sredstva tj. moja osobna imovina, zar nije logi\u010dno da ju u slu\u010daju moje smrti naslijede moja djeca&#8221;, pita se \u0106eli\u0107 Maru\u0161i\u0107 koja isti\u010de kako je tu ve\u0107i problem naslje\u0111ivanja iz mirovinskih osiguravaju\u0107ih dru\u0161tava nego iz obaveznih mirovinskih fondova.<\/p>\n\n\n\n<h3 class=\"wp-block-heading\">Mirovinska \u0161tednja isplativa tek malom broju<\/h3>\n\n\n\n<p>Promjene u mirovinskom sustavu koje Udruga predla\u017ee u desetak osnovnih to\u010daka, ako ih se uva\u017ei u budu\u0107nosti bi trebale rezultirati i ve\u0107im mirovinama i, isti\u010de \u0106eli\u0107 Maru\u0161i\u0107,\u00a0manjim optere\u0107enjem na dr\u017eavni prora\u010dun.<\/p>\n\n\n\n<p>&#8220;Osobno smatram da je potrebno manje se oslanjati na dr\u017eavu i preuzeti ve\u0107u odgovornost za svoj \u017eivot pa tako i za vlastitu egzistenciju u budu\u0107nosti, ali s druge strane je nu\u017eno propitkivanje i ve\u0107a odgovornost dr\u017eave i fondova za upravljanje tu\u0111im novcima. Mi smo trenutno u situaciji da ne mo\u017eemo previ\u0161e utjecati ni na \u0161to. A nas preko 2 milijuna upla\u0107uje novce u mirovinske fondove! Nije prirodno da nemamo pravo glasa ni utjecaja na na\u010din upravljanja na\u0161im novcima. Ako se ni na \u0161to ne mo\u017ee utjecati, dodaje, onda ne mo\u017eete od ljudi niti tra\u017eiti zainteresiranost i anga\u017eiranost.&#8221;<\/p>\n\n\n\n<p>Kao dvije klju\u010dne stvari koje bi sustav u\u010dinile isplativijim, u Udruzi vide kroz ve\u0107e izdvajanje u privatne mirovinske sheme i promjenu strukture ulaganja, a sve u cilju ostvarivanja boljih prinosa i ve\u0107ih budu\u0107ih mirovina. U trenutnoj situaciji, kako isti\u010du u Udruzi, ve\u0107ina ljudi ne\u0107e do\u010dekati svoj u\u0161te\u0111eni novac u MOD-u, a kapitalizirana \u0161tednja isplativa je tek malom broju ljudi. Do toga su zaklju\u010dka, poja\u0161njava njezina izvr\u0161na direktorica, do\u0161li, preko kalkulatora dostupnih na web stranici mirovinskog osiguravaju\u0107eg dru\u0161tva.<\/p>\n\n\n\n<p>&#8220;Kad upi\u0161emo brojke u javno dostupni kalkulator i kad izra\u010dunamo stopu povrata na svoja sredstva, ona na 20 godina ispada 0. Trebali bi sad u\u0107i u razli\u010dite modele mirovine, indeksaciju i aktuarske izra\u010dune, ali za \u010ditateljstvo je bitno ovo \u2013 na\u0161i izra\u010duni, koje su potvrdili i kolege iz MOD-a pokazuju da ovako postavljen sustav isplate mirovina iz MOD-ova za korisnika nije dobar proizvod. Koliko god je istina da nijedna budu\u0107nost nije li\u0161ena neizvjesnosti i rizika, nije normalno da ja ne dobijem natrag makar novac koji sam unijela u MOD.&#8221;<\/p>\n\n\n\n<p>To je ekonomska istina, nagla\u0161ava \u0106eli\u0107 Maru\u0161i\u0107. Ako se nekome da novac na upravljanje, onda ne samo da o\u010dekujemo da se sa\u010duva njegova vrijednost, nego se o\u010dekuje da mi ostvari i odre\u0111eni prinos na sredstva koja mirovinski fond ula\u017ee, a ne da ih samo \u010duva. &#8220;Onda ih mogu \u010duvati i u \u010darapi ili u banci. No da budemo do kraja korektni, nisu MOD-ovi tu isklju\u010divi krivac. I oni su raznim ograni\u010denjima na neki na\u010din primorani nuditi ono \u0161to nude.&#8221; U Udruzi tvrde kako prema aktualnom izra\u010dunu treba od 24 do 27 godina da se do\u0111e na dogovorenu stopu prinosa.<\/p>\n\n\n\n<h3 class=\"wp-block-heading\">Ulaganja fondova izrazito ograni\u010dena<\/h3>\n\n\n\n<p>Smatraju da je cijela pri\u010da oko mogu\u0107nosti ulaganja obaveznih mirovinskih fondova trenutno preregulirana.<\/p>\n\n\n\n<p>Uzimaju\u0107i u obzir da je \u0161tednja za mirovinu konzervativna \u0161tednja, i da se radi o ulaganju na izrazito dugi rok koji, obzorom na dugoro\u010dnost ulaganja, mo\u017ee imati podno\u0161ljive oscilacije. Bitno je, nagla\u0161ava \u0106eli\u0107 Maru\u0161i\u0107, ostvariti ukupni rast u dugom razdoblju, a to se posti\u017ee, izme\u0111u ostalog, upravljanjem portfeljem i disperzijom rizika, \u0161to i jest posao menad\u017eera fonda.<\/p>\n\n\n\n<p>&#8220;Danas ne mo\u017eemo re\u0107i da se radi o disperziji rizika, ako je 60 posto sredstava u jednom financijskom instrumentu. Mi smatramo da, sukladno pravilu diverzifikacije rizika, ne bi trebali imati vi\u0161e od 10 posto imovine u jednom instrumentu pa makar to bile i obveznice Republike Hrvatske.\u00a0Kad postavite pitanje fondovima za\u0161to ne ula\u017eu u instrumente s vi\u0161im potencijalnim prinosima, u likvidnije instrumente, za\u0161to nisu vi\u0161e prisutni na nekim tr\u017ei\u0161tima izvan Republike Hrvatske, odgovor je \u2013 regulativa nam ne dopu\u0161ta.&#8221;<\/p>\n\n\n\n<h3 class=\"wp-block-heading\"><strong>Pove\u0107anje mirovina pove\u0107anjem ve\u0107ih izdvajanja za drugi stup<\/strong><\/h3>\n\n\n\n<p>Za pove\u0107anje mirovina, nu\u017eno je i pove\u0107anje izdvajanja u drugi mirovinski stup, podsje\u0107a izvr\u0161na direktorica Udruge i dodaje kako je to i\u00a0bilo planirano samom mirovinskom reformom. Me\u0111utim, ono se nije dogodilo, nego je stalo na 5 posto.\u00a0Ideja mirovinskog sustava koji se dijelom zasniva na privatnoj mirovinskoj \u0161tednji je dobra ideja, jer novac koji se ula\u017ee i kroz godine oplo\u0111uje, sigurno donosi ve\u0107i iznos u trenutku odlaska u mirovinu, od novca koji se ne ula\u017ee.<\/p>\n\n\n\n<p>&#8220;Vrlo jednostavno. Dakle, ideja mirovinske reforme je bila dobra, jer ako smo samo u prvom stupu, onda se sva sredstva koja uplate sada\u0161nji radnici tro\u0161e za isplatu mirovina sada\u0161njim umirovljenicima. Ako imamo drugi stup, onda se dio sredstava koja se upla\u0107uju u drugi stup ula\u017eu i vremenom, osobito kad pri\u010damo o vremenu do ostvarivanja prava na mirovinu, \u0161to je rok od nekoliko desetlje\u0107a, ukupni iznos postaje znatno ve\u0107i od iznosa samih uplata. To i jest bit privatne mirovinske \u0161tednje i ulaganja.&#8221;<\/p>\n\n\n\n<figure class=\"wp-block-image size-large\"><img loading=\"lazy\" decoding=\"async\" width=\"740\" height=\"444\" src=\"https:\/\/www.mojevrijeme.hr\/magazin\/wp-content\/uploads\/2021\/07\/kartanje-740x444.jpg\" alt=\"\" class=\"wp-image-49728\" srcset=\"https:\/\/www.mojevrijeme.hr\/magazin\/wp-content\/uploads\/2021\/07\/kartanje-740x444.jpg 740w, https:\/\/www.mojevrijeme.hr\/magazin\/wp-content\/uploads\/2021\/07\/kartanje-636x382.jpg 636w, https:\/\/www.mojevrijeme.hr\/magazin\/wp-content\/uploads\/2021\/07\/kartanje-768x461.jpg 768w, https:\/\/www.mojevrijeme.hr\/magazin\/wp-content\/uploads\/2021\/07\/kartanje-1536x922.jpg 1536w, https:\/\/www.mojevrijeme.hr\/magazin\/wp-content\/uploads\/2021\/07\/kartanje-1500x900.jpg 1500w, https:\/\/www.mojevrijeme.hr\/magazin\/wp-content\/uploads\/2021\/07\/kartanje-1600x960.jpg 1600w, https:\/\/www.mojevrijeme.hr\/magazin\/wp-content\/uploads\/2021\/07\/kartanje-590x354.jpg 590w, https:\/\/www.mojevrijeme.hr\/magazin\/wp-content\/uploads\/2021\/07\/kartanje-400x240.jpg 400w, https:\/\/www.mojevrijeme.hr\/magazin\/wp-content\/uploads\/2021\/07\/kartanje-1000x600.jpg 1000w, https:\/\/www.mojevrijeme.hr\/magazin\/wp-content\/uploads\/2021\/07\/kartanje-820x492.jpg 820w, https:\/\/www.mojevrijeme.hr\/magazin\/wp-content\/uploads\/2021\/07\/kartanje-1080x648.jpg 1080w, https:\/\/www.mojevrijeme.hr\/magazin\/wp-content\/uploads\/2021\/07\/kartanje.jpg 2000w\" sizes=\"auto, (max-width: 740px) 100vw, 740px\" \/><figcaption>foto: Cristina Gottardi\/Unsplash<\/figcaption><\/figure>\n\n\n\n<p>Osim pove\u0107anja izdvajanja iz pla\u0107a u drugi mirovinski stup, u Udruzi se zala\u017eu za ukidanje mogu\u0107nosti prijenosa \u0161tednje iz drugog mirovinskog stupa u prvi prilikom odlaska u mirovinu. <\/p>\n\n\n\n<p>Nije prirodno, nagla\u0161ava \u0106eli\u0107 Maru\u0161i\u0107, da mirovina koju se dobije iz prvog stupa u kojem upla\u0107ena sredstva odmah idu u teku\u0107u potro\u0161nju na aktualne mirovine, bude ve\u0107a i povoljnija od kombinirane mirovine u kojoj se dio sredstava kroz dugi broj godina ula\u017ee i ostvaruje prinose. &#8220;To se naprosto kosi s ekonomskom logikom i podriva osnove tr\u017ei\u0161nog funkcioniranja mirovinskog sustava. Radi se isklju\u010divo o odluci dr\u017eave koja nije utemeljena na ekonomskoj logici.&#8221;<\/p>\n\n\n\n<h3 class=\"wp-block-heading\">Postoje\u0107i sustav nije odr\u017eiv<\/h3>\n\n\n\n<p>Iz svega je razvidno, nagla\u0161ava, kako postoje\u0107i mirovinski sustav ne mo\u017ee biti odr\u017eiv. S na\u0161im gospodarskim i demografskim trendovima, stopom iseljavanja, starenjem stanovni\u0161tva, sve lo\u0161ijim omjerom radnika i umirovljenika, on je, isti\u010de, matemati\u010dki neodr\u017eiv.<\/p>\n\n\n\n<p>&#8220;Mo\u017eda se trebam ispraviti \u2013 sustav nije neodr\u017eiv, ali rezultirat \u0107e lo\u0161ijom situacijom i manjim mirovinama od onih koje imamo danas. A \u0161to imamo danas? Prosje\u010dnu mirovinu od 2.800 kuna. Pa pozivam toga koji ka\u017ee da je ovaj sustav koji isporu\u010duje mirovinu od 2.800 kuna dobar sustav i neka poku\u0161a pre\u017eivjeti s 2.800 kuna mjese\u010dno! A tu govorimo o prosjeku.&#8221; <\/p>\n\n\n\n<p>Najve\u0107i broj hrvatskih umirovljenika \u017eivi s iznosima manjim od toga i to ispod granice siroma\u0161tva. &#8220;Ako nismo u stanju pogledati oko sebe, vidjeti siromaha, otvoriti o\u010di i pogledati kako ljudi \u017eive, poku\u0161ati u\u010diniti ne\u0161to da se stvari poprave, ako svi budemo razmi\u0161ljali na na\u010din da nas se to ne ti\u010de, onda \u0107e stvari i\u0107i samo nizbrdo. Pod tepih se problemi mogu gurati samo do odre\u0111ene granice.&#8221;<\/p>\n\n\n\n<p>U Udruzi \u010dlanova obveznih i dobrovoljnih mirovinskih fondova, koja okuplja ekonomiste, pravnike, znanstvenike, financijske analiti\u010dare, poduzetnike, studente, komunikacijske stru\u010dnjake, vjeruju da \u0107e dokument koji su predstavili i koji je dostupan javnosti biti dovoljno poticajan za daljnji dijalog, sugestije i argumentirane rasprave koje su iznad pojedina\u010dnih interesa i \u010detverogodi\u0161njih mandata.<\/p>\n\n\n\n<p>&#8220;Mi kao Udruga nemamo poziciju niti mogu\u0107nost dono\u0161enja odluka, ali smo ozbiljno i studiozno pristupili temi, s jednim jedinim ciljem \u2013 boljim mirovinama za budu\u0107e umirovljenike. Smatramo da smo ponudili kvalitetna rje\u0161enja.&#8221;<\/p>\n\n\n\n<p>U dosad obavljenim razgovorima sa stru\u010dnim osobama, neovisnim analiti\u010darima, dru\u0161tvima za upravljanje mirovinskim fondovima, MOD-om, regulatorom (HANFA), predstavnicima poslodavaca i ostalima, zaklju\u010duje izvr\u0161na direktorica \u0106eli\u0107 Maru\u0161i\u0107, postignuta je suglasnost oko najva\u017enijih problema, ali i smjera djelovanja, kao i ve\u0107ine prijedloga: &#8220;Naravno da se ne mo\u017eemo oko svega slo\u017eiti, ali smatramo da ovdje jedini cilj treba biti za\u0161tita interesa ulagatelja u mirovinske fondove i interesa hrvatskih umirovljenika i u tom smjeru su na\u0161i prijedlozi.&#8221;<\/p>\n\n\n\n<div id=\"blokovi\"><img decoding=\"async\" src=\"https:\/\/www.mojevrijeme.hr\/magazin\/wp-content\/uploads\/2020\/09\/esf-lenta.jpg\">\nOvaj prilog objavljen je u sklopu projekta \u201cNovo vrijeme\u201d. Projekt je sufinancirala\nEuropska unija sredstvima Europskog socijalnog fonda. Sadr\u017eaj priloga isklju\u010diva\nje odgovornost Udruge Ho\u0107u stranicu.<\/div>\n<div id=\"mojev-2189179810\" class=\"mojev-kraj-teksta mojev-entity-placement\" style=\"margin-bottom: 20px;margin-left: auto;margin-right: auto;text-align: center;\"><div class=\"mojev-adlabel\">oglas<\/div><div style=\"height: 250px;\"><script async src=\"https:\/\/pagead2.googlesyndication.com\/pagead\/js\/adsbygoogle.js?client=ca-pub-8106111766207173\"\r\n     crossorigin=\"anonymous\"><\/script>\r\n<!-- Display-1 -->\r\n<ins class=\"adsbygoogle\"\r\n     style=\"display:block\"\r\n     data-ad-client=\"ca-pub-8106111766207173\"\r\n     data-ad-slot=\"1465712950\"\r\n     data-ad-format=\"auto\"\r\n     data-full-width-responsive=\"true\"><\/ins>\r\n<script>\r\n     (adsbygoogle = window.adsbygoogle || []).push({});\r\n<\/script><\/div><\/div>","protected":false},"excerpt":{"rendered":"<p>Obrazlo\u017eenje da svojom u\u0161te\u0111evinom za mirovinu ne mo\u017eemo raspolagati jer su budu\u0107i umirovljenici i gra\u0111ani neodgovorni, Udruga \u010dlanova obaveznih i dobrovoljnih mirovinskih fondova smatra dvojbenim. Tako\u0111er, upitan je i karakter te u\u0161te\u0111evine, ako se smr\u0107u njenog vlasnika ista solidarno raspore\u0111uje na pre\u017eivjele umirovljenike.<\/p>\n","protected":false},"author":14,"featured_media":49251,"comment_status":"closed","ping_status":"closed","sticky":false,"template":"","format":"standard","meta":{"footnotes":""},"categories":[9],"tags":[1133,2997,2339,2748],"class_list":["post-54933","post","type-post","status-publish","format-standard","has-post-thumbnail","hentry","category-vijesti","tag-drugi-stup","tag-manuela-celic-marusic","tag-novo-vrijeme","tag-raspolaganje-imovinom"],"_links":{"self":[{"href":"https:\/\/www.mojevrijeme.hr\/magazin\/wp-json\/wp\/v2\/posts\/54933","targetHints":{"allow":["GET"]}}],"collection":[{"href":"https:\/\/www.mojevrijeme.hr\/magazin\/wp-json\/wp\/v2\/posts"}],"about":[{"href":"https:\/\/www.mojevrijeme.hr\/magazin\/wp-json\/wp\/v2\/types\/post"}],"author":[{"embeddable":true,"href":"https:\/\/www.mojevrijeme.hr\/magazin\/wp-json\/wp\/v2\/users\/14"}],"replies":[{"embeddable":true,"href":"https:\/\/www.mojevrijeme.hr\/magazin\/wp-json\/wp\/v2\/comments?post=54933"}],"version-history":[{"count":0,"href":"https:\/\/www.mojevrijeme.hr\/magazin\/wp-json\/wp\/v2\/posts\/54933\/revisions"}],"wp:featuredmedia":[{"embeddable":true,"href":"https:\/\/www.mojevrijeme.hr\/magazin\/wp-json\/wp\/v2\/media\/49251"}],"wp:attachment":[{"href":"https:\/\/www.mojevrijeme.hr\/magazin\/wp-json\/wp\/v2\/media?parent=54933"}],"wp:term":[{"taxonomy":"category","embeddable":true,"href":"https:\/\/www.mojevrijeme.hr\/magazin\/wp-json\/wp\/v2\/categories?post=54933"},{"taxonomy":"post_tag","embeddable":true,"href":"https:\/\/www.mojevrijeme.hr\/magazin\/wp-json\/wp\/v2\/tags?post=54933"}],"curies":[{"name":"wp","href":"https:\/\/api.w.org\/{rel}","templated":true}]}}