{"id":54963,"date":"2021-12-21T11:41:39","date_gmt":"2021-12-21T10:41:39","guid":{"rendered":"https:\/\/www.mojevrijeme.hr\/magazin\/?p=54963"},"modified":"2021-12-21T11:41:57","modified_gmt":"2021-12-21T10:41:57","slug":"zagreb-organizira-docek-2022-godine-na-trgu-uz-postivanje-epidemioloskih-mjera","status":"publish","type":"post","link":"https:\/\/www.mojevrijeme.hr\/magazin\/2021\/12\/zagreb-organizira-docek-2022-godine-na-trgu-uz-postivanje-epidemioloskih-mjera\/","title":{"rendered":"Zagreb organizira do\u010dek 2022. godine na Trgu uz po\u0161tivanje epidemiolo\u0161kih mjera"},"content":{"rendered":"\n<p>Zagreba\u010dki gradona\u010delnik <strong>Tomislav Toma\u0161evi\u0107<\/strong> razgovarao je s ministrom unutarnjih poslova i \u0161efom Sto\u017eera civilne za\u0161tite Davorom Bo\u017einovi\u0107em o organiziranju do\u010deka 2022. godine. <\/p>\n\n\n\n<p>&#8220;Zagreb planira do\u010dek Nove godine na otvorenom, tako da \u0107e se on vjerojatno dogoditi. S obzirom na odluke Sto\u017eera, mogu\u0107e da ne\u0161to bude u zadnji \u010das. Zagreb \u0107e imati do\u010dek na otvorenom, u skladu s epidemiolo\u0161kim uputama. Dio Trga \u0107e biti ogra\u0111en i njega \u0107e se mo\u0107i samo s COVID potvrdama\u201d, ka\u017ee gradona\u010delnik Toma\u0161evi\u0107. <\/p>\n\n\n\n<p>Sastavljanje programa je pri kraju, objavio je prvi \u010dovjek metropole, dodaju\u0107i da se ovih dana potpisuju ugovori. Vrijeme do kad \u0107e proslava trajati \u0107e \u201covisiti o Sto\u017eeru\u201d, ka\u017ee Toma\u0161evi\u0107.<\/p><div id=\"mojev-3012296484\" class=\"mojev-u-tekstu mojev-entity-placement\" style=\"margin-left: auto;margin-right: auto;text-align: center;\"><div class=\"mojev-adlabel\">oglas<\/div><div style=\"height: 250px;\"><script async src=\"https:\/\/pagead2.googlesyndication.com\/pagead\/js\/adsbygoogle.js?client=ca-pub-8106111766207173\"\r\n     crossorigin=\"anonymous\"><\/script>\r\n<!-- Prikazni 1 u tekstu -->\r\n<ins class=\"adsbygoogle\"\r\n     style=\"display:block\"\r\n     data-ad-client=\"ca-pub-8106111766207173\"\r\n     data-ad-slot=\"8535551207\"\r\n     data-ad-format=\"auto\"\r\n     data-full-width-responsive=\"true\"><\/ins>\r\n<script>\r\n     (adsbygoogle = window.adsbygoogle || []).push({});\r\n<\/script><\/div><\/div><br style=\"clear: both; display: block; float: none;\"\/>\n<div id=\"mojev-1347083926\" class=\"mojev-kraj-teksta mojev-entity-placement\" style=\"margin-bottom: 20px;margin-left: auto;margin-right: auto;text-align: center;\"><div class=\"mojev-adlabel\">oglas<\/div><div style=\"height: 250px;\"><script async src=\"https:\/\/pagead2.googlesyndication.com\/pagead\/js\/adsbygoogle.js?client=ca-pub-8106111766207173\"\r\n     crossorigin=\"anonymous\"><\/script>\r\n<!-- Display-1 -->\r\n<ins class=\"adsbygoogle\"\r\n     style=\"display:block\"\r\n     data-ad-client=\"ca-pub-8106111766207173\"\r\n     data-ad-slot=\"1465712950\"\r\n     data-ad-format=\"auto\"\r\n     data-full-width-responsive=\"true\"><\/ins>\r\n<script>\r\n     (adsbygoogle = window.adsbygoogle || []).push({});\r\n<\/script><\/div><\/div>","protected":false},"excerpt":{"rendered":"<p>Zagreba\u010dki gradona\u010delnik Tomislav Toma\u0161evi\u0107 razgovarao je s ministrom unutarnjih poslova i \u0161efom Sto\u017eera civilne za\u0161tite Davorom Bo\u017einovi\u0107em o organiziranju do\u010deka 2022. godine. &#8220;Zagreb planira do\u010dek Nove godine na otvorenom, tako da \u0107e se on vjerojatno dogoditi. S obzirom na odluke Sto\u017eera, mogu\u0107e da ne\u0161to bude u zadnji \u010das. Zagreb \u0107e imati do\u010dek na otvorenom, u [&hellip;]<\/p>\n","protected":false},"author":1,"featured_media":54305,"comment_status":"closed","ping_status":"closed","sticky":false,"template":"","format":"standard","meta":{"footnotes":""},"categories":[9],"tags":[393,2670,39],"class_list":["post-54963","post","type-post","status-publish","format-standard","has-post-thumbnail","hentry","category-vijesti","tag-nova-godina","tag-tomislav-tomasevic","tag-zagreb"],"_links":{"self":[{"href":"https:\/\/www.mojevrijeme.hr\/magazin\/wp-json\/wp\/v2\/posts\/54963","targetHints":{"allow":["GET"]}}],"collection":[{"href":"https:\/\/www.mojevrijeme.hr\/magazin\/wp-json\/wp\/v2\/posts"}],"about":[{"href":"https:\/\/www.mojevrijeme.hr\/magazin\/wp-json\/wp\/v2\/types\/post"}],"author":[{"embeddable":true,"href":"https:\/\/www.mojevrijeme.hr\/magazin\/wp-json\/wp\/v2\/users\/1"}],"replies":[{"embeddable":true,"href":"https:\/\/www.mojevrijeme.hr\/magazin\/wp-json\/wp\/v2\/comments?post=54963"}],"version-history":[{"count":0,"href":"https:\/\/www.mojevrijeme.hr\/magazin\/wp-json\/wp\/v2\/posts\/54963\/revisions"}],"wp:featuredmedia":[{"embeddable":true,"href":"https:\/\/www.mojevrijeme.hr\/magazin\/wp-json\/wp\/v2\/media\/54305"}],"wp:attachment":[{"href":"https:\/\/www.mojevrijeme.hr\/magazin\/wp-json\/wp\/v2\/media?parent=54963"}],"wp:term":[{"taxonomy":"category","embeddable":true,"href":"https:\/\/www.mojevrijeme.hr\/magazin\/wp-json\/wp\/v2\/categories?post=54963"},{"taxonomy":"post_tag","embeddable":true,"href":"https:\/\/www.mojevrijeme.hr\/magazin\/wp-json\/wp\/v2\/tags?post=54963"}],"curies":[{"name":"wp","href":"https:\/\/api.w.org\/{rel}","templated":true}]}}