{"id":55011,"date":"2021-12-28T12:48:25","date_gmt":"2021-12-28T11:48:25","guid":{"rendered":"https:\/\/www.mojevrijeme.hr\/magazin\/?p=55011"},"modified":"2021-12-28T12:51:14","modified_gmt":"2021-12-28T11:51:14","slug":"bezovan-o-potpomognutom-stanovanju-za-hrvate-je-planiranje-buducnosti-svetogrde","status":"publish","type":"post","link":"https:\/\/www.mojevrijeme.hr\/magazin\/2021\/12\/bezovan-o-potpomognutom-stanovanju-za-hrvate-je-planiranje-buducnosti-svetogrde\/","title":{"rendered":"Kamo u starosti? &#8216;Za Hrvate je planiranje budu\u0107nosti &#8211; svetogr\u0111e&#8217;"},"content":{"rendered":"\n<p>U vrijeme blagdana prije \u0161est godina primili su svog prvog pacijenta. Ubrzo su i slu\u017ebeno otvorili vrata druga\u010dijem modelu domskog smje\u0161taja i usluga za starije osobe u Hrvatskoj. Naselje <em>Salvia Senior Residence<\/em> prvo je takvoga tipa kod nas sagra\u0111eno po europskom modelu potpomognutog stanovanja za kvalitetniji \u017eivot u tre\u0107oj dobi. Smje\u0161teno je nedaleko mora na potezu izme\u0111u Crikvenice i Selca, na dijelu Kvarnera kojeg zbog povoljne mikroklime nazivaju &#8220;rivijerom zdravlja&#8217;<em>. <\/em>Na trajnom i privremenom smje\u0161taju u naselju trenutno boravi 85 starijih osoba, uglavnom ve\u0107e plate\u017ene mo\u0107i.<\/p>\n\n\n\n<p>Koncept je realiziran 2015. gradnjom glavnog objekta i tri okolne stambene jedinice sa po 15 apartmana. Profesor Socijalne politike na Pravnom fakultetu u Zagrebu <strong>Gojko Be\u017eovan, <\/strong>iz perspektive tada\u0161njeg savjetnika investitoru, zadovoljan je \u0161to se ovaj inovativni projekt s me\u0111unarodnim razvojnim potencijalom u praksi pokazao uspje\u0161nim.<\/p>\n\n\n\n<p>&#8220;Kapaciteti su popunjeni i projekt je u kona\u010dnici ostvario zavidne rezultate. Jedan dio usluga se pru\u017ea na\u0161im gra\u0111anima, a drugi strancima i to po cijenama znatno ni\u017eima nego \u0161to bi imali u svojim zemljama. Takvi projekti u Hrvatskoj svakako na neki na\u010din mogu biti izvjesna ponuda na\u0161im iseljenicima koji su oti\u0161li u zapadni svijet. Njihove obitelji tamo zbog stila i intenziteta \u017eivota u budu\u0107nosti ne\u0107e mo\u0107i na takav na\u010din brinuti za njih kao \u0161to se to jo\u0161 uvijek, kako &#8211; tako, brine kod nas. Tako da \u0107e im ovaj oblik ponude dobro do\u0107i, jer cijene usluga koje pla\u0107aju primjerice u Njema\u010dkoj zasigurno su dva i po, tri puta ve\u0107e nego \u0161to su to u Hrvatskoj.&#8221;<\/p><div id=\"mojev-2250135413\" class=\"mojev-u-tekstu mojev-entity-placement\" style=\"margin-left: auto;margin-right: auto;text-align: center;\"><div class=\"mojev-adlabel\">oglas<\/div><div style=\"height: 250px;\"><script async src=\"https:\/\/pagead2.googlesyndication.com\/pagead\/js\/adsbygoogle.js?client=ca-pub-8106111766207173\"\r\n     crossorigin=\"anonymous\"><\/script>\r\n<!-- Prikazni 1 u tekstu -->\r\n<ins class=\"adsbygoogle\"\r\n     style=\"display:block\"\r\n     data-ad-client=\"ca-pub-8106111766207173\"\r\n     data-ad-slot=\"8535551207\"\r\n     data-ad-format=\"auto\"\r\n     data-full-width-responsive=\"true\"><\/ins>\r\n<script>\r\n     (adsbygoogle = window.adsbygoogle || []).push({});\r\n<\/script><\/div><\/div><br style=\"clear: both; display: block; float: none;\"\/>\n\n\n\n<p>Da je razlika u cijenama poprili\u010dna, potvr\u0111uje i ravnateljica doma <strong>Karolina Kudeli\u0107<\/strong>. \u2018&#8221;Mnogi nam do\u0111u ljeti informirati se, pogledati \u0161to sve nudimo i ostanu fascinirani razinom usluge i kapacitetima. Zadnje sam od jednog gospodina \u010dula da bi ta ponuda koja se kod nas kre\u0107e od 1.500 do 1.800 eura, u \u0160vicarskoj stajala izme\u0111u 6.000 i 8.000 eura.&#8221;<\/p>\n\n\n\n<h3 class=\"wp-block-heading\">Samo za one vi\u0161e plate\u017ene mo\u0107i<\/h3>\n\n\n\n<p>Na spomen cijena od kojih se prosje\u010dnom hrvatskom gra\u0111aninu, pogotovo penzioneru, lako zavrti u glavi, napomena kako je spomenuti projekt potpomognutog stanovanja od po\u010detka i ciljao osobe vi\u0161e plate\u017ene mo\u0107i. A time i ve\u0107ih o\u010dekivanja glede odre\u0111ene razine usluga koje zauzvrat dobivaju. U ovom slu\u010daju, primjerice, to su <em>wellness i spa<\/em> centar, kao dio dostupnih aktivnosti koje su u ve\u0107ini privatnih domova u Hrvatskoj zasad jo\u0161 nepoznanica.<\/p>\n\n\n\n<p>Koncept crikveni\u010dke Salvie postavljen je tako da je dio smje\u0161tajnih kapaciteta prodan, dok je dio u dugoro\u010dnom najmu starijih osoba, obja\u0161njava ravnateljica. O \u017eeljama i potrebama samih korisnika ovisi \u0161to \u0107e zaista koristiti iz palete postoje\u0107ih usluga.<\/p>\n\n\n\n<p>&#8220;U glavnoj zgradi i stambenim jedinicama imamo sve \u0161to trebaju. Od usluga \u010di\u0161\u0107enja, prehrane, njege i medicinskih usluga pa do odlazaka u du\u0107an i ljekarnu umjesto njih. Pogotovo sada u ovo dobra korone kako se ne bi bespotrebno izlagali. Dom nudi sve te usluge, a starije osobe mogu ih i ne moraju koristiti. Zna\u010di, sami doziraju dostupno.&#8221;<\/p>\n\n\n\n<figure class=\"wp-block-image size-large\"><img loading=\"lazy\" decoding=\"async\" width=\"740\" height=\"444\" src=\"https:\/\/www.mojevrijeme.hr\/magazin\/wp-content\/uploads\/2021\/12\/karolina-kudelic-740x444.jpg\" alt=\"\" class=\"wp-image-55151\" srcset=\"https:\/\/www.mojevrijeme.hr\/magazin\/wp-content\/uploads\/2021\/12\/karolina-kudelic-740x444.jpg 740w, https:\/\/www.mojevrijeme.hr\/magazin\/wp-content\/uploads\/2021\/12\/karolina-kudelic-636x382.jpg 636w, https:\/\/www.mojevrijeme.hr\/magazin\/wp-content\/uploads\/2021\/12\/karolina-kudelic-768x461.jpg 768w, https:\/\/www.mojevrijeme.hr\/magazin\/wp-content\/uploads\/2021\/12\/karolina-kudelic-1536x922.jpg 1536w, https:\/\/www.mojevrijeme.hr\/magazin\/wp-content\/uploads\/2021\/12\/karolina-kudelic-1500x900.jpg 1500w, https:\/\/www.mojevrijeme.hr\/magazin\/wp-content\/uploads\/2021\/12\/karolina-kudelic-1600x960.jpg 1600w, https:\/\/www.mojevrijeme.hr\/magazin\/wp-content\/uploads\/2021\/12\/karolina-kudelic-590x354.jpg 590w, https:\/\/www.mojevrijeme.hr\/magazin\/wp-content\/uploads\/2021\/12\/karolina-kudelic-400x240.jpg 400w, https:\/\/www.mojevrijeme.hr\/magazin\/wp-content\/uploads\/2021\/12\/karolina-kudelic-1000x600.jpg 1000w, https:\/\/www.mojevrijeme.hr\/magazin\/wp-content\/uploads\/2021\/12\/karolina-kudelic-820x492.jpg 820w, https:\/\/www.mojevrijeme.hr\/magazin\/wp-content\/uploads\/2021\/12\/karolina-kudelic-1080x648.jpg 1080w, https:\/\/www.mojevrijeme.hr\/magazin\/wp-content\/uploads\/2021\/12\/karolina-kudelic.jpg 2000w\" sizes=\"auto, (max-width: 740px) 100vw, 740px\" \/><figcaption>Karolina Kudeli\u0107 (foto: privatni album)<\/figcaption><\/figure>\n\n\n\n<p>A kombinacije su raznolike, otkriva Kudeli\u0107. Jedan umirovljeni\u010dki par tako u naselju \u017eivi potpuno samostalno. Povremeno samo koriste uslugu restorana i dolaze na fizikalnu terapiju. Osoblje doma kontaktira s njihovim lije\u010dnicima oko lijekova koje im zatim dostavljaju izravno u stan. Druga obitelj koristi usluge prehrane na tjednoj bazi, dok iz ostatka ponude trebaju samo usluge \u010di\u0161\u0107enja stambenog prostora. Jedna gospo\u0111a, pak, dolazi na ru\u010dak i fizikalnu terapiju, a osim pomo\u0107i njegovatelja oko osobne higijene, redovno koristi i medicinske usluge lije\u010dnika i sestre, jer je naru\u0161enog zdravstvenog stanja.&nbsp;<\/p>\n\n\n\n<h3 class=\"wp-block-heading\">Ra\u010dun ovisi o kori\u0161tenim uslugama<\/h3>\n\n\n\n<p>Glavna zgrada doma funkcionira kao centrala naselja. Ondje uz dugotrajni nude i privremeni smje\u0161taj za starije osobe uslijed odre\u0111enih potreba, od onih isklju\u010divo rehabilitacijskih do postoperacijskih. I po tome su specifi\u010dni, isti\u010de ravnateljica. Privremeni boravak se tada ugovara na tjedan, dva ili na mjesec dana, \u0161to u drugim domovima ne promoviraju, ka\u017ee Kudeli\u0107. Otkriva kako je trenutno velik interes za sedmodnevnim smje\u0161tajem zbog oporavka nakon preboljenja COVID-a.&nbsp;<\/p>\n\n\n\n<p>Ina\u010de, osniva\u010d Doma Salvia je privatna tvrtka i u djelovanju podlije\u017eu svim pravilima koja vrijede za bilo koju ustanovu socijalne skrbi, od imenovanja upravnog vije\u0107a pa do redovnih nadzora potrebnih standarda koje provodi inspekcija resornog ministarstva. S vlasnicima apartmana, pak, sklapaju ugovore o usluzi i na kraju mjeseca na temelju evidencije i prema cjenicima ispostave ra\u010dun za kori\u0161tene usluge.<\/p>\n\n\n\n<h3 class=\"wp-block-heading\">Korisnici ne \u017eele biti ovisni o obitelji<\/h3>\n\n\n\n<p>&#8220;Odmakli smo se od modela tipi\u010dnog doma za starije u koji jednom kad do\u0111ete vi\u0161e ne idete nikuda. Korisnici su nam uglavnom na\u0161i povratnici, iz Njema\u010dke, \u0160vicarske, Austrije, ne\u0161to iz Kanade. Stranaca je oko deset posto. Dio ljudi ovdje je cijelu godinu, dio boravi po spomenutim individualnim paketima. A neki su se i slu\u017ebeno skrasili ovdje i prijavili prebivali\u0161te u Crikvenici.&#8221;<\/p>\n\n\n\n<p>Korisnici su u ve\u0107ini bra\u010dni parovi koji imaju odraslu djecu. Me\u0111utim, stil \u017eivota im je takav da se \u017eele sami pobrinuti za sebe u tre\u0107oj dobi i na poziv gumbi\u0107em dobiti sve, a da time ne optere\u0107uju mlade. Manji dio osoba u naselju nema izravnih nasljednika, ve\u0107 samo daljnje ro\u0111ake koje tako\u0111er ne \u017eele optere\u0107ivati svojim potrebama u starosti.&nbsp;<\/p>\n\n\n\n<figure class=\"wp-block-image size-large\"><img loading=\"lazy\" decoding=\"async\" width=\"740\" height=\"444\" src=\"https:\/\/www.mojevrijeme.hr\/magazin\/wp-content\/uploads\/2021\/12\/salvia2-740x444.jpg\" alt=\"\" class=\"wp-image-55157\" srcset=\"https:\/\/www.mojevrijeme.hr\/magazin\/wp-content\/uploads\/2021\/12\/salvia2-740x444.jpg 740w, https:\/\/www.mojevrijeme.hr\/magazin\/wp-content\/uploads\/2021\/12\/salvia2-636x382.jpg 636w, https:\/\/www.mojevrijeme.hr\/magazin\/wp-content\/uploads\/2021\/12\/salvia2-768x461.jpg 768w, https:\/\/www.mojevrijeme.hr\/magazin\/wp-content\/uploads\/2021\/12\/salvia2-1536x922.jpg 1536w, https:\/\/www.mojevrijeme.hr\/magazin\/wp-content\/uploads\/2021\/12\/salvia2-1500x900.jpg 1500w, https:\/\/www.mojevrijeme.hr\/magazin\/wp-content\/uploads\/2021\/12\/salvia2-1600x960.jpg 1600w, https:\/\/www.mojevrijeme.hr\/magazin\/wp-content\/uploads\/2021\/12\/salvia2-590x354.jpg 590w, https:\/\/www.mojevrijeme.hr\/magazin\/wp-content\/uploads\/2021\/12\/salvia2-400x240.jpg 400w, https:\/\/www.mojevrijeme.hr\/magazin\/wp-content\/uploads\/2021\/12\/salvia2-1000x600.jpg 1000w, https:\/\/www.mojevrijeme.hr\/magazin\/wp-content\/uploads\/2021\/12\/salvia2-820x492.jpg 820w, https:\/\/www.mojevrijeme.hr\/magazin\/wp-content\/uploads\/2021\/12\/salvia2-1080x648.jpg 1080w, https:\/\/www.mojevrijeme.hr\/magazin\/wp-content\/uploads\/2021\/12\/salvia2.jpg 2000w\" sizes=\"auto, (max-width: 740px) 100vw, 740px\" \/><figcaption>Salvia Senior Residence<\/figcaption><\/figure>\n\n\n\n<p>Vlasnici apartmana uglavnom su doma\u0107i seniori iz Rijeke, Zagreba i drugih dijelova Hrvatske. Kupili su ih s namjerom da ih koriste preko cijele godine ili sezonski te da unutar kompleksa imaju sigurnu uslugu na dohvat ruke. Imovinski gledano radi se o \u010distom poslu, napominje Kudeli\u0107. Kada starija osoba kupi apartman, tada postaje stopostotni, &#8216;jedan kroz jedan&#8217; vlasnik.&nbsp;<\/p>\n\n\n\n<p>&#8220;\u0160to \u0107e osoba dalje s tim raditi, nije na\u0161a stvar. Jedini ugovor koji s njima sklapamo je onaj o smje\u0161taju; privremenom ili dugotrajnom. One ugovore o do\u017eivotnom uzdr\u017eavanju koje ste spomenuli ovdje niti radimo, niti bismo to \u017eeljeli.&#8221;<\/p>\n\n\n\n<h3 class=\"wp-block-heading\">Stvar mentaliteta<\/h3>\n\n\n\n<p>U sjeni \u010dinjenice da si uslugu ovakvog tipa stanovanja mogu priu\u0161titi imu\u0107nije osobe, ravnateljica potvr\u0111uje kako primje\u0107uju odre\u0111ene razlike u mentalitetu doma\u0107ih i stranih dr\u017eavljana. Stranci, ka\u017ee, druga\u010dije razmi\u0161ljaju o lokaciji na kojoj \u017eele ostarjeti i vezama s obitelji. <\/p>\n\n\n\n<p>&#8220;Primjerice, neki u Njema\u010dkoj imaju djecu, unuke i praunuke, ali im ipak nije bio problem oti\u0107i i \u017eivjeti u Hrvatskoj. Dok na\u0161i ljudi u starosti ve\u0107inom vole biti blizu svojih obitelji, stranci su neovisniji. Ne o\u010dekuju da \u0107e netko voditi brigu o njima. S obiteljima se redovito \u010duju, a mladi im dolaze u posjet preko ljeta. Recimo, jedan par se zahvaljuju\u0107i internetu svakodnevno \u010duje s djecom i unucima. Op\u0107enito su digitalno jako pismeni, intenzivno se koriste dru\u0161tvenim mre\u017eama i takav na\u010din komunikacije s bli\u017enjima im je ok. S druge strane, doma\u0107i recimo za blagdane ili vikende odu k svojima, na ru\u010dak i dru\u017eenje. Evo, jedna gospo\u0111a je ovaj tjedan oti\u0161la djeci i vra\u0107a se tek poslije Tri kralja. Sli\u010dnu pauzu napravit \u0107e jo\u0161 neki, dok \u0107e stranci ostati ovdje. Provest \u0107e blagdane u naselju, gdje tako\u0111er imaju prigodnu atmosferu.&#8221;<\/p>\n\n\n\n<p>Ina\u010de, prvotni kapacitet od 112 kreveta u sobama od 16 i 24 kvadrata smanjen je zbog ve\u0107e potra\u017enje za komforom i jednokrevetnim smje\u0161tajem u koji je promijenjen dio dvokrevetnih, za \u0161to se pla\u0107a doplata, dodaje na kraju ravnateljica doma.<\/p>\n\n\n\n<h3 class=\"wp-block-heading\">Otpor umirovljeni\u010dkih udruga<\/h3>\n\n\n\n<p>Spomenuti primjer modela potpomognutog stanovanja dosad nije sna\u017enije za\u017eivio u Hrvatskoj. Profesor Be\u017eovan komentira za to postoji niz razloga. Podsje\u0107a kako je zalaganjem za takav razvoj smje\u0161tajnih kapaciteta za osobe tre\u0107e dobi svojedobno nai\u0161ao na prili\u010dan otpor i kritike umirovljeni\u010dkih udruga.&nbsp;&nbsp;<\/p>\n\n\n\n<p>&#8220;Radi se o jednom inovativnom pristupu za gra\u0111ane vi\u0161e plate\u017ene mo\u0107i koji na neki na\u010din dr\u017ee do sebe i imaju odre\u0111enu razinu o\u010dekivanja socijalnih usluga. Dakle, generacije ljudi koji kod nas dolaze u stariju dob, me\u0111u njima je sve vi\u0161e onih koji imaju izvjesna o\u010dekivanja da \u0107e trebati imati kvalitetniju uslugu. A to \u0107e mo\u0107i imati tek ako \u0107e biti pripravni tu uslugu i platiti. Mnogi od njih recimo imaju ili \u0107e imati relativno manje mirovine. One ne\u0107e biti dostatne za odre\u0111enu razinu usluge. I sad bi se o\u010dekivalo da u javnosti o tome postoje rasprave, koje na\u017ealost nemamo, da \u0107e gra\u0111ani imati uslugu ako \u0107e u funkciju staviti svoju imovinu ili barem jedan dio. No, to je jedna od tih hrvatskih tema koje se ne stavlja u fokus.&#8221;<\/p>\n\n\n\n<p>Umjesto toga, dr\u017eava vodi jednu krajnje nepo\u0161tenu i neodr\u017eivu politiku, ka\u017ee profesor Be\u017eovan. Jo\u0161 uvijek imamo povla\u0161teni smje\u0161taj u dr\u017eavne domove za povla\u0161tene slojeve, \u0161to je jednim dijelom klijentelizirano, mo\u017eda jednim dijelom i korumpirano, dodaje, gdje su usluge relativno na visokoj razini i cijene znatno ni\u017ee nego \u0161to su one u privatnom sektoru. Stoga smatra preva\u017enim da se ta tema stavi na dnevni red javnih rasprava, a potom i neminovnih reformi.<\/p>\n\n\n\n<h3 class=\"wp-block-heading\">&#8220;Vlasnik stana od 90 kvadrata u Zagrebu ne mo\u017ee biti siroma\u0161an&#8221;<\/h3>\n\n\n\n<p>Vra\u0107a se na crikveni\u010dki primjer nagla\u0161avaju\u0107i da korisnici usluga u domu slobodno ugovaraju njihovo kori\u0161tenje u ve\u0107im ili manjim razmjerima. Jedna sli\u010dna investicija inovativnog pristupa razvija se trenutno i na istoku Zagreba, dodaje profesor. Ne otkrivaju\u0107i detalje, tek je nazna\u010dio da \u0107e i ovaj privatni projekt biti namijenjen korisnicima s potrebama iznad odre\u0111enih standarda, gdje se o\u010dekuje da bi oni i \u010dlanovi njihovih obitelji mogli pokriti tro\u0161kove takvih usluga.&nbsp;&nbsp;&nbsp;<\/p>\n\n\n\n<p>Pru\u017eanje usluga starijim osobama danas je, podsje\u0107a, velika tema u Europskoj uniji u sklopu zamaha i nove djelatnosti razvoja silver ekonomije. U Hrvatskoj je taj tip aktivnosti u javnosti jo\u0161 uvijek zapostavljena tema.&nbsp;<\/p>\n\n\n\n<p>Imaju\u0107i u vidu produljeno trajanje o\u010dekivanog \u017eivotnog vijeka, na razini EU su jako aktivni razli\u010diti dionici civilnog dru\u0161tva koji zagovaraju prava starijih ljudi, dok hrvatski dionici u tome skromno sudjeluju i nemamo ozbiljnih inovacija koje bismo ponudili. A \u0161to je tome prepreka, Be\u017eovan kategori\u010dki ponavlja &#8211; lo\u0161a dr\u017eavna politika.&nbsp;<\/p>\n\n\n\n<p>&#8220;Kod nas vlade jednostavno trguju sa starijim ljudima za njihove glasove. Primjerice, sada smo pro\u0161irili krug starijih osoba s niskim mirovinama kojima \u0107e dr\u017eava pla\u0107ati dopunsko osiguranje, a to mjerimo samo visinom njihove mirovine. To bismo morali mjeriti i vrijedno\u0161\u0107u njihovih nekretnina. Ako netko ima stan od 90 kvadrata u Zagrebu, on nije siroma\u0161an. On je bogata osoba i dr\u017eava mu to ne bi smjela pla\u0107ati, jer je to duboko nepravedno prema drugim gra\u0111anima.&#8221;<\/p>\n\n\n\n<figure class=\"wp-block-image size-large\"><img loading=\"lazy\" decoding=\"async\" width=\"740\" height=\"410\" src=\"https:\/\/www.mojevrijeme.hr\/magazin\/wp-content\/uploads\/2016\/05\/gojko-bezovan-740x410.jpg\" alt=\"Kako zaraditi mirovinu?\" class=\"wp-image-7393\" srcset=\"https:\/\/www.mojevrijeme.hr\/magazin\/wp-content\/uploads\/2016\/05\/gojko-bezovan.jpg 740w, https:\/\/www.mojevrijeme.hr\/magazin\/wp-content\/uploads\/2016\/05\/gojko-bezovan-636x352.jpg 636w, https:\/\/www.mojevrijeme.hr\/magazin\/wp-content\/uploads\/2016\/05\/gojko-bezovan-150x83.jpg 150w\" sizes=\"auto, (max-width: 740px) 100vw, 740px\" \/><figcaption>Gojko Be\u017eovan (screenshot: HTV)<\/figcaption><\/figure>\n\n\n\n<p>Argumentacija od koje se dobrom dijelu umirovljeni\u010dke populacije zasigurno di\u017eu sijede na glavi, pita li se profesora socijalne politike, ima \u0161iroku socijalnu te\u017einu i tako bi je trebalo prihvatiti. Spomenuti primjer smatra dubokom nepravdom osobito prema mladima koji se upravo iz tih dnevnopoliti\u010dkih razloga sele iz zemlje. Ovdje ostavljaju svoje roditelje i na kraju se cijeli teret za skrb o starijima na neki na\u010din, upozorava, prevaljuje na dr\u017eavu. Za ilustraciju, spominje primjer obrtnika koji su tijekom radnog vijeka pla\u0107ali najni\u017ee doprinose i danas imaju male mirovine. Sad bi se, nastavlja, ostali nad time trebali sabla\u017enjavati i iz svog d\u017eepa izdvajati 5 kuna dnevno, umjesto da se vidi koliko zapravo pojedinci imaju imovine.<\/p>\n\n\n\n<h3 class=\"wp-block-heading\">Registar imovine<\/h3>\n\n\n\n<p>Po pitanju evidentiranja i raspolaganja njome, profesor Be\u017eovan je me\u0111u zagovarateljima stvaranja javnog registra imovine.&nbsp;Krajnje je vrijeme, smatra, da se u Hrvatskoj takva socijalna prava odre\u0111uju temeljem provjere prihoda i imovine korisnika tih istih prava koje neke skupine imaju.&nbsp;<\/p>\n\n\n\n<p>Jedna od prepreka koje stoje na putu ka pravednijem socijalnom balansu, upozorava, tu je i ra\u0161ireno crno tr\u017ei\u0161te ugovora o dosmrtnom i do\u017eivotnom uzdr\u017eavanju, gdje se doga\u0111a puno sukoba koji zavr\u0161avaju na sudovima.&nbsp;U rje\u0161avanju te problematike glavnu ulogu bi trebali preuzeti veliki gradovi aktivnijim pristupom, na primjeru Zagreba godinama ve\u0107 predla\u017ee profesor.&nbsp;<\/p>\n\n\n\n<p>&#8220;Gradovi bi to mogli prevenirati na na\u010din da oni ponude takvim obiteljima ugovore o uzdr\u017eavanju i daju u zamjenu odgovaraju\u0107i smje\u0161taj, a da oni zatim na grad prenesu svoje nekretnine. Onda bismo ih mogli staviti u fond javno najamnih stanova i tamo stavili mla\u0111e obitelji s djecom. To bi, dakle, bile inovativne transakcije. Mlade obitelji dobile bi stambeni prostor, a starijim osobama osigurali bismo dostojanstven \u017eivot u skladu s izvjesnim civilizacijskim o\u010dekivanjima i standardom.&#8221;<\/p>\n\n\n\n<p>U slu\u010dajevima da se nema tko brinuti za starije osobe, uzdr\u017eavanje bi ugovarali s gradovima koji bi transparentno preuzimali imovinu i razvijali takve odr\u017eive programe i inicijalno zapo\u0161ljavanje ljudi, za \u010dije bi uvo\u0111enje trebali mo\u0107i koristiti i europska sredstva kako bi se takva praksa ustalila. Pozitivni primjeri uspje\u0161nog aktiviranja imovine dugo ve\u0107 postoje diljem zapadne Europe, od Skandinavije do nama bli\u017ee austrijske prijestolnice. Me\u0111utim, profesor Be\u017eovan realno upozorava Be\u010d je za nas ipak daleko na Marsu. &#8220;U Zagrebu se ne mo\u017eemo ugledati na ono \u0161to rade u Be\u010du. To je grad s dugom tradicijom, visokim povjerenjem gra\u0111ana u institucije, visoki dohocima i BDP-u koji oni imaju. Nama je izglednije vidjeti \u0161to rade Slovenci, \u010cesi i Poljaci pa razvijati mo\u017eda taj koncept. Ne daj bo\u017ee da gledamo kako to izgleda u Stockholmu ili Amsterdamu, jer po svemu ovom nabrojanom to onda nema smisla.&#8221;<\/p>\n\n\n\n<p>Kao najbli\u017ei navodi primjer iz susjedne Slovenije, gdje su investitori ponudili starijim osobama druge oblike potpomognutog stanovanja u zamjenu za vrijednost njihovih nekretnina. Uglavnom su to apartmani koji se razmjenjuju za recimo obiteljsku ku\u0107u koju starije osobe, pogotovo ako su samci, vi\u0161e ne mogu odr\u017eavati. U takvom tipu potpomognutog stanovanja&nbsp; mogu ra\u010dunati i s dodatnim socijalnim uslugama.<\/p>\n\n\n\n<h3 class=\"wp-block-heading\">Planiranje budu\u0107nosti kao svetogr\u0111e<\/h3>\n\n\n\n<p>U Hrvatskoj se ozbiljno nad time trebamo zamisliti, apelira profesor Be\u017eovan ponovo na primjeru Zagreba. U sredi\u0161njim dijelovima grada koji se i prije razornog potresa te\u0161ko i sporo obnavljao imamo brojnu stariju populaciju, mnogi s niskim mirovinama u velikim stanovima. Tim ljudima ne treba nova odje\u0107a, bitnija je obnova pro\u010delja ili krovi\u0161ta a to su veliki izdaci, dodaje.<\/p>\n\n\n\n<p>&#8220;Jednom se trebamo zamisliti kakva je populacija nastanjivala Donji grad kad je taj dio nastajao. To su bili ljudi o\u010dito u punini snage, na neki na\u010din bili su avangarda i elita. Onda bismo i mi na neki na\u010din tamo sada urbanom obnovom trebali nastaniti takav tip stanara. Onda bi taj prostor imao vrijednost koju je izvorno imao, a danas je nema.&#8221;<\/p>\n\n\n\n<p>No, zaklju\u010duje profesor na kraju, danas je u Hrvatskoj skoro svetogr\u0111e ako nekome ka\u017eete da treba planirati svoju budu\u0107nost. Dok druge europske zemlje razvijaju kulturu umirovljenja. I s njom pravovremenu svijest o o\u010dekivanom padu prihoda i problemu pokrivanja \u017eivotnih tro\u0161kova. Mnogi stoga planiraju odlazak, \u010desto na periferije gradova, gdje \u0107e im u nekom od potpomognutih oblika stanovanja \u017eivot biti sigurniji i kvalitetniji, vrlo vjerojatno i du\u017ei nego bi bio u njihovu starom domu. &#8220;Ako to spomenete kod nas, navla\u010dite bijes kriti\u010dara da ste protiv starijih ljudi, \u0161to ne stoji&#8221;, ponavlja Gojko Be\u017eovan. Kao \u0161to ne dr\u017ei vodu da neki u zagreba\u010dkom centru imaju onih 90 kvadrata, redovnu mirovinu i smatraju se siroma\u0161nima. U toj ra\u0161timanoj ra\u010dunici ne\u0161to bi o\u010dito trebalo mijenjati.<\/p>\n\n\n\n<div id=\"blokovi\"><img decoding=\"async\" src=\"https:\/\/www.mojevrijeme.hr\/magazin\/wp-content\/uploads\/2020\/09\/esf-lenta.jpg\">\nOvaj prilog objavljen je u sklopu projekta \u201cNovo vrijeme\u201d. Projekt je sufinancirala\nEuropska unija sredstvima Europskog socijalnog fonda. Sadr\u017eaj priloga isklju\u010diva\nje odgovornost Udruge Ho\u0107u stranicu.<\/div>\n<div id=\"mojev-386138512\" class=\"mojev-kraj-teksta mojev-entity-placement\" style=\"margin-bottom: 20px;margin-left: auto;margin-right: auto;text-align: center;\"><div class=\"mojev-adlabel\">oglas<\/div><div style=\"height: 250px;\"><script async src=\"https:\/\/pagead2.googlesyndication.com\/pagead\/js\/adsbygoogle.js?client=ca-pub-8106111766207173\"\r\n     crossorigin=\"anonymous\"><\/script>\r\n<!-- Display-1 -->\r\n<ins class=\"adsbygoogle\"\r\n     style=\"display:block\"\r\n     data-ad-client=\"ca-pub-8106111766207173\"\r\n     data-ad-slot=\"1465712950\"\r\n     data-ad-format=\"auto\"\r\n     data-full-width-responsive=\"true\"><\/ins>\r\n<script>\r\n     (adsbygoogle = window.adsbygoogle || []).push({});\r\n<\/script><\/div><\/div>","protected":false},"excerpt":{"rendered":"<p>S o\u010dekivanim produljenjem \u017eivotnog vijeka stanovni\u0161tva Europa se intenzivno okre\u0107e brojnim potencijalima silver ekonomije. Kako pomiriti sve ve\u0107e potrebe i socijalne usluge za starije osobe, a posredno primjerice o\u017eivjeti stambeno tr\u017ei\u0161te, pokazuje primjer privatnog doma sa crikveni\u010dke rivijere.<\/p>\n","protected":false},"author":12,"featured_media":55154,"comment_status":"closed","ping_status":"closed","sticky":false,"template":"","format":"standard","meta":{"footnotes":""},"categories":[2],"tags":[1615,2339,3001,2748],"class_list":["post-55011","post","type-post","status-publish","format-standard","has-post-thumbnail","hentry","category-mozaik","tag-gojko-bezovan","tag-novo-vrijeme","tag-potpomognuto-stanovanje","tag-raspolaganje-imovinom"],"_links":{"self":[{"href":"https:\/\/www.mojevrijeme.hr\/magazin\/wp-json\/wp\/v2\/posts\/55011","targetHints":{"allow":["GET"]}}],"collection":[{"href":"https:\/\/www.mojevrijeme.hr\/magazin\/wp-json\/wp\/v2\/posts"}],"about":[{"href":"https:\/\/www.mojevrijeme.hr\/magazin\/wp-json\/wp\/v2\/types\/post"}],"author":[{"embeddable":true,"href":"https:\/\/www.mojevrijeme.hr\/magazin\/wp-json\/wp\/v2\/users\/12"}],"replies":[{"embeddable":true,"href":"https:\/\/www.mojevrijeme.hr\/magazin\/wp-json\/wp\/v2\/comments?post=55011"}],"version-history":[{"count":0,"href":"https:\/\/www.mojevrijeme.hr\/magazin\/wp-json\/wp\/v2\/posts\/55011\/revisions"}],"wp:featuredmedia":[{"embeddable":true,"href":"https:\/\/www.mojevrijeme.hr\/magazin\/wp-json\/wp\/v2\/media\/55154"}],"wp:attachment":[{"href":"https:\/\/www.mojevrijeme.hr\/magazin\/wp-json\/wp\/v2\/media?parent=55011"}],"wp:term":[{"taxonomy":"category","embeddable":true,"href":"https:\/\/www.mojevrijeme.hr\/magazin\/wp-json\/wp\/v2\/categories?post=55011"},{"taxonomy":"post_tag","embeddable":true,"href":"https:\/\/www.mojevrijeme.hr\/magazin\/wp-json\/wp\/v2\/tags?post=55011"}],"curies":[{"name":"wp","href":"https:\/\/api.w.org\/{rel}","templated":true}]}}