{"id":55026,"date":"2021-12-23T09:50:51","date_gmt":"2021-12-23T08:50:51","guid":{"rendered":"https:\/\/www.mojevrijeme.hr\/magazin\/?p=55026"},"modified":"2021-12-23T10:06:16","modified_gmt":"2021-12-23T09:06:16","slug":"mirjana-martic-ivancic-ne-postoji-zamjena-za-dodir-drugog-ljudskog-bica","status":"publish","type":"post","link":"https:\/\/www.mojevrijeme.hr\/magazin\/2021\/12\/mirjana-martic-ivancic-ne-postoji-zamjena-za-dodir-drugog-ljudskog-bica\/","title":{"rendered":"Mirjana Marti\u0107 Ivan\u010di\u0107: &#8216;Ne postoji zamjena za dodir drugog ljudskog bi\u0107a&#8217;"},"content":{"rendered":"\n<p>&#8220;Dodir je prvi osjet kojega \u010dovjek razvija jo\u0161 u embrionalnoj fazi razvoja&#8221;, ka\u017ee <strong>Mirjana Marti\u0107-Ivan\u010di\u0107<\/strong>, umirovljena psihologinja koja je \u010ditav radni vijek provela rade\u0107i u specijalnoj bolnici za rehabilitacijsku medicinu Thalassotherapia u Opatiji.<\/p>\n\n\n\n<p>Dodaje kako \u010dovjek \u010ditav svoj \u017eivot temelji na socijalnoj komunikaciji, a kroz \u010ditavu povijest \u010dovje\u010danstva, dodir je bio i ostao temelj za opstanak i razvoj vrste. Va\u017ean je za fizi\u010dko, ali s aspekta psihologije, ka\u017ee mi, najva\u017eniji je za mentalno i emocionalno zdravlje.<\/p>\n\n\n\n<p>&#8220;Zagrljaj, rukovanje ili poljubac osloba\u0111aju u mozgu hormon oksitocin, kojega popularno nazivamo hormonom ljubavi, a koji na psiholo\u0161kom planu stvara osje\u0107aj povezanosti, povjerenja, sigurnosti, prisnosti \u2013 jednom rije\u010dju, proizvodi veliki do\u017eivljaj ugode. S druge strane, ubla\u017eava stres, strah, tjeskobu i depresiju. Osim toga, ovaj hormon poti\u010de osloba\u0111anje drugih hormona koji povoljno djeluju na odre\u0111ene fiziolo\u0161ke procese kao \u0161to su normalan krvni tlak i otkucaji srca. Nedostatak kontakta dodirom dovodi do osje\u0107aja usamljenosti, depresivnosti, tjeskobe, uznemirenosti i bezvoljnosti&#8221;, govori mi profesorica Marti\u0107-Ivan\u010di\u0107.<\/p><div id=\"mojev-1349828529\" class=\"mojev-u-tekstu mojev-entity-placement\" style=\"margin-left: auto;margin-right: auto;text-align: center;\"><div class=\"mojev-adlabel\">oglas<\/div><div style=\"height: 250px;\"><script async src=\"https:\/\/pagead2.googlesyndication.com\/pagead\/js\/adsbygoogle.js?client=ca-pub-8106111766207173\"\r\n     crossorigin=\"anonymous\"><\/script>\r\n<!-- Prikazni 1 u tekstu -->\r\n<ins class=\"adsbygoogle\"\r\n     style=\"display:block\"\r\n     data-ad-client=\"ca-pub-8106111766207173\"\r\n     data-ad-slot=\"8535551207\"\r\n     data-ad-format=\"auto\"\r\n     data-full-width-responsive=\"true\"><\/ins>\r\n<script>\r\n     (adsbygoogle = window.adsbygoogle || []).push({});\r\n<\/script><\/div><\/div><br style=\"clear: both; display: block; float: none;\"\/>\n\n\n\n<p>A koliko je dodir va\u017ean, govori i podatak da su ove godine Nobelovu nagradu za medicinu i fiziologiju dobili profesor David Julius, fiziolog s Kalifornijskog sveu\u010dili\u0161ta u San Franciscu i profesor Ardem Patapoutian, neuroznanstvenik iz istra\u017eiva\u010dkog laboratorija Scripps La Jolla. Naime, oni su otkrili i razjasnili fiziolo\u0161ko funkcioniranje ko\u017enih receptora odgovornih za osjet topline, hladno\u0107e i dodira, \u0161to ih \u010dini jednim od dijelova \u017eiv\u010danog sustava klju\u010dnih za opstanak i evoluciju.<\/p>\n\n\n\n<p>Tijekom prvog i drugog vala pandemije koronavirusa, na\u0161a je sugovornica i sama osjetila u\u010dinke nedostatka dodira i taktilne bliskosti. Naime, od smrti supruga, prije 11 godina, ona \u017eivi sama u Lovranu pored Opatije, dok ostatak njezine obitelji \u017eivi u Zagrebu.<\/p>\n\n\n\n<p>&#8220;Na samom po\u010detku pandemije nitko nije mogao sagledati koliko \u0107e dugo sve to trajati. Postojala je nada da \u0107e sve brzo pro\u0107i i tu je do izra\u017eaja do\u0161la \u010dovjekova sposobnost da odgodi neke od svojih potreba koje u jeku pandemije nisu bile mogu\u0107e. Razmi\u0161ljala sam pozitivno i samu sebe hrabrila, sugerirala si da \u0107u to izdr\u017eati, a kad sve pro\u0111e, grlit \u0107emo se, ljubiti i maziti do mile volje. Me\u0111utim, kao \u0161to znamo, novonastala situacija je trajala i trajala, cjepiva jo\u0161 nije bilo, svi smo bili zatvoreni i ja sam shvatila da \u0107e moja samo\u0107a koja je postojala i prije pandemije, sada biti jo\u0161 vi\u0161e obilje\u017eena nedostatkom jedne \u010ditave dimenzije u komunikaciji s mojim najbli\u017eima&#8221;, pri\u010da mi Mirjana.<\/p>\n\n\n\n<p>To joj je, naravno, jako te\u0161ko palo te je pronalazila razne na\u010dine da si olak\u0161a. &#8220;Posegnula sam za tehnologijom pa smo, osim dugih telefonskih razgovora, uveli i video-pozive. S obitelji sam \u010desto, na dnevnoj bazi razmjenjivala fotografije i kratke video zapise u kojima smo jedni drugima zapravo prenosili neke situacije i doga\u0111aje kojima nismo mogli u\u017eivo svjedo\u010diti. U periodima kada bi se epidemiolo\u0161ka situacija popravila, ohrabrila bih se i na pravi, dodu\u0161e kratki susret s obitelji, iako je sve to bilo popra\u0107eno odre\u0111enom rezervom jer sam se bojala zaraze&#8221;, govori mi gospo\u0111a Marti\u0107-Ivan\u010di\u0107.<\/p>\n\n\n\n<p>Me\u0111utim, ka\u017ee, kada je stiglo cjepivo, situacija se zna\u010dajno popravila. &#8220;Prvi produ\u017eeni vikend bio je na\u0161! U posjetu mi je stigla k\u0107i s obitelji, \u0161to zna\u010di da sam nakon doista dugo vremena vidjela unuka! Bila sam jako uzbu\u0111ena i taj prvi pravi ponovni susret za mene je bio izuzetno emotivan. Iza\u0161la sam ispred ku\u0107e da ih do\u010dekam, a moj unuk pojurio mi je u zagrljaj. Zagrlili smo se \u010dvrsto mene je preplavio osje\u0107aj sre\u0107e, ispunjenosti \u2013 bila sam na rubu suza&#8221;, pri\u010da mi ova emotivna baka.<\/p>\n\n\n\n<figure class=\"wp-block-image size-large\"><img loading=\"lazy\" decoding=\"async\" width=\"740\" height=\"444\" src=\"https:\/\/www.mojevrijeme.hr\/magazin\/wp-content\/uploads\/2021\/12\/mirjana-jakov-740x444.jpg\" alt=\"\" class=\"wp-image-55029\" srcset=\"https:\/\/www.mojevrijeme.hr\/magazin\/wp-content\/uploads\/2021\/12\/mirjana-jakov-740x444.jpg 740w, https:\/\/www.mojevrijeme.hr\/magazin\/wp-content\/uploads\/2021\/12\/mirjana-jakov-636x382.jpg 636w, https:\/\/www.mojevrijeme.hr\/magazin\/wp-content\/uploads\/2021\/12\/mirjana-jakov-768x461.jpg 768w, https:\/\/www.mojevrijeme.hr\/magazin\/wp-content\/uploads\/2021\/12\/mirjana-jakov-1536x922.jpg 1536w, https:\/\/www.mojevrijeme.hr\/magazin\/wp-content\/uploads\/2021\/12\/mirjana-jakov-1500x900.jpg 1500w, https:\/\/www.mojevrijeme.hr\/magazin\/wp-content\/uploads\/2021\/12\/mirjana-jakov-1600x960.jpg 1600w, https:\/\/www.mojevrijeme.hr\/magazin\/wp-content\/uploads\/2021\/12\/mirjana-jakov-590x354.jpg 590w, https:\/\/www.mojevrijeme.hr\/magazin\/wp-content\/uploads\/2021\/12\/mirjana-jakov-400x240.jpg 400w, https:\/\/www.mojevrijeme.hr\/magazin\/wp-content\/uploads\/2021\/12\/mirjana-jakov-1000x600.jpg 1000w, https:\/\/www.mojevrijeme.hr\/magazin\/wp-content\/uploads\/2021\/12\/mirjana-jakov-820x492.jpg 820w, https:\/\/www.mojevrijeme.hr\/magazin\/wp-content\/uploads\/2021\/12\/mirjana-jakov-1080x648.jpg 1080w, https:\/\/www.mojevrijeme.hr\/magazin\/wp-content\/uploads\/2021\/12\/mirjana-jakov.jpg 2000w\" sizes=\"auto, (max-width: 740px) 100vw, 740px\" \/><figcaption>Mirjana Marti\u0107-Ivan\u010di\u0107 i unuk Jakov<\/figcaption><\/figure>\n\n\n\n<p>&#8220;\u010cvrsto sam ga dr\u017eala, ali i on mene jer izme\u0111u nas postoji tajna veza. Naravno, svaki idu\u0107i put kada bismo se susretali, i\u0161\u010dekivala sam upravo taj zagrljaj, taj osje\u0107aj koji me preplavljivao. To je istovremeno bilo i potresno i radosno.&#8221;<\/p>\n\n\n\n<p>Budu\u0107i da ne \u017eive u istom gradu i da se ne vi\u0111aju svaki dan, ova baka i njezin unuk prona\u0161li su nove na\u010dine komunikacije kojom jedno drugome komuniciraju svoju privr\u017eenost i bliskost. &#8220;Cijelo ovo vrijeme mi se dopisujemo \u2013 i putem raznih aplikacija, ali i na dobri stari na\u010din, putem po\u0161te. Izmjenjujemo male znakove pa\u017enje, sitnice koje i njemu i meni puno zna\u010de. Svakodnevno komentiramo teme koje su njemu zanimljive. On mi \u0161alje kratke video-snimke, crte\u017ee i \u0161kolske uratke. No, sve je to samo surogat za na\u0161e prave susrete, za na\u0161e zagrljaje i dru\u017eenja.&#8221;<\/p>\n\n\n\n<p>No, gospo\u0111a Mirjana nije se predala tuzi. &#8220;Cijelo ovo vrijeme planiram i ma\u0161tam o na\u0161im budu\u0107im susretima. Sada, u blagdansko vrijeme kada na\u017ealost nismo zajedno, prisje\u0107am se kako smo provodili na\u0161e Bo\u017ei\u0107e prije pandemije i zami\u0161ljam kako \u0107e na\u0161i blagdani izgledati u budu\u0107nosti. Na to gledam optimisti\u010dno i vjerujem da \u0107emo kada pandemija zavr\u0161i, mo\u0107i opet biti puno zajedno&#8221;, zaklju\u010duje Mirjana Marti\u0107-Ivan\u010di\u0107.<\/p>\n\n\n\n<p class=\"has-text-align-center has-text-color\" style=\"color:#666666;font-size:0.8rem\">Ovaj prilog je objavljen u sklopu projekta poticanja novinarske izvrsnosti Agencije za elektroni\u010dke medije.<\/p>\n<div id=\"mojev-289904690\" class=\"mojev-kraj-teksta mojev-entity-placement\" style=\"margin-bottom: 20px;margin-left: auto;margin-right: auto;text-align: center;\"><div class=\"mojev-adlabel\">oglas<\/div><div style=\"height: 250px;\"><script async src=\"https:\/\/pagead2.googlesyndication.com\/pagead\/js\/adsbygoogle.js?client=ca-pub-8106111766207173\"\r\n     crossorigin=\"anonymous\"><\/script>\r\n<!-- Display-1 -->\r\n<ins class=\"adsbygoogle\"\r\n     style=\"display:block\"\r\n     data-ad-client=\"ca-pub-8106111766207173\"\r\n     data-ad-slot=\"1465712950\"\r\n     data-ad-format=\"auto\"\r\n     data-full-width-responsive=\"true\"><\/ins>\r\n<script>\r\n     (adsbygoogle = window.adsbygoogle || []).push({});\r\n<\/script><\/div><\/div>","protected":false},"excerpt":{"rendered":"<p>Me\u0111u svim osjetilima koja \u010dovjek posjeduje i razvija, dodir je, \u010dini se, (bio) neopravdano zanemaren i \u010desto ga uzimamo zdravo za gotovo. Tek kada smo u pandemiji za njega ostali uskra\u0107eni, zapravo smo uvidjeli svu njegovu va\u017enost. S time se sla\u017ee i na\u0161a sugovornica, psiholognja Mirjana Marti\u0107-Ivan\u010di\u0107 koja je ujedno i baka desetogodi\u0161njeg unuka te i sama ima iskustvo godine bez zagrljaja.<\/p>\n","protected":false},"author":13,"featured_media":55030,"comment_status":"closed","ping_status":"closed","sticky":false,"template":"","format":"standard","meta":{"footnotes":""},"categories":[2],"tags":[2994,2046,198,345],"class_list":["post-55026","post","type-post","status-publish","format-standard","has-post-thumbnail","hentry","category-mozaik","tag-bez-zagrljaja","tag-korona-virus","tag-obitelj","tag-psihologija"],"_links":{"self":[{"href":"https:\/\/www.mojevrijeme.hr\/magazin\/wp-json\/wp\/v2\/posts\/55026","targetHints":{"allow":["GET"]}}],"collection":[{"href":"https:\/\/www.mojevrijeme.hr\/magazin\/wp-json\/wp\/v2\/posts"}],"about":[{"href":"https:\/\/www.mojevrijeme.hr\/magazin\/wp-json\/wp\/v2\/types\/post"}],"author":[{"embeddable":true,"href":"https:\/\/www.mojevrijeme.hr\/magazin\/wp-json\/wp\/v2\/users\/13"}],"replies":[{"embeddable":true,"href":"https:\/\/www.mojevrijeme.hr\/magazin\/wp-json\/wp\/v2\/comments?post=55026"}],"version-history":[{"count":0,"href":"https:\/\/www.mojevrijeme.hr\/magazin\/wp-json\/wp\/v2\/posts\/55026\/revisions"}],"wp:featuredmedia":[{"embeddable":true,"href":"https:\/\/www.mojevrijeme.hr\/magazin\/wp-json\/wp\/v2\/media\/55030"}],"wp:attachment":[{"href":"https:\/\/www.mojevrijeme.hr\/magazin\/wp-json\/wp\/v2\/media?parent=55026"}],"wp:term":[{"taxonomy":"category","embeddable":true,"href":"https:\/\/www.mojevrijeme.hr\/magazin\/wp-json\/wp\/v2\/categories?post=55026"},{"taxonomy":"post_tag","embeddable":true,"href":"https:\/\/www.mojevrijeme.hr\/magazin\/wp-json\/wp\/v2\/tags?post=55026"}],"curies":[{"name":"wp","href":"https:\/\/api.w.org\/{rel}","templated":true}]}}