{"id":55036,"date":"2021-12-23T10:52:02","date_gmt":"2021-12-23T09:52:02","guid":{"rendered":"https:\/\/www.mojevrijeme.hr\/magazin\/?p=55036"},"modified":"2021-12-23T10:53:14","modified_gmt":"2021-12-23T09:53:14","slug":"radno-vrijeme-trgovina-za-badnjak-bozic-i-stefanje-2021-godine","status":"publish","type":"post","link":"https:\/\/www.mojevrijeme.hr\/magazin\/2021\/12\/radno-vrijeme-trgovina-za-badnjak-bozic-i-stefanje-2021-godine\/","title":{"rendered":"Radno vrijeme trgovina za Badnjak, Bo\u017ei\u0107 i \u0160tefanje 2021. godine"},"content":{"rendered":"\n<h3 class=\"wp-block-heading\">Konzum<\/h3>\n\n\n\n<p>Konzumove prodavaonice \u0107e<strong>&nbsp;<\/strong>na&nbsp;Badnjak (24. 12)<strong> <\/strong>raditi po skra\u0107enom radnom vremenu, i to najdu\u017ee do 17:00, dok \u0107e na&nbsp;Bo\u017ei\u0107<strong> (<\/strong>25. 12) i&nbsp;Blagdan&nbsp;sv. Stjepana (26. 12) biti zatvorene. Radno vrijeme vama najbli\u017ee poslovnice potra\u017eite <a href=\"https:\/\/www.konzum.hr\/novosti\/blagdansko-radno-vrijeme-2021\" target=\"_blank\" rel=\"noreferrer noopener\">ovdje<\/a>. <\/p>\n\n\n\n<h3 class=\"wp-block-heading\">Lidl<\/h3>\n\n\n\n<p>Sve \u0107e Lidlove poslovnice na Badnjak raditi do 14:00. Kao i svake godine, na&nbsp;Bo\u017ei\u0107  i&nbsp;Blagdan&nbsp;sv. Stjepana, Lidl ne\u0107e raditi. Preciznije radno vrijeme za vama najbli\u017eu poslovnicu provjerite <a rel=\"noreferrer noopener\" href=\"https:\/\/www.lidl.hr\/informacije-za-kupce\/blagdanska-radna-vremena\" target=\"_blank\">ovdje<\/a>.<\/p>\n\n\n\n<h3 class=\"wp-block-heading\">Kaufland<\/h3>\n\n\n\n<p>Kauflandove poslovnice na Badnjak \u0107e raditi od d 7:00 do 16:00. Na Bo\u017ei\u0107 \u0107e ostati zatvorene, kao i na Blagdan sv. Stjepana. Vi\u0161e pro\u010ditajte <a href=\"https:\/\/www.kaufland.hr\/\" target=\"_blank\" rel=\"noreferrer noopener\">ovdje<\/a>. <\/p><div id=\"mojev-2073566019\" class=\"mojev-u-tekstu mojev-entity-placement\" style=\"margin-left: auto;margin-right: auto;text-align: center;\"><div class=\"mojev-adlabel\">oglas<\/div><div style=\"height: 250px;\"><script async src=\"https:\/\/pagead2.googlesyndication.com\/pagead\/js\/adsbygoogle.js?client=ca-pub-8106111766207173\"\r\n     crossorigin=\"anonymous\"><\/script>\r\n<!-- Prikazni 1 u tekstu -->\r\n<ins class=\"adsbygoogle\"\r\n     style=\"display:block\"\r\n     data-ad-client=\"ca-pub-8106111766207173\"\r\n     data-ad-slot=\"8535551207\"\r\n     data-ad-format=\"auto\"\r\n     data-full-width-responsive=\"true\"><\/ins>\r\n<script>\r\n     (adsbygoogle = window.adsbygoogle || []).push({});\r\n<\/script><\/div><\/div><br style=\"clear: both; display: block; float: none;\"\/>\n\n\n\n<h3 class=\"wp-block-heading\">Spar i Intespar<\/h3>\n\n\n\n<p>Trgovine Spara i Interspara \u0107e raditi po prilago\u0111enom radnom vremenu. Na&nbsp;Badnjak svi \u0107e Interspar hipermarketi u cijeloj Hrvatskoj raditi skra\u0107eno do 17 sati, a SPAR supermarketi skra\u0107eno do 15 ili 16 sati. Bo\u017ei\u0107 je neradan za Sparove i Intersparove du\u0107ane. <\/p>\n\n\n\n<p>Za razliku od Lidla i Kauflanda, trgovine Spara i Intrerspara \u0107e u nedjelju na Blagdan sv. Stjepana raditi do 14 sati, osim Interspar hipermarketa u Zadru koji \u0107e raditi do 18 sati i Interspar hipermarketa u rije\u010dkom Tower Centru koji \u0107e raditi do 20 sati. Interspar hipermarketi u trgova\u010dkim centrima Mall of Split te Portanova Osijek taj \u0107e dan biti zatvoreni.<\/p>\n\n\n\n<h3 class=\"wp-block-heading\">Tommy<\/h3>\n\n\n\n<p>Popis Tommy trgovina i njihovo radno vrijeme mo\u017eete provjeriti&nbsp;<a rel=\"noreferrer noopener\" href=\"https:\/\/www.tommy.hr\/prodavaonice\" target=\"_blank\">ovdje<\/a>.<\/p>\n\n\n\n<h3 class=\"wp-block-heading\">Plodine<\/h3>\n\n\n\n<p>Kako \u0107e raditi pojedina trgovina Plodina, mo\u017eete pogledati&nbsp;<a rel=\"noreferrer noopener\" href=\"http:\/\/www.plodine.hr\/nasi-supermarketi\/\" target=\"_blank\">ovdje<\/a>.<\/p>\n<div id=\"mojev-1265381868\" class=\"mojev-kraj-teksta mojev-entity-placement\" style=\"margin-bottom: 20px;margin-left: auto;margin-right: auto;text-align: center;\"><div class=\"mojev-adlabel\">oglas<\/div><div style=\"height: 250px;\"><script async src=\"https:\/\/pagead2.googlesyndication.com\/pagead\/js\/adsbygoogle.js?client=ca-pub-8106111766207173\"\r\n     crossorigin=\"anonymous\"><\/script>\r\n<!-- Display-1 -->\r\n<ins class=\"adsbygoogle\"\r\n     style=\"display:block\"\r\n     data-ad-client=\"ca-pub-8106111766207173\"\r\n     data-ad-slot=\"1465712950\"\r\n     data-ad-format=\"auto\"\r\n     data-full-width-responsive=\"true\"><\/ins>\r\n<script>\r\n     (adsbygoogle = window.adsbygoogle || []).push({});\r\n<\/script><\/div><\/div>","protected":false},"excerpt":{"rendered":"<p>Za Badnjak \u0107e ve\u0107ina trgova\u010dkih lanaca svoje poslovnice dr\u017eati otvorenima, ali uz skra\u0107eno radno vrijeme. O\u010dekivano, za Bo\u017ei\u0107 \u0107e se trgovci odmarati, a za \u0160tefanje \u0107e vrata kupcima otvoriti samo Spar i Interspar.  <\/p>\n","protected":false},"author":1,"featured_media":48535,"comment_status":"closed","ping_status":"closed","sticky":false,"template":"","format":"standard","meta":{"footnotes":""},"categories":[9],"tags":[385,2271],"class_list":["post-55036","post","type-post","status-publish","format-standard","has-post-thumbnail","hentry","category-vijesti","tag-bozic","tag-radno-vrijeme"],"_links":{"self":[{"href":"https:\/\/www.mojevrijeme.hr\/magazin\/wp-json\/wp\/v2\/posts\/55036","targetHints":{"allow":["GET"]}}],"collection":[{"href":"https:\/\/www.mojevrijeme.hr\/magazin\/wp-json\/wp\/v2\/posts"}],"about":[{"href":"https:\/\/www.mojevrijeme.hr\/magazin\/wp-json\/wp\/v2\/types\/post"}],"author":[{"embeddable":true,"href":"https:\/\/www.mojevrijeme.hr\/magazin\/wp-json\/wp\/v2\/users\/1"}],"replies":[{"embeddable":true,"href":"https:\/\/www.mojevrijeme.hr\/magazin\/wp-json\/wp\/v2\/comments?post=55036"}],"version-history":[{"count":0,"href":"https:\/\/www.mojevrijeme.hr\/magazin\/wp-json\/wp\/v2\/posts\/55036\/revisions"}],"wp:featuredmedia":[{"embeddable":true,"href":"https:\/\/www.mojevrijeme.hr\/magazin\/wp-json\/wp\/v2\/media\/48535"}],"wp:attachment":[{"href":"https:\/\/www.mojevrijeme.hr\/magazin\/wp-json\/wp\/v2\/media?parent=55036"}],"wp:term":[{"taxonomy":"category","embeddable":true,"href":"https:\/\/www.mojevrijeme.hr\/magazin\/wp-json\/wp\/v2\/categories?post=55036"},{"taxonomy":"post_tag","embeddable":true,"href":"https:\/\/www.mojevrijeme.hr\/magazin\/wp-json\/wp\/v2\/tags?post=55036"}],"curies":[{"name":"wp","href":"https:\/\/api.w.org\/{rel}","templated":true}]}}