{"id":55072,"date":"2021-12-25T12:54:45","date_gmt":"2021-12-25T11:54:45","guid":{"rendered":"https:\/\/www.mojevrijeme.hr\/magazin\/?p=55072"},"modified":"2021-12-26T12:56:43","modified_gmt":"2021-12-26T11:56:43","slug":"tereza-bozic-je-rezerviran-za-obitelj-nikakva-raskos-nikakvo-ludilo","status":"publish","type":"post","link":"https:\/\/www.mojevrijeme.hr\/magazin\/2021\/12\/tereza-bozic-je-rezerviran-za-obitelj-nikakva-raskos-nikakvo-ludilo\/","title":{"rendered":"Tereza: Bo\u017ei\u0107 je rezerviran za obitelj, nikakva rasko\u0161, nikakvo ludilo&#8230;"},"content":{"rendered":"\n<p>Miljenica nacije, pjeva\u010dica <strong>Tereza Kesovija<\/strong> (83), za <a rel=\"noreferrer noopener\" href=\"https:\/\/www.rtl.hr\/tabloid\/zvijezde\/blagdani-na-rtlhr\/4161866\/tereza-kesovija-za-bozic-sam-dobivala-jednu-mandarinu-a-i-danas-ga-slavim-skromno\" target=\"_blank\">RTL<\/a> se prisjetila kako je nekada slavila Bo\u017ei\u0107. &#8220;Bo\u017ei\u0107 prije 80 godina i danas kod mene se na isti na\u010din slavi. Od djetinjstva je taj dan rezerviran isklju\u010divo za obitelj. Svake godine! Uvijek&#8221;, kazala je. <\/p>\n\n\n\n<p>&#8220;Tada je to bilo skromno, bez puno poklona, dobili bismo po jednu mandarinu ili komadi\u0107 orahnja\u010de. Nije bilo novca pa se nije moglo ne\u0161to bolje niti pokloniti&#8221;, navodi Tereza. Ubrzo su do\u0161la i neka bolja vremena, no bolja financijska situacija nije bila razlog da se tradicija zaboravi. Bo\u017ei\u0107 je i dalje slavila skromno i ono najbitnije &#8211; uvijek u krugu obitelji.<\/p>\n\n\n\n<p>&#8220;Kasnije, kada je bilo vi\u0161e mogu\u0107nosti i dalje je bilo isto. Niti jedan Bo\u017ei\u0107 nisam provela izvan svog obiteljskog doma. Nikada. Iako sam puno dana u godini provela van granica na\u0161e zemlje, Bo\u017ei\u0107 i Badnjak se uvijek slavio u krugu obitelji i dvoje ili troje najbli\u017eih prijatelja&#8221;, obja\u0161njava pjeva\u010dica i dodaje &#8211; ni ove godine ne\u0107e biti druga\u010dije.<\/p><div id=\"mojev-1451494260\" class=\"mojev-u-tekstu mojev-entity-placement\" style=\"margin-left: auto;margin-right: auto;text-align: center;\"><div class=\"mojev-adlabel\">oglas<\/div><div style=\"height: 250px;\"><script async src=\"https:\/\/pagead2.googlesyndication.com\/pagead\/js\/adsbygoogle.js?client=ca-pub-8106111766207173\"\r\n     crossorigin=\"anonymous\"><\/script>\r\n<!-- Prikazni 1 u tekstu -->\r\n<ins class=\"adsbygoogle\"\r\n     style=\"display:block\"\r\n     data-ad-client=\"ca-pub-8106111766207173\"\r\n     data-ad-slot=\"8535551207\"\r\n     data-ad-format=\"auto\"\r\n     data-full-width-responsive=\"true\"><\/ins>\r\n<script>\r\n     (adsbygoogle = window.adsbygoogle || []).push({});\r\n<\/script><\/div><\/div><br style=\"clear: both; display: block; float: none;\"\/>\n\n\n\n<p>&#8220;Nikakav rasko\u0161, nikakvo ludilo. Pokloni \u0107e biti prakti\u010dni. Ne kupuju se za Bo\u017ei\u0107 automobili ili motocikli. Takvi pokloni na taj dan su za mene glupost. Bo\u017ei\u0107 je dan kada su ljudi sretni oko stola, a ono \u0161to se na njemu nalazi je manje bitno. Jedini \u0161to je bitno su zadovoljstvo, sre\u0107a&#8221;, ka\u017ee Kesovija za <a rel=\"noreferrer noopener\" href=\"https:\/\/www.rtl.hr\/tabloid\/zvijezde\/blagdani-na-rtlhr\/4161866\/tereza-kesovija-za-bozic-sam-dobivala-jednu-mandarinu-a-i-danas-ga-slavim-skromno\" target=\"_blank\">RTL<\/a>.<\/p>\n<div id=\"mojev-494495943\" class=\"mojev-kraj-teksta mojev-entity-placement\" style=\"margin-bottom: 20px;margin-left: auto;margin-right: auto;text-align: center;\"><div class=\"mojev-adlabel\">oglas<\/div><div style=\"height: 250px;\"><script async src=\"https:\/\/pagead2.googlesyndication.com\/pagead\/js\/adsbygoogle.js?client=ca-pub-8106111766207173\"\r\n     crossorigin=\"anonymous\"><\/script>\r\n<!-- Display-1 -->\r\n<ins class=\"adsbygoogle\"\r\n     style=\"display:block\"\r\n     data-ad-client=\"ca-pub-8106111766207173\"\r\n     data-ad-slot=\"1465712950\"\r\n     data-ad-format=\"auto\"\r\n     data-full-width-responsive=\"true\"><\/ins>\r\n<script>\r\n     (adsbygoogle = window.adsbygoogle || []).push({});\r\n<\/script><\/div><\/div>","protected":false},"excerpt":{"rendered":"<p>Bit \u0107e onakva kakvu smo zaslu\u017eili ili kakvu nam je Bog dao. Samo se nadam da ne\u0107e biti bolesti i da \u0107e biti bolja nego prethodna, ka\u017ee Tereza Kesovija o nadolaze\u0107oj 2022. godini. <\/p>\n","protected":false},"author":1,"featured_media":33496,"comment_status":"closed","ping_status":"closed","sticky":false,"template":"","format":"standard","meta":{"footnotes":""},"categories":[84],"tags":[385,504,270,21],"class_list":["post-55072","post","type-post","status-publish","format-standard","has-post-thumbnail","hentry","category-show","tag-bozic","tag-obicaji","tag-pjevaci","tag-tereza-kesovija"],"_links":{"self":[{"href":"https:\/\/www.mojevrijeme.hr\/magazin\/wp-json\/wp\/v2\/posts\/55072","targetHints":{"allow":["GET"]}}],"collection":[{"href":"https:\/\/www.mojevrijeme.hr\/magazin\/wp-json\/wp\/v2\/posts"}],"about":[{"href":"https:\/\/www.mojevrijeme.hr\/magazin\/wp-json\/wp\/v2\/types\/post"}],"author":[{"embeddable":true,"href":"https:\/\/www.mojevrijeme.hr\/magazin\/wp-json\/wp\/v2\/users\/1"}],"replies":[{"embeddable":true,"href":"https:\/\/www.mojevrijeme.hr\/magazin\/wp-json\/wp\/v2\/comments?post=55072"}],"version-history":[{"count":0,"href":"https:\/\/www.mojevrijeme.hr\/magazin\/wp-json\/wp\/v2\/posts\/55072\/revisions"}],"wp:featuredmedia":[{"embeddable":true,"href":"https:\/\/www.mojevrijeme.hr\/magazin\/wp-json\/wp\/v2\/media\/33496"}],"wp:attachment":[{"href":"https:\/\/www.mojevrijeme.hr\/magazin\/wp-json\/wp\/v2\/media?parent=55072"}],"wp:term":[{"taxonomy":"category","embeddable":true,"href":"https:\/\/www.mojevrijeme.hr\/magazin\/wp-json\/wp\/v2\/categories?post=55072"},{"taxonomy":"post_tag","embeddable":true,"href":"https:\/\/www.mojevrijeme.hr\/magazin\/wp-json\/wp\/v2\/tags?post=55072"}],"curies":[{"name":"wp","href":"https:\/\/api.w.org\/{rel}","templated":true}]}}