{"id":55125,"date":"2021-12-27T21:29:21","date_gmt":"2021-12-27T20:29:21","guid":{"rendered":"https:\/\/www.mojevrijeme.hr\/magazin\/?p=55125"},"modified":"2021-12-27T21:29:48","modified_gmt":"2021-12-27T20:29:48","slug":"necijepljeni-bi-mogli-placati-lijecenje-i-ostati-bez-bolovanja","status":"publish","type":"post","link":"https:\/\/www.mojevrijeme.hr\/magazin\/2021\/12\/necijepljeni-bi-mogli-placati-lijecenje-i-ostati-bez-bolovanja\/","title":{"rendered":"Necijepljeni bi mogli pla\u0107ati lije\u010denje i ostati bez naknade za bolovanje"},"content":{"rendered":"\n<p>Bavarski ministar zdravlja <strong>Klaus Holetschek<\/strong> poziva sve stranke da ve\u0107 u sije\u010dnju u Bundestagu donesu zakon o obaveznom cijepljenju svih gra\u0111ana protiv korone. Holetschek, koji trenutno predsjedava konferencijom ministara zdravlja njema\u010dkih saveznih pokrajina, ka\u017ee da je to i na\u010din da se sprije\u010di masovni odlazak njegovatelja s posla.<\/p>\n\n\n\n<p>Naime, za medicinsku bran\u0161u ve\u0107 je uvedena obavezno cijepljenje koje stupa na snagu od o\u017eujka idu\u0107e godine. Njegovatelji &#8220;imaju osje\u0107aj da se samo oni \u010dine odgovornim za manjak cijepljenih, a op\u0107om obavezom bi se uspostavio jednak tretman&#8221;, rekao je Holetschek.<\/p>\n\n\n\n<p>Politi\u010dar Kr\u0161\u0107ansko-socijalne unije (CSU) ima podr\u0161ku svog pokrajinskog premijera <strong>Markusa S\u00f6dera<\/strong>. &#8220;Obavezno cijepljenje bi prije premostilo podjele u dru\u0161tvu nego \u0161to bi ih produbilo. Uvjeren sam u to. Bile bi prevladane predrasude. Mnogi bi shvatili da nije tako stra\u0161no cijepiti se, naprotiv \u2013 to \u0161titi i jam\u010di slobodu&#8221;, rekao je S\u00f6der za list <em>Welt<\/em>.<\/p><div id=\"mojev-1931951648\" class=\"mojev-u-tekstu mojev-entity-placement\" style=\"margin-left: auto;margin-right: auto;text-align: center;\"><div class=\"mojev-adlabel\">oglas<\/div><div style=\"height: 250px;\"><script async src=\"https:\/\/pagead2.googlesyndication.com\/pagead\/js\/adsbygoogle.js?client=ca-pub-8106111766207173\"\r\n     crossorigin=\"anonymous\"><\/script>\r\n<!-- Prikazni 1 u tekstu -->\r\n<ins class=\"adsbygoogle\"\r\n     style=\"display:block\"\r\n     data-ad-client=\"ca-pub-8106111766207173\"\r\n     data-ad-slot=\"8535551207\"\r\n     data-ad-format=\"auto\"\r\n     data-full-width-responsive=\"true\"><\/ins>\r\n<script>\r\n     (adsbygoogle = window.adsbygoogle || []).push({});\r\n<\/script><\/div><\/div><br style=\"clear: both; display: block; float: none;\"\/>\n\n\n\n<h3 class=\"wp-block-heading\">Skupa bolest za necijepljenje?<\/h3>\n\n\n\n<p>Ministar Holetschek je govorio i o sankcijama za one koji se ipak ne bi cijepili, ukoliko se ta obaveza uvede. S jedne se strane razmi\u0161lja o uvo\u0111enju financijskih kazni, dakle globe. S druge strane je rije\u010d o mogu\u0107nost da necijepljeni vi\u0161e pla\u0107aju zdravstveno osiguranje od cijepljenih, da moraju dijelom snositi tro\u0161kove lije\u010denja od korone ili da ne dobivaju novac kad su na bolovanju. &#8220;Jer, znatno je ve\u0107i rizik da necijepljeni te\u0161ko obole od korone&#8221;, rekao je on.<\/p>\n\n\n\n<p>Sli\u010dna pravila postoje ve\u0107 za ljude koji moraju biti medicinski zbrinuti ukoliko do\u0111e do problema nakon neuspjelih estetskih operacija, ili imaju zdravstvene posljedice zbog tetova\u017ea i pirsinga. Osim toga pacijenti moraju sami platiti dio tro\u0161kova lije\u010denja i kada &#8220;namjerno&#8221; izazovu oboljenje, prenosi <a href=\"https:\/\/www.dw.com\/hr\/necijepljeni-bi-u-njema%C4%8Dkoj-mogli-uskoro-sami-pla%C4%87ati-bolnicu\/a-60264917\" target=\"_blank\" rel=\"noreferrer noopener\">Deutsche Welle<\/a>.<\/p>\n\n\n\n<p>Po\u010detkom mjeseca se i Udru\u017eenje lije\u010dnika op\u0107e prakse Berlina izjasnilo za to da necijepljeni snose dio tro\u0161kova ukoliko obole od korone.<\/p>\n\n\n\n<p>A to bi moglo biti prili\u010dno skupo. Kako je izra\u010dunalo zdravstveno osiguranje AOK, lije\u010denje oboljelog od korone koji zavr\u0161i na respiratoru ko\u0161ta u prosjeku 34.200 eura, a ako se koriste umjetna plu\u0107a (ECMO) onda \u010dak 92.000 eura. Lije\u010denje prosje\u010dnog pacijenta oboljelog od korone ko\u0161ta 5.800 eura.<\/p>\n\n\n\n<h2 class=\"wp-block-heading\">Eti\u010dki savjet podijeljen<\/h2>\n\n\n\n<p>Novi njema\u010dki kancelar <strong>Olaf Scholz<\/strong> izjasnio se nedavno za uvo\u0111enje obaveznog cijepljenja, i najavio da \u0107e o tome zastupnici glasati najkasnije do po\u010detka velja\u010de, bez obaveze po\u0161tivanja strana\u010dke stege. Ta najava dolazi jer su Socijaldemokrati u koaliciji sa Zelenima i Liberalima, a mnogi politi\u010dari ovih potonjih protive se obaveznoj vakcinaciji.<\/p>\n\n\n\n<p>Ra\u010duna se da \u0107e me\u0111u opozicionim Demok\u0161\u0107anima i Ljevicom biti vi\u0161e nego dovoljno podr\u0161ke da zajedno s dijelom vladaju\u0107e koalicije zaklju\u010de obavezno cijepljenje za odrasle.<\/p>\n\n\n\n<p>Eti\u010dki savjet koji savjetuje vlasti je ve\u0107inom glasova tako\u0111e podr\u017eao uvo\u0111ene obaveznog cijepljenja za odrasle. Dvadeset \u010dlanova je bilo za, a \u010detvoro protiv. Ali, od tih dvadeset, sedmoro smatra da je dovoljno ako se na cijepljenje obve\u017eu oni iz rizi\u010dnih grupa \u2013 stariji ili gra\u0111ani s kroni\u010dnim oboljenjima.<\/p>\n\n\n\n<p>Pravnica <strong>Frauke Rostalski<\/strong>, koja je u Eti\u010dkom savjetu bila protiv obaveznog cijepljenja, rekla je za magazin <em>Focus<\/em> da postoje dvojbe koliko je cjepivo efikasno protiv novog soja virusa. &#8220;Onda bi uvo\u0111enje obaveznog cijepljenja zna\u010dilo da obavezujemo gra\u0111anke i gra\u0111ane na cjepivo koje mo\u017eda i nema dovoljnu efikasnost da doprinese rastere\u0107enju zdravstvenog sistema.&#8221;<\/p>\n\n\n\n<p>&#8220;Posebno me problemi u provo\u0111enju obaveznog cijepljenja \u010dine zabrinutom kada se radi o klimi u na\u0161em dru\u0161tvu\u201c, dodala je ona. Prema posljednjim anketama, 68 posto Nijemaca podr\u017eava uvo\u0111enje obaveznog cijepljenja.<\/p>\n\n\n\n<p>U Njema\u010dkoj se odnedavno cijepe i djeca starosti od 5 do 11 godina, premda Stalna komisija za cijepljenje za sada preporu\u010duje da se cijepe samo djeca naru\u0161enog zdravlja. U ukupnom stanovni\u0161tvu, 74 posto gra\u0111ana je primilo najmanje jednu dozu, 71 posto najmanje dvije, a 36 posto tri doze cjepiva.<\/p>\n<div id=\"mojev-1150931518\" class=\"mojev-kraj-teksta mojev-entity-placement\" style=\"margin-bottom: 20px;margin-left: auto;margin-right: auto;text-align: center;\"><div class=\"mojev-adlabel\">oglas<\/div><div style=\"height: 250px;\"><script async src=\"https:\/\/pagead2.googlesyndication.com\/pagead\/js\/adsbygoogle.js?client=ca-pub-8106111766207173\"\r\n     crossorigin=\"anonymous\"><\/script>\r\n<!-- Display-1 -->\r\n<ins class=\"adsbygoogle\"\r\n     style=\"display:block\"\r\n     data-ad-client=\"ca-pub-8106111766207173\"\r\n     data-ad-slot=\"1465712950\"\r\n     data-ad-format=\"auto\"\r\n     data-full-width-responsive=\"true\"><\/ins>\r\n<script>\r\n     (adsbygoogle = window.adsbygoogle || []).push({});\r\n<\/script><\/div><\/div>","protected":false},"excerpt":{"rendered":"<p>Ministar zdravlja Bavarske predla\u017ee da se, ako cijepljenje postane obavezno za sve, pove\u0107aju izdaci koje za zdravstveno osiguranje pla\u0107aju necijepljeni. Izgleda da dolazi skoro uvo\u0111enje obaveznog cijepljenja u Njema\u010dkoj, javlja Deutsche Welle.<\/p>\n","protected":false},"author":1,"featured_media":48903,"comment_status":"closed","ping_status":"closed","sticky":false,"template":"","format":"standard","meta":{"footnotes":""},"categories":[9],"tags":[331,2046,127],"class_list":["post-55125","post","type-post","status-publish","format-standard","has-post-thumbnail","hentry","category-vijesti","tag-cijepljenje","tag-korona-virus","tag-njemacka"],"_links":{"self":[{"href":"https:\/\/www.mojevrijeme.hr\/magazin\/wp-json\/wp\/v2\/posts\/55125","targetHints":{"allow":["GET"]}}],"collection":[{"href":"https:\/\/www.mojevrijeme.hr\/magazin\/wp-json\/wp\/v2\/posts"}],"about":[{"href":"https:\/\/www.mojevrijeme.hr\/magazin\/wp-json\/wp\/v2\/types\/post"}],"author":[{"embeddable":true,"href":"https:\/\/www.mojevrijeme.hr\/magazin\/wp-json\/wp\/v2\/users\/1"}],"replies":[{"embeddable":true,"href":"https:\/\/www.mojevrijeme.hr\/magazin\/wp-json\/wp\/v2\/comments?post=55125"}],"version-history":[{"count":0,"href":"https:\/\/www.mojevrijeme.hr\/magazin\/wp-json\/wp\/v2\/posts\/55125\/revisions"}],"wp:featuredmedia":[{"embeddable":true,"href":"https:\/\/www.mojevrijeme.hr\/magazin\/wp-json\/wp\/v2\/media\/48903"}],"wp:attachment":[{"href":"https:\/\/www.mojevrijeme.hr\/magazin\/wp-json\/wp\/v2\/media?parent=55125"}],"wp:term":[{"taxonomy":"category","embeddable":true,"href":"https:\/\/www.mojevrijeme.hr\/magazin\/wp-json\/wp\/v2\/categories?post=55125"},{"taxonomy":"post_tag","embeddable":true,"href":"https:\/\/www.mojevrijeme.hr\/magazin\/wp-json\/wp\/v2\/tags?post=55125"}],"curies":[{"name":"wp","href":"https:\/\/api.w.org\/{rel}","templated":true}]}}