{"id":5520,"date":"2015-10-12T07:50:12","date_gmt":"2015-10-12T05:50:12","guid":{"rendered":"http:\/\/www.mojevrijeme.hr\/magazin\/?p=5520"},"modified":"2015-10-17T18:41:23","modified_gmt":"2015-10-17T16:41:23","slug":"milanovic-predizborno-obecao-prijenos-dijela-mirovine-umrlog-partnera","status":"publish","type":"post","link":"https:\/\/www.mojevrijeme.hr\/magazin\/2015\/10\/milanovic-predizborno-obecao-prijenos-dijela-mirovine-umrlog-partnera\/","title":{"rendered":"Milanovi\u0107 obe\u0107ao prijenos dijela mirovine umrlog partnera"},"content":{"rendered":"<p>Koalicija &#8220;Hrvatska raste&#8221;, okupljena oko SDP-a, objavila je ju\u010der (12. listopada) svoj izborni program na internetskoj stranici <a href=\"http:\/\/www.hrvatskaraste.org\" target=\"_blank\">www.hrvatskaraste.org <\/a>a program je podijeljen u osam tematskih cjelina, u kojima koalicija navodi postignu\u0107a vlade u odlasku i ono \u0161to namjerava u\u010diniti u idu\u0107e \u010detiri godine. Iz programa izdvajamo dio koji izravno doti\u010du mirovina i umirovljenika.<\/p>\n<p>Izme\u0111u ostalog, obe\u0107avaju\u00a0novi rast minimalne pla\u0107e, a kad je rije\u010d o socijalnoj skrbi, <a href=\"http:\/\/www.mojevrijeme.hr\/magazin\/2015\/08\/siromasni-ce-od-listopada-dobivati-bonove-za-energente\/\" target=\"_blank\">pro\u0161irenje mjere energetske naknade<\/a> (vau\u010dera) na \u0161iri krug korisnika, osobito umirovljenika s najni\u017eim mirovinama.<\/p>\n<p>Tvrde kako su u mandatu na izmaku uskla\u0111ivanjem mirovine pove\u0107ali za ukupno <strong>4,7 posto<\/strong>, a za idu\u0107i mandat najavljuju nastavak uskla\u0111ivanja, mogu\u0107nost prijenosa dijela mirovine umrlog partnera i pove\u0107anje mirovina ukidanjem doprinosa za zdravstvo u iznosu od <strong>3 posto<\/strong>.<\/p><div id=\"mojev-1864129796\" class=\"mojev-u-tekstu mojev-entity-placement\" style=\"margin-left: auto;margin-right: auto;text-align: center;\"><div class=\"mojev-adlabel\">oglas<\/div><div style=\"height: 250px;\"><script async src=\"https:\/\/pagead2.googlesyndication.com\/pagead\/js\/adsbygoogle.js?client=ca-pub-8106111766207173\"\r\n     crossorigin=\"anonymous\"><\/script>\r\n<!-- Prikazni 1 u tekstu -->\r\n<ins class=\"adsbygoogle\"\r\n     style=\"display:block\"\r\n     data-ad-client=\"ca-pub-8106111766207173\"\r\n     data-ad-slot=\"8535551207\"\r\n     data-ad-format=\"auto\"\r\n     data-full-width-responsive=\"true\"><\/ins>\r\n<script>\r\n     (adsbygoogle = window.adsbygoogle || []).push({});\r\n<\/script><\/div><\/div><br style=\"clear: both; display: block; float: none;\"\/>\n<p>Omogu\u0107it \u0107e, najavljuju, socijalne mirovine za one koji nakon 65 godina nisu stekli uvjete za mirovinu te uvesti profesionalnu mirovinu uz mogu\u0107nost rada.<\/p>\n<p>Podsjetimo, u srpnju je ministar rada i mirovinskog sustava Mirando Mrsi\u0107 <a href=\"http:\/\/www.mojevrijeme.hr\/magazin\/2015\/07\/umirovljenici-ce-primati-svoju-i-pola-mirovine-umrlog-partnera\/\" target=\"_blank\">najavio novi model mirovina<\/a> prema kojem bi, uz svoju, umirovljenik mogao primati\u00a0i 50-60% mirovine umrlog partnera.\u00a0Prema sada\u0161njem modelu, mogu\u0107e je primati svoju mirovinu ili 70% mirovine preminulog partnera.<\/p>\n<div id=\"mojev-2381126453\" class=\"mojev-kraj-teksta mojev-entity-placement\" style=\"margin-bottom: 20px;margin-left: auto;margin-right: auto;text-align: center;\"><div class=\"mojev-adlabel\">oglas<\/div><div style=\"height: 250px;\"><script async src=\"https:\/\/pagead2.googlesyndication.com\/pagead\/js\/adsbygoogle.js?client=ca-pub-8106111766207173\"\r\n     crossorigin=\"anonymous\"><\/script>\r\n<!-- Display-1 -->\r\n<ins class=\"adsbygoogle\"\r\n     style=\"display:block\"\r\n     data-ad-client=\"ca-pub-8106111766207173\"\r\n     data-ad-slot=\"1465712950\"\r\n     data-ad-format=\"auto\"\r\n     data-full-width-responsive=\"true\"><\/ins>\r\n<script>\r\n     (adsbygoogle = window.adsbygoogle || []).push({});\r\n<\/script><\/div><\/div>","protected":false},"excerpt":{"rendered":"<p>Izme\u0111u ostalog, obe\u0107avaju novi rast minimalne pla\u0107e, a kad je rije\u010d o socijalnoj skrbi, pro\u0161irenje mjere energetske naknade (vau\u010dera) na \u0161iri krug korisnika, osobito umirovljenika s najni\u017eim mirovinama. <\/p>\n","protected":false},"author":2,"featured_media":5238,"comment_status":"closed","ping_status":"open","sticky":false,"template":"","format":"standard","meta":{"footnotes":""},"categories":[9],"tags":[223,18,238,300],"class_list":["post-5520","post","type-post","status-publish","format-standard","has-post-thumbnail","hentry","category-vijesti","tag-izbori","tag-mirovine","tag-politika","tag-zoran-milanovic"],"_links":{"self":[{"href":"https:\/\/www.mojevrijeme.hr\/magazin\/wp-json\/wp\/v2\/posts\/5520","targetHints":{"allow":["GET"]}}],"collection":[{"href":"https:\/\/www.mojevrijeme.hr\/magazin\/wp-json\/wp\/v2\/posts"}],"about":[{"href":"https:\/\/www.mojevrijeme.hr\/magazin\/wp-json\/wp\/v2\/types\/post"}],"author":[{"embeddable":true,"href":"https:\/\/www.mojevrijeme.hr\/magazin\/wp-json\/wp\/v2\/users\/2"}],"replies":[{"embeddable":true,"href":"https:\/\/www.mojevrijeme.hr\/magazin\/wp-json\/wp\/v2\/comments?post=5520"}],"version-history":[{"count":0,"href":"https:\/\/www.mojevrijeme.hr\/magazin\/wp-json\/wp\/v2\/posts\/5520\/revisions"}],"wp:featuredmedia":[{"embeddable":true,"href":"https:\/\/www.mojevrijeme.hr\/magazin\/wp-json\/wp\/v2\/media\/5238"}],"wp:attachment":[{"href":"https:\/\/www.mojevrijeme.hr\/magazin\/wp-json\/wp\/v2\/media?parent=5520"}],"wp:term":[{"taxonomy":"category","embeddable":true,"href":"https:\/\/www.mojevrijeme.hr\/magazin\/wp-json\/wp\/v2\/categories?post=5520"},{"taxonomy":"post_tag","embeddable":true,"href":"https:\/\/www.mojevrijeme.hr\/magazin\/wp-json\/wp\/v2\/tags?post=5520"}],"curies":[{"name":"wp","href":"https:\/\/api.w.org\/{rel}","templated":true}]}}