{"id":55385,"date":"2022-01-04T12:10:44","date_gmt":"2022-01-04T11:10:44","guid":{"rendered":"https:\/\/www.mojevrijeme.hr\/magazin\/?p=55385"},"modified":"2022-01-04T12:12:56","modified_gmt":"2022-01-04T11:12:56","slug":"suvisni-rukovoditelji-postaju-smetlari-tomasevic-moguce-je-zasto-ne","status":"publish","type":"post","link":"https:\/\/www.mojevrijeme.hr\/magazin\/2022\/01\/suvisni-rukovoditelji-postaju-smetlari-tomasevic-moguce-je-zasto-ne\/","title":{"rendered":"Suvi\u0161nim rukovoditeljima nude posao smetlara? Toma\u0161evi\u0107: Za\u0161to ne?"},"content":{"rendered":"\n<p>Nakon \u0161to je u nedjelju informacije o otkazima u Zagreba\u010dkom holdingu iznijela njegova zamjenica Danijela Dolenec, gradona\u010delnik <strong>Tomislav Toma\u0161evi\u0107<\/strong> stao je pred novinare i ponudio nove detalje.<\/p>\n\n\n\n<p>Ka\u017ee da spremaju oko 700 otkaza na razini cijelog Holdinga. Oko stotinjak njih je na pozicijama s najve\u0107im koeficijentima (koordinatori, savjetnici, zamjenici), a ostatak je u administraciji, na pozicijama sa srednjim koeficijentima.<\/p>\n\n\n\n<p>&#8220;Radi se o procesu koji je zapo\u010deo jo\u0161 u studenom. Tada su se pojavile prve informacije o odre\u0111enom vi\u0161ku radnika na razini Holdinga. Taj vi\u0161ak je prvenstveno u administraciji i kada se uspore\u0111uje s drugim komunalnim poduze\u0107ima u Hrvatskoj taj vi\u0161ak se jasno vidi&#8221;, rekao je Toma\u0161evi\u0107.<\/p><div id=\"mojev-2607734216\" class=\"mojev-u-tekstu mojev-entity-placement\" style=\"margin-left: auto;margin-right: auto;text-align: center;\"><div class=\"mojev-adlabel\">oglas<\/div><div style=\"height: 250px;\"><script async src=\"https:\/\/pagead2.googlesyndication.com\/pagead\/js\/adsbygoogle.js?client=ca-pub-8106111766207173\"\r\n     crossorigin=\"anonymous\"><\/script>\r\n<!-- Prikazni 1 u tekstu -->\r\n<ins class=\"adsbygoogle\"\r\n     style=\"display:block\"\r\n     data-ad-client=\"ca-pub-8106111766207173\"\r\n     data-ad-slot=\"8535551207\"\r\n     data-ad-format=\"auto\"\r\n     data-full-width-responsive=\"true\"><\/ins>\r\n<script>\r\n     (adsbygoogle = window.adsbygoogle || []).push({});\r\n<\/script><\/div><\/div><br style=\"clear: both; display: block; float: none;\"\/>\n\n\n\n<p>Dio radnika \u0107e, dodaje, oti\u0107i s otpremninama, a dijelu \u0107e biti ponu\u0111eni operativni poslovi. Na novinarsko pitanje ho\u0107e li zaista nekome na rukovode\u0107oj poziciji biti ponu\u0111eno da prije\u0111e na operativni posao u \u010cisto\u0107i, na poziciju smetlara, Toma\u0161evi\u0107 je odgovorio: &#8220;Naravno da je mogu\u0107e, za\u0161to ne bi bilo mogu\u0107e?&#8221;<\/p>\n<div id=\"mojev-3407905007\" class=\"mojev-kraj-teksta mojev-entity-placement\" style=\"margin-bottom: 20px;margin-left: auto;margin-right: auto;text-align: center;\"><div class=\"mojev-adlabel\">oglas<\/div><div style=\"height: 250px;\"><script async src=\"https:\/\/pagead2.googlesyndication.com\/pagead\/js\/adsbygoogle.js?client=ca-pub-8106111766207173\"\r\n     crossorigin=\"anonymous\"><\/script>\r\n<!-- Display-1 -->\r\n<ins class=\"adsbygoogle\"\r\n     style=\"display:block\"\r\n     data-ad-client=\"ca-pub-8106111766207173\"\r\n     data-ad-slot=\"1465712950\"\r\n     data-ad-format=\"auto\"\r\n     data-full-width-responsive=\"true\"><\/ins>\r\n<script>\r\n     (adsbygoogle = window.adsbygoogle || []).push({});\r\n<\/script><\/div><\/div>","protected":false},"excerpt":{"rendered":"<p>Dio radnika \u0107e, dodaje, oti\u0107i s otpremninama, a dijelu \u0107e biti ponu\u0111eni operativni poslovi. <\/p>\n","protected":false},"author":1,"featured_media":47955,"comment_status":"closed","ping_status":"closed","sticky":false,"template":"","format":"standard","meta":{"footnotes":""},"categories":[9],"tags":[2670,629],"class_list":["post-55385","post","type-post","status-publish","format-standard","has-post-thumbnail","hentry","category-vijesti","tag-tomislav-tomasevic","tag-zagrebacki-holding"],"_links":{"self":[{"href":"https:\/\/www.mojevrijeme.hr\/magazin\/wp-json\/wp\/v2\/posts\/55385","targetHints":{"allow":["GET"]}}],"collection":[{"href":"https:\/\/www.mojevrijeme.hr\/magazin\/wp-json\/wp\/v2\/posts"}],"about":[{"href":"https:\/\/www.mojevrijeme.hr\/magazin\/wp-json\/wp\/v2\/types\/post"}],"author":[{"embeddable":true,"href":"https:\/\/www.mojevrijeme.hr\/magazin\/wp-json\/wp\/v2\/users\/1"}],"replies":[{"embeddable":true,"href":"https:\/\/www.mojevrijeme.hr\/magazin\/wp-json\/wp\/v2\/comments?post=55385"}],"version-history":[{"count":0,"href":"https:\/\/www.mojevrijeme.hr\/magazin\/wp-json\/wp\/v2\/posts\/55385\/revisions"}],"wp:featuredmedia":[{"embeddable":true,"href":"https:\/\/www.mojevrijeme.hr\/magazin\/wp-json\/wp\/v2\/media\/47955"}],"wp:attachment":[{"href":"https:\/\/www.mojevrijeme.hr\/magazin\/wp-json\/wp\/v2\/media?parent=55385"}],"wp:term":[{"taxonomy":"category","embeddable":true,"href":"https:\/\/www.mojevrijeme.hr\/magazin\/wp-json\/wp\/v2\/categories?post=55385"},{"taxonomy":"post_tag","embeddable":true,"href":"https:\/\/www.mojevrijeme.hr\/magazin\/wp-json\/wp\/v2\/tags?post=55385"}],"curies":[{"name":"wp","href":"https:\/\/api.w.org\/{rel}","templated":true}]}}