{"id":55436,"date":"2021-11-29T21:14:00","date_gmt":"2021-11-29T20:14:00","guid":{"rendered":"https:\/\/www.mojevrijeme.hr\/magazin\/?p=55436"},"modified":"2022-01-06T11:07:47","modified_gmt":"2022-01-06T10:07:47","slug":"lazne-vijesti-o-covid-u-se-dijele-po-inerciji-bez-razmisljanja-o-istini-ili-posljedicama","status":"publish","type":"post","link":"https:\/\/www.mojevrijeme.hr\/magazin\/2021\/11\/lazne-vijesti-o-covid-u-se-dijele-po-inerciji-bez-razmisljanja-o-istini-ili-posljedicama\/","title":{"rendered":"La\u017ene vijesti o COVID-u se dijele po inerciji, bez razmi\u0161ljanja o istini ili posljedicama"},"content":{"rendered":"\n<p>&#8220;Australija je otvorila logore u koje silom trpa ljude koji se ne \u017eele cijepiti. I njihovu djecu. Ako to nije fa\u0161izam, onda ne znam \u0161to jest.&#8221; Tvrdnja je to koja je na na\u0161oj Facebook stranici iznijela komentatorica. Na pitanje je li provjerila tu informaciju, odgovorila je da je &#8220;pisalo na internetu&#8221;. Na\u0161a \u010ditateljica, vidljivo je iz komunikacije, o provjeri te informacije nije ni razmi\u0161ljala.<\/p>\n\n\n\n<p>I zaista rije\u010d je o komadu dezinformacije koja je krenula s Twittera preko rubnih portala sklonima suludim teorijama urote pa je, na koncu, punu snagu dobila na Facebooku. No nekoliko minuta bilo bi dovoljno za provjeriti australske informativne portale kako bi se saznalo o \u010demu se zapravo radi.<\/p>\n\n\n\n<p>U korijenu ove dezinformacije jest vijest da je australska vojska intervenirala u izoliranim naseljima u kojima u \u010desto nehigijenskim uvjetima i daleko od medicinske skrbi \u017eive starosjedioci. Rije\u010d je o populaciji koja boluje od niza kroni\u010dnih bolesti, posebice dijabetesa i vrlo su ranjivi kada je COVID u pitanju. Intervencija se sastojala u tome da su oboljeli i njihovi kontakti premje\u0161teni u naselje Howard Springs nedaleko Darwina kako bi suzbilo \u0161irenje bolesti u toj populaciji i kako bi imali lak\u0161i pristup zdravstvenoj skrbi, o \u010demu su vlasti izvijestile javnost.<\/p><div id=\"mojev-1840682538\" class=\"mojev-u-tekstu mojev-entity-placement\" style=\"margin-left: auto;margin-right: auto;text-align: center;\"><div class=\"mojev-adlabel\">oglas<\/div><div style=\"height: 250px;\"><script async src=\"https:\/\/pagead2.googlesyndication.com\/pagead\/js\/adsbygoogle.js?client=ca-pub-8106111766207173\"\r\n     crossorigin=\"anonymous\"><\/script>\r\n<!-- Prikazni 1 u tekstu -->\r\n<ins class=\"adsbygoogle\"\r\n     style=\"display:block\"\r\n     data-ad-client=\"ca-pub-8106111766207173\"\r\n     data-ad-slot=\"8535551207\"\r\n     data-ad-format=\"auto\"\r\n     data-full-width-responsive=\"true\"><\/ins>\r\n<script>\r\n     (adsbygoogle = window.adsbygoogle || []).push({});\r\n<\/script><\/div><\/div><br style=\"clear: both; display: block; float: none;\"\/>\n\n\n\n<p>U raspravu su se uklju\u010dili i istaknuti pripadnici aborid\u017einske zajednice poku\u0161avaju\u0107i ukazati da nije rije\u010d o &#8220;genocidu&#8221; kako tvrde protivnici cijepljenja i epidemiolo\u0161kih mjera; bilo da se radi o broju osoba koje su izuzete iz zajednice, bilo da se radi o na\u010dinu postupanja, a pogotovo kada je rije\u010d o namjeri. <\/p>\n\n\n\n<blockquote class=\"twitter-tweet\"><p lang=\"en\" dir=\"ltr\">It&#8217;s a pretty shit planned one. My grandmother was stolen generation. To compare what I&#8217;m going through in this camp to what she and her generation went through us disgusting. I&#8217;m in a nice room with my own aircon. I&#8217;m sitting back watching netflix on free WiFi. I had barra<\/p>\u2014 Luke Ellis (@lukeae88) <a href=\"https:\/\/twitter.com\/lukeae88\/status\/1463292499867234314?ref_src=twsrc%5Etfw\">November 23, 2021<\/a><\/blockquote> <script async=\"\" src=\"https:\/\/platform.twitter.com\/widgets.js\" charset=\"utf-8\"><\/script>\n\n\n\n<h3 class=\"wp-block-heading\">Ne razmi\u0161ljaju ni o to\u010dnosti ni o posljedicama<\/h3>\n\n\n\n<p>Za\u0161to ljudi dijele takve dezinformacije, bez da su uop\u0107e o njima promislili i kako ih obeshrabriti u tome? Istra\u017eivanje objavljeno u stru\u010dnoj publikaciji <em>Psychological Science<\/em> pokazuje da bi svojevrsna obuka koja bi potaknula ljude da razmi\u0161ljaju o to\u010dnosti mogla rezultirati u boljim odlukama \u0161to podijeliti na dru\u0161tvenim medijima. Istra\u017eivanjem je obuhva\u0107eno vi\u0161e od 1.700 sudionika, a rezultati su pokazali da kada ih se izravno pita o to\u010dnosti sadr\u017eaja, ljudi postaju vje\u0161tiji u razlu\u010divanju istinitih od la\u017enih informacija.<\/p>\n\n\n\n<p>Prihva\u0107eno je mi\u0161ljenje da ljudi dijele la\u017ene vijesti zbog toga \u0161to nisu sposobni razlu\u010diti istinu od la\u017ei, no istra\u017eivanja provedena na Sveu\u010dili\u0161tu Regina u Kanadi dokazuju da to uvijek nije tako. &#8220;Umjesto toga, utvrdili smo da ljudi dijele la\u017ene vijesti o koronavirusu na dru\u0161tvenim mre\u017eama zato \u0161to \u2013 ne razmi\u0161ljaju. Ne razmi\u0161ljaju o to\u010dnosti kada donose odluku o tome \u0161to \u0107e podijeliti s drugima.&#8221; To zanemarivanje to\u010dnosti, analiziraju znanstvenici, je ono \u0161to zovemo i intelektualnom lijeno\u0161\u0107u, barem kada se radi o sudjelovanju i dijeljenju na dru\u0161tvenim mre\u017eama.<\/p>\n\n\n\n<p>Kanadsko istra\u017eivanje vodio je <strong>Gordon Pennycook<\/strong>, profesor bihevioralnih znanosti \u010dije polje znanstvenog interesa obuhva\u0107a zaklju\u010divanje, dono\u0161enje odluka, razliku izme\u0111u intuicije i analiti\u010dkog razmi\u0161ljanja, politi\u010dkih ideologija i la\u017enog informiranja. <\/p>\n\n\n\n<h3 class=\"wp-block-heading\">Kako je istra\u017eivanje izgledalo?<\/h3>\n\n\n\n<p>Ispitanicima su ponu\u0111eni popisi 15 la\u017enih i 15 istinitih naslova vezanih uz COVID-19 pri \u010demu su naslovi bili formatirani u obliku objava na Facebooku. Ispitanici su trebali ocijeniti njihovu to\u010dnost i svoju spremnost na dijeljenje istih.<\/p>\n\n\n\n<h3 class=\"wp-block-heading\">Intuicija nije putokaz prema istini<\/h3>\n\n\n\n<p>Pokazalo se da ljudi \u010desto uop\u0107e ne razmi\u0161ljaju o to\u010dnosti \u010dlanaka koje dijele na dru\u0161tvenim mre\u017eama te da tim \u010de\u0161\u0107e dijele la\u017ene vijesti \u010dim se vi\u0161e oslanjaju na intuiciju ili imaju manje znanstvenog obrazovanja od prosjeka. Kao \u0161to je re\u010deno, pokazalo se i da jednostavno poticanje na promi\u0161ljanje o to\u010dnosti informacija udvostru\u010dio njihov oprez prilikom dijeljenja istih.<\/p>\n\n\n\n<p>Bolja budu\u0107nost, smatra Pennycook, le\u017ei u promjeni na\u010dina interakcije na dru\u0161tvenim mre\u017eama. &#8220;Ljudi moraju zastati i promisliti je li ne\u0161to istina, prije no \u0161to to podijele s drugima. A kompanije koje stoje iza dru\u0161tvenih mre\u017ea trebale bi istra\u017eiti na\u010dine kako to posti\u0107i, najvjerojatnije kroz suptilno poticanje na razmi\u0161ljanje o to\u010dnosti informacija na njihovoj platformi&#8221;, zaklju\u010duje Pennycook.<\/p>\n\n\n\n<p class=\"has-text-align-center has-text-color\" style=\"color:#666666;font-size:0.8rem\">Ovaj prilog nastao je uz potporu Fonda za poticanje pluralizma i raznovrsnosti elektroni\u010dkih medija <br>u okviru projekta &#8220;\u017divim, u\u010dim, rastem \u2013 Aktivno starenje, zdravo starenje&#8221;<\/p>\n<div id=\"mojev-4162632568\" class=\"mojev-kraj-teksta mojev-entity-placement\" style=\"margin-bottom: 20px;margin-left: auto;margin-right: auto;text-align: center;\"><div class=\"mojev-adlabel\">oglas<\/div><div style=\"height: 250px;\"><script async src=\"https:\/\/pagead2.googlesyndication.com\/pagead\/js\/adsbygoogle.js?client=ca-pub-8106111766207173\"\r\n     crossorigin=\"anonymous\"><\/script>\r\n<!-- Display-1 -->\r\n<ins class=\"adsbygoogle\"\r\n     style=\"display:block\"\r\n     data-ad-client=\"ca-pub-8106111766207173\"\r\n     data-ad-slot=\"1465712950\"\r\n     data-ad-format=\"auto\"\r\n     data-full-width-responsive=\"true\"><\/ins>\r\n<script>\r\n     (adsbygoogle = window.adsbygoogle || []).push({});\r\n<\/script><\/div><\/div>","protected":false},"excerpt":{"rendered":"<p>I hrvatski dio Facebooka zagu\u0161en je brojnim dezinformacijama o koronavirusu i odgovoru na pandemiju. Za\u0161to se la\u017ene vijesti tako lako ukorjenjuju me\u0111u na\u0161im gra\u0111anima? Odgovore treba potra\u017eiti u navikama da se Internet i medijski sadr\u017eaji konzumiraju bez ulaganja intelektualnog napora. <\/p>\n","protected":false},"author":10,"featured_media":44314,"comment_status":"closed","ping_status":"closed","sticky":false,"template":"","format":"standard","meta":{"footnotes":""},"categories":[2,2853],"tags":[2316,982,2046,1333],"class_list":["post-55436","post","type-post","status-publish","format-standard","has-post-thumbnail","hentry","category-mozaik","category-zivim-ucim-rastem","tag-antivakseri","tag-fake-news","tag-korona-virus","tag-medijska-pismenost"],"_links":{"self":[{"href":"https:\/\/www.mojevrijeme.hr\/magazin\/wp-json\/wp\/v2\/posts\/55436","targetHints":{"allow":["GET"]}}],"collection":[{"href":"https:\/\/www.mojevrijeme.hr\/magazin\/wp-json\/wp\/v2\/posts"}],"about":[{"href":"https:\/\/www.mojevrijeme.hr\/magazin\/wp-json\/wp\/v2\/types\/post"}],"author":[{"embeddable":true,"href":"https:\/\/www.mojevrijeme.hr\/magazin\/wp-json\/wp\/v2\/users\/10"}],"replies":[{"embeddable":true,"href":"https:\/\/www.mojevrijeme.hr\/magazin\/wp-json\/wp\/v2\/comments?post=55436"}],"version-history":[{"count":0,"href":"https:\/\/www.mojevrijeme.hr\/magazin\/wp-json\/wp\/v2\/posts\/55436\/revisions"}],"wp:featuredmedia":[{"embeddable":true,"href":"https:\/\/www.mojevrijeme.hr\/magazin\/wp-json\/wp\/v2\/media\/44314"}],"wp:attachment":[{"href":"https:\/\/www.mojevrijeme.hr\/magazin\/wp-json\/wp\/v2\/media?parent=55436"}],"wp:term":[{"taxonomy":"category","embeddable":true,"href":"https:\/\/www.mojevrijeme.hr\/magazin\/wp-json\/wp\/v2\/categories?post=55436"},{"taxonomy":"post_tag","embeddable":true,"href":"https:\/\/www.mojevrijeme.hr\/magazin\/wp-json\/wp\/v2\/tags?post=55436"}],"curies":[{"name":"wp","href":"https:\/\/api.w.org\/{rel}","templated":true}]}}