{"id":55525,"date":"2022-01-08T18:12:04","date_gmt":"2022-01-08T17:12:04","guid":{"rendered":"https:\/\/www.mojevrijeme.hr\/magazin\/?p=55525"},"modified":"2022-01-08T18:12:05","modified_gmt":"2022-01-08T17:12:05","slug":"bejakovic-kaznjavati-ranije-umirovljenje-imamo-najlosiji-omjer-radnika-i-umirovljenika","status":"publish","type":"post","link":"https:\/\/www.mojevrijeme.hr\/magazin\/2022\/01\/bejakovic-kaznjavati-ranije-umirovljenje-imamo-najlosiji-omjer-radnika-i-umirovljenika\/","title":{"rendered":"Bejakovi\u0107: Ka\u017enjavati ranije umirovljenje, imamo najlo\u0161iji omjer radnika i umirovljenika"},"content":{"rendered":"\n<p>U studenome pro\u0161le godine u Hrvatskoj je bilo 1,58 milijuna osiguranika i 1,23 milijuna umirovljenika, pa je svakog umirovljenika uzdr\u017eavalo\u00a0<strong>1,28 radnika,<\/strong>\u00a0\u0161to je bolji odnos nego je zabilje\u017een krajem studenoga u proteklom desetlje\u0107u. Iz Hrvatskog zavoda za mirovinsko osiguranje ka\u017eu da je broj osiguranika s kraja studenoga pro\u0161le godine tre\u0107i u protekla dva desetlje\u0107a, a najve\u0107i je bio 1,61 milijun u studenome 2008, pi\u0161e <a href=\"https:\/\/slobodnadalmacija.hr\/vijesti\/hrvatska\/trend-se-mijenja-ali-i-dalje-nemamo-previse-razloga-za-zadovoljstvo-radnika-je-vise-nego-lani-umirovljenika-nesto-manje-no-i-dalje-imamo-najgori-omjer-u-europi-i-jedan-od-najgorih-u-svijetu-1157593\" target=\"_blank\" rel=\"noreferrer noopener\">Slobodna Dalmacija<\/a>.<\/p>\n\n\n\n<p>Hrvatska je osamdesetih godina pro\u0161log stolje\u0107a imala \u010detiri osiguranika na jednog umirovljenika ili njih\u00a0<strong>400 na sto umirovljenika.<\/strong>\u00a0Po\u010detkom devedesetih taj je odnos pao na tri uplatitelja doprinosa po umirovljeniku, da bi 1994. kliznuo ispod dva osiguranika po umirovljeniku. Danas, kada na sto umirovljenika imamo njih svega 128 koji upla\u0107uju mirovinske doprinose, odnosno 1,28 zaposlenih po umirovljeniku, pitanje je dokle sustav to mo\u017ee izdr\u017eati i koji je omjer kriti\u010dan.<\/p>\n\n\n\n<p>&#8220;O omjeru sloma ne mogu govoriti, ali mogu re\u0107i da Hrvatska ima\u00a0<strong>najnepovoljniji omjer u Europi i jedan od najlo\u0161ijih omjera u svijetu.\u00a0<\/strong>Sigurno da \u010detiri osiguranika mo\u017ee neusporedivo lak\u0161e financirati jednog umirovljenika nego jedan ili dva osiguranika. O\u010dekivati pomake u nekom kratkom roku je te\u0161ko, mo\u017eemo malo pomaknuti odlazak u mirovinu jer ulazimo kasno na tr\u017ei\u0161te rada. Nakon studiranja po\u010dinje se raditi gotovo u 30. godini, a u 63. se ide u mirovinu, tako da imamo vrlo kratak sta\u017e osiguranja&#8221;, ka\u017ee za Slobodnu Predrag Bejakovi\u0107 s Instituta za javne financije.<\/p><div id=\"mojev-1338685968\" class=\"mojev-u-tekstu mojev-entity-placement\" style=\"margin-left: auto;margin-right: auto;text-align: center;\"><div class=\"mojev-adlabel\">oglas<\/div><div style=\"height: 250px;\"><script async src=\"https:\/\/pagead2.googlesyndication.com\/pagead\/js\/adsbygoogle.js?client=ca-pub-8106111766207173\"\r\n     crossorigin=\"anonymous\"><\/script>\r\n<!-- Prikazni 1 u tekstu -->\r\n<ins class=\"adsbygoogle\"\r\n     style=\"display:block\"\r\n     data-ad-client=\"ca-pub-8106111766207173\"\r\n     data-ad-slot=\"8535551207\"\r\n     data-ad-format=\"auto\"\r\n     data-full-width-responsive=\"true\"><\/ins>\r\n<script>\r\n     (adsbygoogle = window.adsbygoogle || []).push({});\r\n<\/script><\/div><\/div><br style=\"clear: both; display: block; float: none;\"\/>\n\n\n\n<p>Navodi da je stopa sistemske ovisnosti, \u0161to pokazuje broj osoba koje pla\u0107aju mirovinski doprinos u odnosu na 100 umirovljenika,<strong>&nbsp;u 2019. godini u Hrvatskoj bila 125<\/strong>, dok je prosjek za eurozonu&nbsp;<strong>163<\/strong>; u Belgiji je stopa bila 174, u Bugarskoj 129, u \u010ce\u0161koj 171, Njema\u010dkoj 168, Irskoj 272, Gr\u010dkoj 159, \u0160panjolskoj 191, Francuskoj 144, Italiji 151, Luksemburgu 259, Ma\u0111arskoj 142, Nizozemskoj 213, Austriji 171, Poljskoj 173, Portugalu 141, Sloveniji 138, Slova\u010dkoj 175, Finskoj 166, \u0160vedskoj 239&#8230;<\/p>\n\n\n\n<p>&#8220;\u017divimo znatno dulje nego na\u0161i preci, ali ne odlazimo mnogo kasnije u mirovinu nego \u0161to su oni to \u010dinili. \u017divotni nam je vijek na razini prosjeka cijelog EU-a i iznosi 81 godinu za \u017eene i 77 do 78 godina za mu\u0161karce, a u mirovinu se odlazi sa 63 godine. Civilizacijski je napredak da \u017eivimo dulje, ali moramo raditi dulje, to ne\u0107e spasiti mirovinski sustav, ali \u0107e ubla\u017eiti te\u0161ko\u0107e&#8221;, obja\u0161njava Bejakovi\u0107, dodaju\u0107i da je jedan od velikih problema u Hrvatskoj to\u00a0<strong>\u0161to se aktuarski ne ka\u017enjava prijevremeno umirovljenje<\/strong>\u00a0i dosta zemalja uvodi takozvanu aktuarsku pravi\u010dnost, kojom se za dulji rad i uplate u mirovinski sustav dobiva ve\u0107a mirovina, i obrnuto, za manje godina uplata doprinosa ide manja mirovina.<\/p>\n<div id=\"mojev-1744383063\" class=\"mojev-kraj-teksta mojev-entity-placement\" style=\"margin-bottom: 20px;margin-left: auto;margin-right: auto;text-align: center;\"><div class=\"mojev-adlabel\">oglas<\/div><div style=\"height: 250px;\"><script async src=\"https:\/\/pagead2.googlesyndication.com\/pagead\/js\/adsbygoogle.js?client=ca-pub-8106111766207173\"\r\n     crossorigin=\"anonymous\"><\/script>\r\n<!-- Display-1 -->\r\n<ins class=\"adsbygoogle\"\r\n     style=\"display:block\"\r\n     data-ad-client=\"ca-pub-8106111766207173\"\r\n     data-ad-slot=\"1465712950\"\r\n     data-ad-format=\"auto\"\r\n     data-full-width-responsive=\"true\"><\/ins>\r\n<script>\r\n     (adsbygoogle = window.adsbygoogle || []).push({});\r\n<\/script><\/div><\/div>","protected":false},"excerpt":{"rendered":"<p>Na hrvatskom tr\u017ei\u0161tu rada lani je bilo ne\u0161to vi\u0161e radnika nego ranijih godina, dok se broj umirovljenika smanjio za oko 6500 tisu\u0107a. No to nije dovoljno da popusti pritisak na mirovinski sustav kojeg gu\u0161i jedan od najlo\u0161ijih omjera radnika u odnosu na umirovljenike u cijelom svijetu. Stru\u010dnjaci poru\u010duju &#8211; treba raditi dulje i odga\u0111ati odlazak u mirovinu.<\/p>\n","protected":false},"author":1,"featured_media":45853,"comment_status":"closed","ping_status":"closed","sticky":false,"template":"","format":"standard","meta":{"footnotes":""},"categories":[9],"tags":[18,1147,3000],"class_list":["post-55525","post","type-post","status-publish","format-standard","has-post-thumbnail","hentry","category-vijesti","tag-mirovine","tag-predrag-bejakovic","tag-prijevremena-mirovina"],"_links":{"self":[{"href":"https:\/\/www.mojevrijeme.hr\/magazin\/wp-json\/wp\/v2\/posts\/55525","targetHints":{"allow":["GET"]}}],"collection":[{"href":"https:\/\/www.mojevrijeme.hr\/magazin\/wp-json\/wp\/v2\/posts"}],"about":[{"href":"https:\/\/www.mojevrijeme.hr\/magazin\/wp-json\/wp\/v2\/types\/post"}],"author":[{"embeddable":true,"href":"https:\/\/www.mojevrijeme.hr\/magazin\/wp-json\/wp\/v2\/users\/1"}],"replies":[{"embeddable":true,"href":"https:\/\/www.mojevrijeme.hr\/magazin\/wp-json\/wp\/v2\/comments?post=55525"}],"version-history":[{"count":0,"href":"https:\/\/www.mojevrijeme.hr\/magazin\/wp-json\/wp\/v2\/posts\/55525\/revisions"}],"wp:featuredmedia":[{"embeddable":true,"href":"https:\/\/www.mojevrijeme.hr\/magazin\/wp-json\/wp\/v2\/media\/45853"}],"wp:attachment":[{"href":"https:\/\/www.mojevrijeme.hr\/magazin\/wp-json\/wp\/v2\/media?parent=55525"}],"wp:term":[{"taxonomy":"category","embeddable":true,"href":"https:\/\/www.mojevrijeme.hr\/magazin\/wp-json\/wp\/v2\/categories?post=55525"},{"taxonomy":"post_tag","embeddable":true,"href":"https:\/\/www.mojevrijeme.hr\/magazin\/wp-json\/wp\/v2\/tags?post=55525"}],"curies":[{"name":"wp","href":"https:\/\/api.w.org\/{rel}","templated":true}]}}