{"id":55566,"date":"2022-01-10T10:57:40","date_gmt":"2022-01-10T09:57:40","guid":{"rendered":"https:\/\/www.mojevrijeme.hr\/magazin\/?p=55566"},"modified":"2022-01-10T10:57:40","modified_gmt":"2022-01-10T09:57:40","slug":"beros-razmisljat-cemo-o-obaveznom-cijepljenju-starijih-od-65","status":"publish","type":"post","link":"https:\/\/www.mojevrijeme.hr\/magazin\/2022\/01\/beros-razmisljat-cemo-o-obaveznom-cijepljenju-starijih-od-65\/","title":{"rendered":"Bero\u0161: Razmi\u0161ljat \u0107emo o obaveznom cijepljenju starijih od 65"},"content":{"rendered":"\n<p>Zbog te\u0161ke situacije s koronavirusom u Splitsko-dalmatinskoj \u017eupanije, premijer Andrej Plenkovi\u0107 i ministar zdravstva Vili Bero\u0161 obi\u0161li su KBC Split. U toj je ustanovi na respiratoru 49 COVID pozitivnih pacijenata.<\/p>\n\n\n\n<p>&#8220;U Splitu je 217 hospitaliziranih. Poruka koju \u017eelimo uputiti je: cijepljenje, primanje <em>boostera<\/em>, po\u0161tivanje mjera, slu\u0161anje struke \u2013 to su lije\u010dnici i infektolozi. Cjepiva ima vi\u0161e nego dovoljno, u izobilju, rekao bih. Pozivam sve da se cijepe, pogotovo starije&#8221;, rekao je\u00a0Plenkovi\u0107.<\/p>\n\n\n\n<p>&#8220;Te\u0161ko je za vjerovati da mla\u0111i ljudi nagovaraju starije da se ne cijepe. O tome smo danas razgovarali. I onda oni zavr\u0161avaju u bolnici. Mo\u017eemo to prekinuti. Znanost i struka daje izlaz i odgovor na ovo pitanje&#8221;, ka\u017ee pak minstar Bero\u0161.<\/p><div id=\"mojev-1893805167\" class=\"mojev-u-tekstu mojev-entity-placement\" style=\"margin-left: auto;margin-right: auto;text-align: center;\"><div class=\"mojev-adlabel\">oglas<\/div><div style=\"height: 250px;\"><script async src=\"https:\/\/pagead2.googlesyndication.com\/pagead\/js\/adsbygoogle.js?client=ca-pub-8106111766207173\"\r\n     crossorigin=\"anonymous\"><\/script>\r\n<!-- Prikazni 1 u tekstu -->\r\n<ins class=\"adsbygoogle\"\r\n     style=\"display:block\"\r\n     data-ad-client=\"ca-pub-8106111766207173\"\r\n     data-ad-slot=\"8535551207\"\r\n     data-ad-format=\"auto\"\r\n     data-full-width-responsive=\"true\"><\/ins>\r\n<script>\r\n     (adsbygoogle = window.adsbygoogle || []).push({});\r\n<\/script><\/div><\/div><br style=\"clear: both; display: block; float: none;\"\/>\n\n\n\n<p>&#8220;\u010citavo vrijeme govorim da su sve mjere na stolu. Obavezno cijepljenje nije opcija. Ako virus bude napredovao, razmi\u0161ljat \u0107emo i o obaveznom cijepljenju za starije od 65 godina\u2026 ali prvo sad moramo vidjeti kakav je omikron u Hrvatskoj, kakvu klini\u010dku sliku imaju stariji&#8221;, rekao je.<\/p>\n<div id=\"mojev-3928542308\" class=\"mojev-kraj-teksta mojev-entity-placement\" style=\"margin-bottom: 20px;margin-left: auto;margin-right: auto;text-align: center;\"><div class=\"mojev-adlabel\">oglas<\/div><div style=\"height: 250px;\"><script async src=\"https:\/\/pagead2.googlesyndication.com\/pagead\/js\/adsbygoogle.js?client=ca-pub-8106111766207173\"\r\n     crossorigin=\"anonymous\"><\/script>\r\n<!-- Display-1 -->\r\n<ins class=\"adsbygoogle\"\r\n     style=\"display:block\"\r\n     data-ad-client=\"ca-pub-8106111766207173\"\r\n     data-ad-slot=\"1465712950\"\r\n     data-ad-format=\"auto\"\r\n     data-full-width-responsive=\"true\"><\/ins>\r\n<script>\r\n     (adsbygoogle = window.adsbygoogle || []).push({});\r\n<\/script><\/div><\/div>","protected":false},"excerpt":{"rendered":"<p>Ministar Bero\u0161 ka\u017ee da smo u krizi bez presedana. &#8216;Ve\u0107 smo u ranijim valovima pokazali da je mobilizacija opreme i osoblja jedini na\u010din na koji mo\u017eemo odgovoriti na nju&#8217;, dodaje.<\/p>\n","protected":false},"author":1,"featured_media":39098,"comment_status":"closed","ping_status":"closed","sticky":false,"template":"","format":"standard","meta":{"footnotes":""},"categories":[9],"tags":[888,331,2046,143,2113],"class_list":["post-55566","post","type-post","status-publish","format-standard","has-post-thumbnail","hentry","category-vijesti","tag-andrej-plenkovic","tag-cijepljenje","tag-korona-virus","tag-split","tag-vili-beros"],"_links":{"self":[{"href":"https:\/\/www.mojevrijeme.hr\/magazin\/wp-json\/wp\/v2\/posts\/55566","targetHints":{"allow":["GET"]}}],"collection":[{"href":"https:\/\/www.mojevrijeme.hr\/magazin\/wp-json\/wp\/v2\/posts"}],"about":[{"href":"https:\/\/www.mojevrijeme.hr\/magazin\/wp-json\/wp\/v2\/types\/post"}],"author":[{"embeddable":true,"href":"https:\/\/www.mojevrijeme.hr\/magazin\/wp-json\/wp\/v2\/users\/1"}],"replies":[{"embeddable":true,"href":"https:\/\/www.mojevrijeme.hr\/magazin\/wp-json\/wp\/v2\/comments?post=55566"}],"version-history":[{"count":0,"href":"https:\/\/www.mojevrijeme.hr\/magazin\/wp-json\/wp\/v2\/posts\/55566\/revisions"}],"wp:featuredmedia":[{"embeddable":true,"href":"https:\/\/www.mojevrijeme.hr\/magazin\/wp-json\/wp\/v2\/media\/39098"}],"wp:attachment":[{"href":"https:\/\/www.mojevrijeme.hr\/magazin\/wp-json\/wp\/v2\/media?parent=55566"}],"wp:term":[{"taxonomy":"category","embeddable":true,"href":"https:\/\/www.mojevrijeme.hr\/magazin\/wp-json\/wp\/v2\/categories?post=55566"},{"taxonomy":"post_tag","embeddable":true,"href":"https:\/\/www.mojevrijeme.hr\/magazin\/wp-json\/wp\/v2\/tags?post=55566"}],"curies":[{"name":"wp","href":"https:\/\/api.w.org\/{rel}","templated":true}]}}