{"id":55583,"date":"2022-01-13T18:47:45","date_gmt":"2022-01-13T17:47:45","guid":{"rendered":"https:\/\/www.mojevrijeme.hr\/magazin\/?p=55583"},"modified":"2022-01-13T18:47:46","modified_gmt":"2022-01-13T17:47:46","slug":"stize-europska-mirovina-zasto-bi-trebalo-razmisliti-o-stednji-u-pepp-u","status":"publish","type":"post","link":"https:\/\/www.mojevrijeme.hr\/magazin\/2022\/01\/stize-europska-mirovina-zasto-bi-trebalo-razmisliti-o-stednji-u-pepp-u\/","title":{"rendered":"Sti\u017ee europska mirovina: Za\u0161to bi trebalo razmisliti o \u0161tednji u PEPP-u?"},"content":{"rendered":"\n<p>Doba je godine kad blagdanska tro\u0161enja sti\u017eu na naplatu i mnogi umirovljenici sa sjetom gledaju u svoje nov\u010danike. No unucima se ne\u0161to moralo staviti pod bor, pa makar to zna\u010dilo oskudnije obroke u sije\u010dnju. U ne\u0161to su boljoj situaciji oni koji imaju, recimo, njema\u010dke mirovine, no u budu\u0107nosti bi najrasko\u0161niji pokloni mogli biti pod borom onih baka i djedova koji \u0107e primati europske mirovine.<\/p>\n\n\n\n<p>Europska mirovina nova je ideja koja bi trebala za\u017eivjeti u o\u017eujku ove godine. Evo o \u010demu se radi.<\/p>\n\n\n\n<p>Demografska slika lo\u0161a je u gotovo svim zemljama Europske unije. Osim toga, \u017eivotni vijek sve je dulji, dok se istovremeno ra\u0111a sve manje djece zbog \u010dega \u0107e sada\u0161nji modeli mirovinskih osiguranja bazirani na me\u0111ugeneracijskoj solidarnosti postati te\u0161ko odr\u017eivi.<\/p><div id=\"mojev-3815592786\" class=\"mojev-u-tekstu mojev-entity-placement\" style=\"margin-left: auto;margin-right: auto;text-align: center;\"><div class=\"mojev-adlabel\">oglas<\/div><div style=\"height: 250px;\"><script async src=\"https:\/\/pagead2.googlesyndication.com\/pagead\/js\/adsbygoogle.js?client=ca-pub-8106111766207173\"\r\n     crossorigin=\"anonymous\"><\/script>\r\n<!-- Prikazni 1 u tekstu -->\r\n<ins class=\"adsbygoogle\"\r\n     style=\"display:block\"\r\n     data-ad-client=\"ca-pub-8106111766207173\"\r\n     data-ad-slot=\"8535551207\"\r\n     data-ad-format=\"auto\"\r\n     data-full-width-responsive=\"true\"><\/ins>\r\n<script>\r\n     (adsbygoogle = window.adsbygoogle || []).push({});\r\n<\/script><\/div><\/div><br style=\"clear: both; display: block; float: none;\"\/>\n\n\n\n<p>Europska unija zato je krenula i stvaranje paneuropskog mirovinskog modela, koji bi zapravo bio osobni instrument \u0161tednje na dobrovoljnoj bazi te tako najsli\u010dniji tre\u0107em mirovinskom stupu ili \u017eivotnom osiguranju i posebno zanimljiv onima koji su svoju penziju zara\u0111ivali u raznim zemljama Europske unije &#8211; a takvih \u0107e biti sve vi\u0161e i vi\u0161e.<\/p>\n\n\n\n<p><strong>Paneuropski osobni mirovinski proizvod<\/strong> ili PEPP, kako je slu\u017ebeni naziv te europske mirovine, nije zami\u0161ljen kao alternativa dosada\u0161njim dr\u017eavnim i mirovinskim fondovima. Radi se o dobrovoljnom proizvodu koji \u0107e biti dodatna mogu\u0107nost \u0161tednje za mirovinu i u potpunosti komplementaran postoje\u0107im sustavima i nacionalnim privatnim mirovinskim sustavima u dr\u017eavama Europske unije te ih ne\u0107e zamijeniti niti nadomjestiti. Kako je objasnila Europska komisija, PEPP je osmi\u0161ljen tako da izbjegne bilo kakve efekte prelijevanja na postoje\u0107e mirovinske sheme.<\/p>\n\n\n\n<h3 class=\"wp-block-heading\">Kome je namijenjen PEPP?<\/h3>\n\n\n\n<p>&#8220;PEPP je najvi\u0161e namijenjen onima koji putuju, koji mijenjaju zemlje u kojima \u017eive i rade, pa je glavna zamisao da se omogu\u0107i ljudima da \u0161tede za mirovinu u razli\u010ditim zemljama i da se ta mirovina prenosi&#8221;, ka\u017ee <strong>Dijana Boj\u010deta Markoja<\/strong>, direktorica Udruge dru\u0161tava za upravljanje mirovinskim fondovima i mirovinskih osiguravaju\u0107ih dru\u0161tava. <\/p>\n\n\n\n<p>&#8220;Nositelj projekta je Ministarstvo financija u sklopu kojega je osnovana posebna radna skupina koja radi na uvo\u0111enju PEPP-a. Specifi\u010dnost je da tu mirovinu mogu ispla\u0107ivati i investicijska dru\u0161tva, i osiguravatelji, i banke, i mirovinski fondovi. Prema do sada dostupnim informacijama, zasada ima svega 13 potencijanih isplatitelja&#8221;, ka\u017ee Markoja.<\/p>\n\n\n\n<p>&#8220;Trenuta\u010dni omjer zaposlenika i umirovljenika kre\u0107e se na razini 1,3 : 1. Stoga se sve vi\u0161e poti\u010de razvoj individualne mirovinske \u0161tednje. Kao i kod dobrovoljnih mirovinskih fondova, odnosno tre\u0107eg stupa, radi se o dodatnoj osobnoj mirovinskoj \u0161tednji koja za cilj ima omogu\u0107iti dodatne izvore prihoda za umirovljeni\u010dke dane.&#8221;<\/p>\n\n\n\n<figure class=\"wp-block-image size-large\"><img loading=\"lazy\" decoding=\"async\" width=\"740\" height=\"444\" src=\"https:\/\/www.mojevrijeme.hr\/magazin\/wp-content\/uploads\/2021\/05\/dijana-bojceta-markoja-740x444.jpg\" alt=\"\" class=\"wp-image-47716\" srcset=\"https:\/\/www.mojevrijeme.hr\/magazin\/wp-content\/uploads\/2021\/05\/dijana-bojceta-markoja-740x444.jpg 740w, https:\/\/www.mojevrijeme.hr\/magazin\/wp-content\/uploads\/2021\/05\/dijana-bojceta-markoja-636x382.jpg 636w, https:\/\/www.mojevrijeme.hr\/magazin\/wp-content\/uploads\/2021\/05\/dijana-bojceta-markoja-768x461.jpg 768w, https:\/\/www.mojevrijeme.hr\/magazin\/wp-content\/uploads\/2021\/05\/dijana-bojceta-markoja-1536x922.jpg 1536w, https:\/\/www.mojevrijeme.hr\/magazin\/wp-content\/uploads\/2021\/05\/dijana-bojceta-markoja-1500x900.jpg 1500w, https:\/\/www.mojevrijeme.hr\/magazin\/wp-content\/uploads\/2021\/05\/dijana-bojceta-markoja-1600x960.jpg 1600w, https:\/\/www.mojevrijeme.hr\/magazin\/wp-content\/uploads\/2021\/05\/dijana-bojceta-markoja-590x354.jpg 590w, https:\/\/www.mojevrijeme.hr\/magazin\/wp-content\/uploads\/2021\/05\/dijana-bojceta-markoja-400x240.jpg 400w, https:\/\/www.mojevrijeme.hr\/magazin\/wp-content\/uploads\/2021\/05\/dijana-bojceta-markoja-1000x600.jpg 1000w, https:\/\/www.mojevrijeme.hr\/magazin\/wp-content\/uploads\/2021\/05\/dijana-bojceta-markoja-820x492.jpg 820w, https:\/\/www.mojevrijeme.hr\/magazin\/wp-content\/uploads\/2021\/05\/dijana-bojceta-markoja-1080x648.jpg 1080w, https:\/\/www.mojevrijeme.hr\/magazin\/wp-content\/uploads\/2021\/05\/dijana-bojceta-markoja.jpg 2000w\" sizes=\"auto, (max-width: 740px) 100vw, 740px\" \/><figcaption>Dijana Boj\u010deta Markoja (foto: UMFO)<\/figcaption><\/figure>\n\n\n\n<p>&#8220;Specifi\u010dnost PEPP-a jest u tome \u0161to \u0107e \u0161tedi\u0161ama\u00a0omogu\u0107iti prenosivost po svim zemljama Europske unije, kao i prekograni\u010dno upravljanje mirovinskim fondovima od strane dru\u0161tava za upravljanje, a na podru\u010dju EU te je inicijativa stoga zanimljiva za gra\u0111ane koji odre\u0111eno vrijeme rade i borave u inozemstvu&#8221;, ka\u017ee Markoja.<\/p>\n\n\n\n<p>Dodaje i kako je dobrovoljna mirovinska \u0161tednja i dalje najkonkurentniji oblik namjenske \u0161tednje i to zbog nekoliko pogodnosti: dr\u017eavnih poticajnih sredstava, porezne olak\u0161ice i prinosa koje ostvaruju dru\u0161tva za upravljanje dobrovoljnim mirovinskim fondovima.<\/p>\n\n\n\n<h3 class=\"wp-block-heading\">\u0160tednja sli\u010dna tre\u0107em mirovinskom stupu<\/h3>\n\n\n\n<p>Europske mirovina ili PEPP najsli\u010dniji je tre\u0107em mirovinskom stupu. &#8220;Kao i kod dobrovoljne mirovinske \u0161tednje (tre\u0107i mirovinski stup), <strong>radi se o privatnoj, osobnoj \u0161tednji za mirovinu<\/strong>, koja ima za cilj osigurati dodatna sredstva za umirovljeni\u010dke dane. PEPP i dobrovoljna mirovinska \u0161tednja sli\u010dni su i po tome \u0161to su otvoreni za sve oblike zaposlenja &#8211; stalni radni odnos, povremeni rad, ali i za one koji nisu zaposleni&#8221;, obja\u0161njava Markoja.<\/p>\n\n\n\n<h3 class=\"wp-block-heading\">Kada se mo\u017ee koristiti &#8220;europska mirovina&#8221;?<\/h3>\n\n\n\n<p>Sredstva akumulirana u tre\u0107em mirovinskom stupu mogu se po\u010deti koristiti ve\u0107 s navr\u0161enih 55 godina, bez obzira je li zaposlenik za kojeg je poslodavac upla\u0107ivao u radnom odnosu ili ne.<\/p>\n\n\n\n<p>&#8220;Proces uplate je jednostavan. Poslodavac koji odlu\u010di upla\u0107ivati za zaposlenike u otvorene dobrovoljne mirovinske fondove ne ulazi u ugovorni odnos s dru\u0161tvom za upravljanje, niti ima dodatnih ugovornih tro\u0161kova. Moram naglasiti da se sve ve\u0107i broj poslodavaca odlu\u010duje nagraditi zaposlenike putem dobrovoljne mirovinske \u0161tednje&#8221;, ka\u017ee Markoja i ponavlja kako svrha PEPP-a nije zamjena postoje\u0107ih nacionalnih mirovinskih shema, ve\u0107 je rije\u010d o dodatnom dopunskom mirovinskom proizvodu \u010dija specifi\u010dnost le\u017ei u tome da \u0107e omogu\u0107iti prenosivost po svim zemljama \u010dlanicama EU.<\/p>\n\n\n\n<h3 class=\"wp-block-heading\">Sigurnija mirovina za sve gra\u0111ane EU<\/h3>\n\n\n\n<p>Kako je u praksi izgledao &#8220;ro\u0111enje&#8221; PEPPA, kazala nam je zastupnica u Europskom parlamentu, <strong>\u017deljana Zovko<\/strong>: &#8220;Sve br\u017ee starenje stanovni\u0161tva i demografski trendovi najzaslu\u017eniji su za ideju Paneuropskog osobnog mirovinskog proizvoda (PEPP), jamstva za sigurniju mirovinu svih europskih gra\u0111ana. To je bila glavna misao i nas zastupnika u Europskom parlamentu prilikom rada na regulativi i usvajanju iste na plenarnoj sjednici u travnju 2019. godine.<\/p>\n\n\n\n<figure class=\"wp-block-image size-large\"><img loading=\"lazy\" decoding=\"async\" width=\"740\" height=\"444\" src=\"https:\/\/www.mojevrijeme.hr\/magazin\/wp-content\/uploads\/2021\/07\/zeljana-zovko-740x444.jpg\" alt=\"\" class=\"wp-image-49565\" srcset=\"https:\/\/www.mojevrijeme.hr\/magazin\/wp-content\/uploads\/2021\/07\/zeljana-zovko-740x444.jpg 740w, https:\/\/www.mojevrijeme.hr\/magazin\/wp-content\/uploads\/2021\/07\/zeljana-zovko-636x382.jpg 636w, https:\/\/www.mojevrijeme.hr\/magazin\/wp-content\/uploads\/2021\/07\/zeljana-zovko-768x461.jpg 768w, https:\/\/www.mojevrijeme.hr\/magazin\/wp-content\/uploads\/2021\/07\/zeljana-zovko-1536x922.jpg 1536w, https:\/\/www.mojevrijeme.hr\/magazin\/wp-content\/uploads\/2021\/07\/zeljana-zovko-1500x900.jpg 1500w, https:\/\/www.mojevrijeme.hr\/magazin\/wp-content\/uploads\/2021\/07\/zeljana-zovko-1600x960.jpg 1600w, https:\/\/www.mojevrijeme.hr\/magazin\/wp-content\/uploads\/2021\/07\/zeljana-zovko-590x354.jpg 590w, https:\/\/www.mojevrijeme.hr\/magazin\/wp-content\/uploads\/2021\/07\/zeljana-zovko-400x240.jpg 400w, https:\/\/www.mojevrijeme.hr\/magazin\/wp-content\/uploads\/2021\/07\/zeljana-zovko-1000x600.jpg 1000w, https:\/\/www.mojevrijeme.hr\/magazin\/wp-content\/uploads\/2021\/07\/zeljana-zovko-820x492.jpg 820w, https:\/\/www.mojevrijeme.hr\/magazin\/wp-content\/uploads\/2021\/07\/zeljana-zovko-1080x648.jpg 1080w, https:\/\/www.mojevrijeme.hr\/magazin\/wp-content\/uploads\/2021\/07\/zeljana-zovko.jpg 2000w\" sizes=\"auto, (max-width: 740px) 100vw, 740px\" \/><figcaption>\u017deljana Zovko, zastupnica u EP (slu\u017ebena fotografija)<\/figcaption><\/figure>\n\n\n\n<p>&#8220;Kao dobrovoljna \u0161tednja, PEPP \u0107e od o\u017eujka ove godine upotpuniti mirovinske sustave dr\u017eava \u010dlanica, pove\u0107ati transparentnost i doprinijeti stvaranju jedinstvenog tr\u017ei\u0161ta za starosne mirovinske proizvode. Namijenjen je svim gra\u0111anima Unije, a prvenstveno onima koji svoj radni vijek provode u vi\u0161e dr\u017eava \u010dlanica. Takozvana &#8216;europska mirovina&#8217; \u0107e olak\u0161ati \u017eivot brojnim gra\u0111anima jer \u0107e u potpunosti provoditi na\u010delo slobode kretanja gra\u0111ana, \u0161to \u0107e gra\u0111anima omogu\u0107iti neometan \u017eivot i rad u razli\u010ditim dr\u017eavama \u010dlanicama&#8221;, ka\u017ee Zovko.<\/p>\n\n\n\n<h3 class=\"wp-block-heading\">Studenti, nezaposleni&#8230;<\/h3>\n\n\n\n<p>Ali pa\u017enju na PEPP bi trebali obratiti i ostali, iako mo\u017eda nisu radili u razli\u010ditim dr\u017eavama. Naime, \u0161tednja kroz sustav PEPP-a mo\u017ee biti itekako isplativa.<\/p>\n\n\n\n<p>&#8220;Zamisao EU-a je da PEPP postavi standarde u transparentnosti, u\u010dinkovitosti, sigurnosti i fleksibilnosti mirovina. S obzirom na to da se radi o dobrovoljnoj \u0161tednji, na PEPP se mo\u017ee gledati i kao svojevrstan &#8216;tre\u0107i&#8217; mirovinski stup. Ova vrsta \u0161tednje nije ograni\u010dena samo na zaposlene gra\u0111ane, ve\u0107 \u0107e biti dostupna i studentima i svima koji imaju prebivali\u0161te u jednoj od dr\u017eava \u010dlanica Europske unije i \u017eele dodatno u\u0161tedjeti za mirovinu. Jednako tako, bit \u0107e dostupna i nezaposlenima koji \u017eele u\u0161tedjeti za privatnu europsku mirovinu. Prilikom ugovaranja PEPP-a, budu\u0107e \u0161tedi\u0161e \u0107e biti obvezno i jasno informirane o svim uvjetima i o\u010dekivanjima oko isplate mirovine. Europska komisija je istaknula kako bi se s PEPP-om do 2030. godine moglo posti\u0107i pove\u0107anje imovine kojom se upravlja na tr\u017ei\u0161tu osobnih mirovinskih proizvoda na 2,1 milijardi eura&#8221;, ka\u017ee Zovko.<\/p>\n\n\n\n<h3 class=\"wp-block-heading\">Kako raspolagati imovinom iz PEPP-a?<\/h3>\n\n\n\n<p>Gra\u0111ani \u0107e prilikom sklapanja ugovora o PEPP-u mo\u0107i odabrati oblik isplate mirovine, a koji uklju\u010duje rentu, jednokratnu isplatu, slobodno povla\u010denje sredstava ili kombinaciju navedenih oblika.<\/p>\n\n\n\n<p>&#8220;Delegirana Uredba (EU) 2021\/473 i Uredba (EU) 2019\/1238 ure\u0111uju PEPP, a po\u010det \u0107e se primjenjivati od 22. o\u017eujka 2022. godine u svim dr\u017eavama \u010dlanicama Europske unije. \u0160tedi\u0161e \u0107e mo\u0107i birati izme\u0111u razli\u010ditih mogu\u0107nosti ulaganja s razli\u010ditim rizikom, a tro\u0161kovi \u0107e iznositi do 1 posto akumuliranog kapitala godi\u0161nje. Tako\u0111er, imat \u0107e pravo uz ograni\u010denu naknadu promijeniti pru\u017eatelja usluga svakih pet godina te prenositi svoju mirovinu iz jedne dr\u017eave \u010dlanice u drugu&#8221;, obja\u0161njava zastupnica Zovko i dodaje da \u0107e dr\u017eave \u010dlanice biti nadle\u017ene za provedbu, nadzor i porezni tretman PEPP-a.<\/p>\n\n\n\n<div id=\"sivo\"><\/p>\n\n\n\n<h3 class=\"wp-block-heading\">Kratki vodi\u010d kroz mirovinske stupove<\/h3>\n\n\n\n<p><strong>Prvi stup<\/strong> mirovinskog osiguranja je obavezan i u nadle\u017enosti je Hrvatskog zavoda za mirovinsko osiguranje (HZMO). Poslodavac iz va\u0161e pla\u0107e obra\u010dunava 15 posto bruto iznosa i upla\u0107uje ga u Dr\u017eavnu riznicu. Osobama osiguranim samo u prvom stupu, obra\u010dunava se doprinos za mirovinsko osiguranje iz njihove pla\u0107e u visini 20 posto.<\/p>\n\n\n\n<p>Prvi stup se temelji na na\u010delu me\u0111ugeneracijske solidarnosti i iz njega se ispla\u0107uju mirovine dana\u0161njih umirovljenika. Osiguranicima koji su bili osigurani samo u prvom stupu mirovinskog osiguranja, odre\u0111uje se mirovina na temelju Zakona o mirovinskom osiguranju.<\/p>\n\n\n\n<p><strong>Drugi stup<\/strong> je tako\u0111er obavezno mirovinsko osiguranje i ure\u0111en je Zakonom o obveznim mirovinskim fondovima i Zakonom o mirovinskim osiguravaju\u0107im dru\u0161tvima. Njima upravljaju posebna mirovinska dru\u0161tva koja su u privatnom vlasni\u0161tvu, a pod nadzorom Hrvatske agencije za nadzor financijskih usluga (Hanfa).<\/p>\n\n\n\n<p>Ako ste osiguranik obvezno osiguran i u drugom stupu, poslodavac iz va\u0161e pla\u0107e izdvaja pet posto bruto iznosa i upla\u0107uje ga u obvezni mirovinski fond koji ste vi izabrali. Ako odlu\u010dite promijeniti obvezni mirovinski fond, sve \u0161to je dotad upla\u0107eno prenosi se u novi fond. Svaki fond to\u010dno vodi sredstva za svakog pojedinog zaposlenika i uve\u0107ava ih za prinos koji je ostvario na temelju ulaganja tih sredstava.<\/p>\n\n\n\n<p><strong>Tre\u0107i mirovinski stup<\/strong> je dobrovoljan i u nadle\u017enosti je dru\u0161tava za upravljanje dobrovoljnim mirovinskim fondovima. Taj je stup sli\u010dan investicijskom fondu jer va\u0161 novac ula\u017ee u dionice, obveznice i nov\u010dane depozite, ali uz odre\u0111ena zakonska ograni\u010denja. \u0160tednjom u dobrovoljnom mirovinskom fondu ostvarujete pravo na dr\u017eavna poticajna sredstva koja iznose 15 posto od upla\u0107enog doprinosa u prethodnoj kalendarskoj godini, najvi\u0161e do 750 kn godi\u0161nje.<\/p>\n\n\n\n<p><strong>PEPP &#8211; Paneuropski osobni mirovinski proizvod<\/strong> je privatna, osobna \u0161tednja za mirovinu, koja ima za cilj osigurati dodatna sredstva za umirovljeni\u010dke dane. Namijenjen je svim gra\u0111anima Unije, a prvenstveno onima koji svoj radni vijek provode u vi\u0161e dr\u017eava \u010dlanica EU.<\/p>\n\n\n\n<p><\/div>\n\n\n\n<div id=\"blokovi\"><img decoding=\"async\" src=\"https:\/\/www.mojevrijeme.hr\/magazin\/wp-content\/uploads\/2020\/09\/esf-lenta.jpg\">\nOvaj prilog objavljen je u sklopu projekta \u201cNovo vrijeme\u201d. Projekt je sufinancirala\nEuropska unija sredstvima Europskog socijalnog fonda. Sadr\u017eaj priloga isklju\u010diva\nje odgovornost Udruge Ho\u0107u stranicu.<\/div>\n<div id=\"mojev-3252193343\" class=\"mojev-kraj-teksta mojev-entity-placement\" style=\"margin-bottom: 20px;margin-left: auto;margin-right: auto;text-align: center;\"><div class=\"mojev-adlabel\">oglas<\/div><div style=\"height: 250px;\"><script async src=\"https:\/\/pagead2.googlesyndication.com\/pagead\/js\/adsbygoogle.js?client=ca-pub-8106111766207173\"\r\n     crossorigin=\"anonymous\"><\/script>\r\n<!-- Display-1 -->\r\n<ins class=\"adsbygoogle\"\r\n     style=\"display:block\"\r\n     data-ad-client=\"ca-pub-8106111766207173\"\r\n     data-ad-slot=\"1465712950\"\r\n     data-ad-format=\"auto\"\r\n     data-full-width-responsive=\"true\"><\/ins>\r\n<script>\r\n     (adsbygoogle = window.adsbygoogle || []).push({});\r\n<\/script><\/div><\/div>","protected":false},"excerpt":{"rendered":"<p>Paneuropski osobni mirovinski proizvod ili PEPP je dobrovoljni oblik \u0161tednje za mirovinu u potpunosti komplementaran postoje\u0107im nacionalnim mirovinskim sustavima. <\/p>\n","protected":false},"author":4,"featured_media":55682,"comment_status":"closed","ping_status":"closed","sticky":false,"template":"","format":"standard","meta":{"footnotes":""},"categories":[9],"tags":[957,2339,1764,2748],"class_list":["post-55583","post","type-post","status-publish","format-standard","has-post-thumbnail","hentry","category-vijesti","tag-mirovina","tag-novo-vrijeme","tag-paneuropska-mirovina","tag-raspolaganje-imovinom"],"_links":{"self":[{"href":"https:\/\/www.mojevrijeme.hr\/magazin\/wp-json\/wp\/v2\/posts\/55583","targetHints":{"allow":["GET"]}}],"collection":[{"href":"https:\/\/www.mojevrijeme.hr\/magazin\/wp-json\/wp\/v2\/posts"}],"about":[{"href":"https:\/\/www.mojevrijeme.hr\/magazin\/wp-json\/wp\/v2\/types\/post"}],"author":[{"embeddable":true,"href":"https:\/\/www.mojevrijeme.hr\/magazin\/wp-json\/wp\/v2\/users\/4"}],"replies":[{"embeddable":true,"href":"https:\/\/www.mojevrijeme.hr\/magazin\/wp-json\/wp\/v2\/comments?post=55583"}],"version-history":[{"count":0,"href":"https:\/\/www.mojevrijeme.hr\/magazin\/wp-json\/wp\/v2\/posts\/55583\/revisions"}],"wp:featuredmedia":[{"embeddable":true,"href":"https:\/\/www.mojevrijeme.hr\/magazin\/wp-json\/wp\/v2\/media\/55682"}],"wp:attachment":[{"href":"https:\/\/www.mojevrijeme.hr\/magazin\/wp-json\/wp\/v2\/media?parent=55583"}],"wp:term":[{"taxonomy":"category","embeddable":true,"href":"https:\/\/www.mojevrijeme.hr\/magazin\/wp-json\/wp\/v2\/categories?post=55583"},{"taxonomy":"post_tag","embeddable":true,"href":"https:\/\/www.mojevrijeme.hr\/magazin\/wp-json\/wp\/v2\/tags?post=55583"}],"curies":[{"name":"wp","href":"https:\/\/api.w.org\/{rel}","templated":true}]}}