{"id":55603,"date":"2021-12-20T12:09:00","date_gmt":"2021-12-20T11:09:00","guid":{"rendered":"https:\/\/www.mojevrijeme.hr\/magazin\/?p=55603"},"modified":"2022-01-12T12:14:19","modified_gmt":"2022-01-12T11:14:19","slug":"vlada-najavljuje-ukidanje-obiteljskih-domova-sto-na-to-kazu-vlasnice","status":"publish","type":"post","link":"https:\/\/www.mojevrijeme.hr\/magazin\/2021\/12\/vlada-najavljuje-ukidanje-obiteljskih-domova-sto-na-to-kazu-vlasnice\/","title":{"rendered":"Vlada najavljuje ukidanje obiteljskih domova. \u0160to na to ka\u017eu vlasnice?"},"content":{"rendered":"\n<p>Kako smo ve\u0107 pisali, u Udruzi obiteljskih domova o\u0161tro se protive dr\u017eavnim planu njihovog ukidanja od sije\u010dnja 2027. godine. Vlasnici od mjerodavnih o\u010dekuju da im omogu\u0107e rad, u interesu obitelji, zaposlenih i korisnika s najskromnijim mirovinama. Zbog stro\u017eih kadrovskih, tehni\u010dkih i gra\u0111evinskih uvjeta koji se od njih o\u010dekuju, osje\u0107aju se nasamareni od dr\u017eave.<\/p>\n\n\n\n<p>&#8220;Glavna zamjerka je ta da smo svi prema Pravilniku resornog ministarstva prije desetak godina dizali kredite da bi uredili te na\u0161e ku\u0107e u obiteljske domove. Kredite, naravno, moramo vratiti. A Pravilnik se sad mijenja da se smanjuje broj korisnika i da se transformiramo u ustanovu javne namjene za koju opet nemamo uvjete. Zna\u010di, ponovo moramo dizati kredit i kretati iz po\u010detka&#8221;, upozorava Tatjana Lackovi\u0107.<\/p>\n\n\n\n<p>Katarina Progove\u010dki skre\u0107e pozornost na nejednakost u financiranju u odnosu na javne domove, dok se s druge strane od obiteljskih tra\u017ee isti uvjeti pri zapo\u0161ljavanju stru\u010dnih radnika. Dr\u017eavna logika nije im jasna.&nbsp;<\/p><div id=\"mojev-157228187\" class=\"mojev-u-tekstu mojev-entity-placement\" style=\"margin-left: auto;margin-right: auto;text-align: center;\"><div class=\"mojev-adlabel\">oglas<\/div><div style=\"height: 250px;\"><script async src=\"https:\/\/pagead2.googlesyndication.com\/pagead\/js\/adsbygoogle.js?client=ca-pub-8106111766207173\"\r\n     crossorigin=\"anonymous\"><\/script>\r\n<!-- Prikazni 1 u tekstu -->\r\n<ins class=\"adsbygoogle\"\r\n     style=\"display:block\"\r\n     data-ad-client=\"ca-pub-8106111766207173\"\r\n     data-ad-slot=\"8535551207\"\r\n     data-ad-format=\"auto\"\r\n     data-full-width-responsive=\"true\"><\/ins>\r\n<script>\r\n     (adsbygoogle = window.adsbygoogle || []).push({});\r\n<\/script><\/div><\/div><br style=\"clear: both; display: block; float: none;\"\/>\n\n\n\n<p>\u2018&#8221;Za ta pro\u0161irenja u objekte javne namjene od obiteljskih domova tra\u017ee zna\u010dajna prostorna ulaganja, liftove, velike hodnike. To su ogromna sredstva koja nemamo, jer radimo s minimalnim cijenama od 3.300 kuna. Ve\u0107ina korisnika je iz mre\u017ee socijalne skrbi i slabijeg imovinskog statusa. Za razliku od obiteljskih domova, dr\u017eavni i \u017eupanijski mogu se javljati na EU fondove i povla\u010diti novac, nadopla\u0107uje im se razlika u cijeni smje\u0161taja, a tro\u0161kovi odr\u017eavanja idu na teret javnih sredstava.&#8221;<\/p>\n\n\n\n<p>U javnim domovima danas i dalje manjka kapaciteta, cijene smje\u0161taja u privatnima su prosje\u010dnim obiteljima previsoke i tu su obiteljski domovi najprihvatljivije rje\u0161enje, isti\u010de i Sanja Koren. Osobito s obzirom na sve stariju populaciju u budu\u0107nosti. Vlasnice domova skepti\u010dne su da \u0107e zakonske promjene sprije\u010diti ilegalne smje\u0161taje, poput onog u Andra\u0161evcu gdje je 2020. \u0161estero staraca stradalo u po\u017earu. Apeliraju radije na redovite nadzore, jer nekima inspekcija ne do\u0111e po par godina.<\/p>\n\n\n\n<p>&#8220;Mi recimo imamo nadzor 24 sata. Sad se tra\u017ei ulaganje u vatrodojavu, to je oko 50.000 kuna. A nitko ne garantira da za pet godina ne\u0107emo zavr\u0161iti na cesti, s kreditom. Uvjetuje se i dodatno zapo\u0161ljavanje; socijalnog radnika, psihologa, radnog terapeuta i radnog instruktora. Tra\u017ee na 20 korisnika minimalno 12 stru\u010dnih osoba. Pa onda kuhinju kao u restoranu prema HACCP pravilniku, to je jo\u0161 sto tisu\u0107a kuna. Po tome bi nam cijena trebala biti 2.000 eura. Onda to vi\u0161e nije obiteljski dom.&#8221;<\/p>\n\n\n\n<p>Vlada je u reformu nominalno u\u0161la zbog lo\u0161ih iskustava s pojedinim obiteljskim domovima, a lo\u0161a slika se prelila i na one koji uzorno rade. Umirovljeni\u010dke udruge upozoravaju da \u0107e pretvaranje obiteljskih domova u privatne domove, mnoge ostaviti na cesti \u2013 kako radnike, tako i \u0161ti\u0107enike. Jer cijene smje\u0161taja u obiteljskim domovima najjeftinije su i, kako doznajemo, naj\u010de\u0161\u0107e se kre\u0107u oko 3.000 kuna, no ima i za tre\u0107inu jeftinijih.<\/p>\n\n\n\n<p>Resorni ministar pak poru\u010duje da nije rije\u010d o ukidanju, ve\u0107 o transformaciji. &#8220;\u017delimo da se obiteljski domovi transformiraju u privatne domove kako bi mogli zaprimiti ve\u0107i broj korisnika, ali prije svega i podi\u0107i standard tih korisnika. S druge strane za one koji ne \u017eele ili se ne mogu odlu\u010diti za to, mogu se vratiti u oblik udomiteljske obitelji, dakle ostavljamo dvije mogu\u0107nosti tako da se apsolutno ne\u0107e dogoditi da korisnici u prijelaznom razdoblju ostanu na bilo koji na\u010din zakinuti&#8221;, ka\u017ee Josip Aladrovi\u0107.<\/p>\n\n\n\n<p class=\"has-text-align-center has-text-color\" style=\"color:#666666;font-size:0.8rem\">Ovaj prilog nastao je uz potporu Fonda za poticanje pluralizma i raznovrsnosti elektroni\u010dkih medija <br>u okviru projekta &#8220;\u017divim, u\u010dim, rastem \u2013 Aktivno starenje, zdravo starenje&#8221;<\/p>\n<div id=\"mojev-2061537964\" class=\"mojev-kraj-teksta mojev-entity-placement\" style=\"margin-bottom: 20px;margin-left: auto;margin-right: auto;text-align: center;\"><div class=\"mojev-adlabel\">oglas<\/div><div style=\"height: 250px;\"><script async src=\"https:\/\/pagead2.googlesyndication.com\/pagead\/js\/adsbygoogle.js?client=ca-pub-8106111766207173\"\r\n     crossorigin=\"anonymous\"><\/script>\r\n<!-- Display-1 -->\r\n<ins class=\"adsbygoogle\"\r\n     style=\"display:block\"\r\n     data-ad-client=\"ca-pub-8106111766207173\"\r\n     data-ad-slot=\"1465712950\"\r\n     data-ad-format=\"auto\"\r\n     data-full-width-responsive=\"true\"><\/ins>\r\n<script>\r\n     (adsbygoogle = window.adsbygoogle || []).push({});\r\n<\/script><\/div><\/div>","protected":false},"excerpt":{"rendered":"<p>Prema rije\u010dima ministra socijalne politike Josipa Aladrovi\u0107a, dr\u017eava \u0107e ukinuti obiteljske domove. Rije\u010d je o socijalnoj usluzi koji koriste oni koji, uglavnom zbog niskih mirovina, nemaju mogu\u0107nosti smjestiti se u javni dom za umirovljenike ili njegovu privatnu varijantu. Istra\u017eili smo \u0161to o svemu misle vlasnice obiteljskih domova. <\/p>\n","protected":false},"author":10,"featured_media":55611,"comment_status":"closed","ping_status":"closed","sticky":false,"template":"","format":"standard","meta":{"footnotes":""},"categories":[9,2853],"tags":[1804,2042,237,2665],"class_list":["post-55603","post","type-post","status-publish","format-standard","has-post-thumbnail","hentry","category-vijesti","category-zivim-ucim-rastem","tag-josip-aladrovic","tag-obiteljski-domovi","tag-siromastvo","tag-socijalna-skrb"],"_links":{"self":[{"href":"https:\/\/www.mojevrijeme.hr\/magazin\/wp-json\/wp\/v2\/posts\/55603","targetHints":{"allow":["GET"]}}],"collection":[{"href":"https:\/\/www.mojevrijeme.hr\/magazin\/wp-json\/wp\/v2\/posts"}],"about":[{"href":"https:\/\/www.mojevrijeme.hr\/magazin\/wp-json\/wp\/v2\/types\/post"}],"author":[{"embeddable":true,"href":"https:\/\/www.mojevrijeme.hr\/magazin\/wp-json\/wp\/v2\/users\/10"}],"replies":[{"embeddable":true,"href":"https:\/\/www.mojevrijeme.hr\/magazin\/wp-json\/wp\/v2\/comments?post=55603"}],"version-history":[{"count":0,"href":"https:\/\/www.mojevrijeme.hr\/magazin\/wp-json\/wp\/v2\/posts\/55603\/revisions"}],"wp:featuredmedia":[{"embeddable":true,"href":"https:\/\/www.mojevrijeme.hr\/magazin\/wp-json\/wp\/v2\/media\/55611"}],"wp:attachment":[{"href":"https:\/\/www.mojevrijeme.hr\/magazin\/wp-json\/wp\/v2\/media?parent=55603"}],"wp:term":[{"taxonomy":"category","embeddable":true,"href":"https:\/\/www.mojevrijeme.hr\/magazin\/wp-json\/wp\/v2\/categories?post=55603"},{"taxonomy":"post_tag","embeddable":true,"href":"https:\/\/www.mojevrijeme.hr\/magazin\/wp-json\/wp\/v2\/tags?post=55603"}],"curies":[{"name":"wp","href":"https:\/\/api.w.org\/{rel}","templated":true}]}}