{"id":55625,"date":"2022-01-12T16:23:35","date_gmt":"2022-01-12T15:23:35","guid":{"rendered":"https:\/\/www.mojevrijeme.hr\/magazin\/?p=55625"},"modified":"2022-01-14T09:26:59","modified_gmt":"2022-01-14T08:26:59","slug":"lazni-svecenik-blagoslivljao-kuce-prevario-dijete-i-stariju-osobu","status":"publish","type":"post","link":"https:\/\/www.mojevrijeme.hr\/magazin\/2022\/01\/lazni-svecenik-blagoslivljao-kuce-prevario-dijete-i-stariju-osobu\/","title":{"rendered":"La\u017eni sve\u0107enik blagoslivljao ku\u0107e, prevario dijete i stariju osobu"},"content":{"rendered":"\n<p>U na\u0161im je krajevima bo\u017ei\u0107no vrijeme rezervirano i za blagoslov ku\u0107a i obitelji, jo\u0161 jednu tradiciju omiljenu u doma\u0107em puku. Blagoslov obitelji i njihovih domova \u010din je u kojemu se moli i zaziva Bo\u017eji blagoslov na sve \u010dlanove obitelji kako bi kr\u0161\u0107anski \u017eivjeli i svjedo\u010dili svoju vjeru. Na\u017ealost, nekima u nas doista nije ni\u0161ta sveto, pi\u0161e <a href=\"https:\/\/www.glas-slavonije.hr\/483497\/3\/Lazni-svecenik-blagoslovio-kuce-vjernici-sokirani\" target=\"_blank\" rel=\"noreferrer noopener\">Glas Slavonije<\/a>. U Josipovcu se, naime, pojavio &#8211; la\u017eni sve\u0107enik!<\/p>\n\n\n\n<p>Informaciju o tome, u najmanju ruku sramotnom \u010dinu, s vjernicima je podijelio u nedjelju za trajanja sredi\u0161njeg bogoslu\u017eja, vele\u010dasni Ivica Rebi\u0107, \u017eupnik u \u017dupi Sv. Luke koja teritorijalno pokriva grani\u010dni dio Vi\u0161njevca i Josipovca. Ondje se, naime, pojavila osoba koja se la\u017eno predstavljala i pod izlikom udjele blagoslova ulazila u ku\u0107e. No, sre\u0107om, osim \u0161to je doveo u zabludu vjernike, \u010dini se kako nije uspio po\u010diniti i ve\u0107u materijalnu \u0161tetu. Brzo se, naime, pojavila sumnja u njegovu vjerodostojnost.<\/p>\n\n\n\n<p>&#8220;Do mene je do\u0161la informacija kako se u Ulici Vladimira Nazora, u Vi\u0161njevcu, u dvije, tri ku\u0107e pojavila osoba u pratnji jo\u0161 jedne, koje su ondje do\u0161le s namjerom udijeliti blagoslov. U jednoj od ku\u0107a bilo je dijete koje ih je primilo, u drugoj starija osoba, koja je i posumnjala u njihovu vjerodostojnost. Ta je osoba do\u0161la kod nas u \u017dupni ured raspitati se za identitet tog sve\u0107enika, jer je u mojoj \u017eupi najavljeno kako samo ja idem u posvetu. Nakon toga nismo vi\u0161e dobili sli\u010dnih informacija&#8221;, rekao je vele\u010dasni Rebi\u0107.<\/p><div id=\"mojev-3102413897\" class=\"mojev-u-tekstu mojev-entity-placement\" style=\"margin-left: auto;margin-right: auto;text-align: center;\"><div class=\"mojev-adlabel\">oglas<\/div><div style=\"height: 250px;\"><script async src=\"https:\/\/pagead2.googlesyndication.com\/pagead\/js\/adsbygoogle.js?client=ca-pub-8106111766207173\"\r\n     crossorigin=\"anonymous\"><\/script>\r\n<!-- Prikazni 1 u tekstu -->\r\n<ins class=\"adsbygoogle\"\r\n     style=\"display:block\"\r\n     data-ad-client=\"ca-pub-8106111766207173\"\r\n     data-ad-slot=\"8535551207\"\r\n     data-ad-format=\"auto\"\r\n     data-full-width-responsive=\"true\"><\/ins>\r\n<script>\r\n     (adsbygoogle = window.adsbygoogle || []).push({});\r\n<\/script><\/div><\/div><br style=\"clear: both; display: block; float: none;\"\/>\n\n\n\n<p>&#8220;Na\u017ealost, nisu ovo jedini primjeri poku\u0161aja obmana na \u0161tetu vjernika. Tijekom godine zna biti onih koji se predstavljaju onima koji u korist \u017eupa prodaju kalendare, ili pak prikupljanju nov\u010dane darove za potrebe \u017dupe. Stoga sam informaciju o ovome doga\u0111aj podijelio s vjernicima u svojoj \u017eupi&#8221;, rekao je zaklju\u010dno Rebi\u0107 za <a href=\"https:\/\/www.glas-slavonije.hr\/483497\/3\/Lazni-svecenik-blagoslovio-kuce-vjernici-sokirani\" target=\"_blank\" rel=\"noreferrer noopener\">Glas Slavonije<\/a>.<\/p>\n<div id=\"mojev-2198022160\" class=\"mojev-kraj-teksta mojev-entity-placement\" style=\"margin-bottom: 20px;margin-left: auto;margin-right: auto;text-align: center;\"><div class=\"mojev-adlabel\">oglas<\/div><div style=\"height: 250px;\"><script async src=\"https:\/\/pagead2.googlesyndication.com\/pagead\/js\/adsbygoogle.js?client=ca-pub-8106111766207173\"\r\n     crossorigin=\"anonymous\"><\/script>\r\n<!-- Display-1 -->\r\n<ins class=\"adsbygoogle\"\r\n     style=\"display:block\"\r\n     data-ad-client=\"ca-pub-8106111766207173\"\r\n     data-ad-slot=\"1465712950\"\r\n     data-ad-format=\"auto\"\r\n     data-full-width-responsive=\"true\"><\/ins>\r\n<script>\r\n     (adsbygoogle = window.adsbygoogle || []).push({});\r\n<\/script><\/div><\/div>","protected":false},"excerpt":{"rendered":"<p>Na\u017ealost, nisu ovo jedini primjeri poku\u0161aja obmana na \u0161tetu vjernika. Tijekom godine zna biti onih koji se predstavljaju onima koji u korist \u017eupa prodaju kalendare, ili pak prikupljanju nov\u010dane darove za potrebe \u017dupe.<\/p>\n","protected":false},"author":1,"featured_media":32876,"comment_status":"closed","ping_status":"closed","sticky":false,"template":"","format":"standard","meta":{"footnotes":""},"categories":[9],"tags":[3017,596,1070,303],"class_list":["post-55625","post","type-post","status-publish","format-standard","has-post-thumbnail","hentry","category-vijesti","tag-blagoslov-kuca","tag-crna-kronika","tag-katolici","tag-religija"],"_links":{"self":[{"href":"https:\/\/www.mojevrijeme.hr\/magazin\/wp-json\/wp\/v2\/posts\/55625","targetHints":{"allow":["GET"]}}],"collection":[{"href":"https:\/\/www.mojevrijeme.hr\/magazin\/wp-json\/wp\/v2\/posts"}],"about":[{"href":"https:\/\/www.mojevrijeme.hr\/magazin\/wp-json\/wp\/v2\/types\/post"}],"author":[{"embeddable":true,"href":"https:\/\/www.mojevrijeme.hr\/magazin\/wp-json\/wp\/v2\/users\/1"}],"replies":[{"embeddable":true,"href":"https:\/\/www.mojevrijeme.hr\/magazin\/wp-json\/wp\/v2\/comments?post=55625"}],"version-history":[{"count":0,"href":"https:\/\/www.mojevrijeme.hr\/magazin\/wp-json\/wp\/v2\/posts\/55625\/revisions"}],"wp:featuredmedia":[{"embeddable":true,"href":"https:\/\/www.mojevrijeme.hr\/magazin\/wp-json\/wp\/v2\/media\/32876"}],"wp:attachment":[{"href":"https:\/\/www.mojevrijeme.hr\/magazin\/wp-json\/wp\/v2\/media?parent=55625"}],"wp:term":[{"taxonomy":"category","embeddable":true,"href":"https:\/\/www.mojevrijeme.hr\/magazin\/wp-json\/wp\/v2\/categories?post=55625"},{"taxonomy":"post_tag","embeddable":true,"href":"https:\/\/www.mojevrijeme.hr\/magazin\/wp-json\/wp\/v2\/tags?post=55625"}],"curies":[{"name":"wp","href":"https:\/\/api.w.org\/{rel}","templated":true}]}}