{"id":55639,"date":"2021-12-31T08:38:00","date_gmt":"2021-12-31T07:38:00","guid":{"rendered":"https:\/\/www.mojevrijeme.hr\/magazin\/?p=55639"},"modified":"2022-01-12T20:49:47","modified_gmt":"2022-01-12T19:49:47","slug":"ponizeni-umirovljenici-i-u-2021-godini-vece-mirovine-ostale-su-tek-dalek-i-nestvaran-san","status":"publish","type":"post","link":"https:\/\/www.mojevrijeme.hr\/magazin\/2021\/12\/ponizeni-umirovljenici-i-u-2021-godini-vece-mirovine-ostale-su-tek-dalek-i-nestvaran-san\/","title":{"rendered":"Poni\u017eeni umirovljenici: I u 2021. godini ve\u0107e mirovine ostale su tek dalek i nestvaran san"},"content":{"rendered":"\n<p>2021. godine umirovljenicima nije bila blagonaklona prema umirovljenicima. Osim \u0161to su oni pametniji i odgovorniji iskoristili cjepivo protiv COVID-a kako bi se nesmetano kretali i dru\u017eili, pa makar samo u vlastitoj obitelji, nije bilo previ\u0161e pomaka nabolje. U d\u017eep im je sjela koja kuna vi\u0161e, no nedovoljno da pokrije inflaciju i poskupljenja. Povi\u0161ica mirovine jo\u0161 uvijek je nedosanjani san za kojega mnogi imaju sve manje i manje vremena.<\/p>\n\n\n\n<h3 class=\"wp-block-heading\">Starci su i dalje \u017ertve prevaranata, naj\u010de\u0161\u0107e iz svoje bliske okoline<\/h3>\n\n\n\n<p>Na\u017ealost, brojni su starci zavr\u0161ili u crnoj kronici kao \u017ertve prevaranata koji su im prodavali bezvrijedne, a navodno medicinske ure\u0111aje. Varali su ih i la\u017eni bankari, otimaju\u0107i im \u017eivotnu u\u0161te\u0111evinu, kao i &#8220;marinci&#8221; koji su putem dru\u0161tvenih mre\u017ea vrebali na stare i usamljene \u017eene. Uz to, dr\u017eava je propustila regulirati ugovore o dosmrtnom uzdr\u017eavanju, putem kojih \u010desto ljudi iz u\u017eeg obiteljskog kruga plja\u010dkaju stare i nemo\u0107ne. <\/p>\n\n\n\n<p>&#8220;Ako se ne kontrolira, to je zapravo le\u0161inarstvo. \u010cim se kod nas taj zakon ne mo\u017ee promijeniti od 2008. godine, pa da se makne institut ugovora o dosmrtnom uzdr\u017eavanju, zna\u010di da je u to uklju\u010deno jako puno sudaca, odvjetnika i bilje\u017enika koji imaju takve ugovore kojima naslje\u0111uju nekretnine od svojih, mogu re\u0107i, \u017ertava. Rije\u010d je o ekonomskom zlostavljanju&#8221;, kazala nam je predsjednica Sindikata umirovljenika Hrvatske (SUH), Jasna A. Petrovi\u0107.<\/p><div id=\"mojev-1349874963\" class=\"mojev-u-tekstu mojev-entity-placement\" style=\"margin-left: auto;margin-right: auto;text-align: center;\"><div class=\"mojev-adlabel\">oglas<\/div><div style=\"height: 250px;\"><script async src=\"https:\/\/pagead2.googlesyndication.com\/pagead\/js\/adsbygoogle.js?client=ca-pub-8106111766207173\"\r\n     crossorigin=\"anonymous\"><\/script>\r\n<!-- Prikazni 1 u tekstu -->\r\n<ins class=\"adsbygoogle\"\r\n     style=\"display:block\"\r\n     data-ad-client=\"ca-pub-8106111766207173\"\r\n     data-ad-slot=\"8535551207\"\r\n     data-ad-format=\"auto\"\r\n     data-full-width-responsive=\"true\"><\/ins>\r\n<script>\r\n     (adsbygoogle = window.adsbygoogle || []).push({});\r\n<\/script><\/div><\/div><br style=\"clear: both; display: block; float: none;\"\/>\n\n\n\n<figure class=\"wp-block-image size-large\"><img loading=\"lazy\" decoding=\"async\" width=\"740\" height=\"410\" src=\"https:\/\/www.mojevrijeme.hr\/magazin\/wp-content\/uploads\/2017\/07\/jasna-a-petrovic-740x410.jpg\" alt=\"\" class=\"wp-image-9994\" srcset=\"https:\/\/www.mojevrijeme.hr\/magazin\/wp-content\/uploads\/2017\/07\/jasna-a-petrovic.jpg 740w, https:\/\/www.mojevrijeme.hr\/magazin\/wp-content\/uploads\/2017\/07\/jasna-a-petrovic-636x352.jpg 636w\" sizes=\"auto, (max-width: 740px) 100vw, 740px\" \/><figcaption>Jasna A. Petrovi\u0107 (foto: Sandro Bura)<\/figcaption><\/figure>\n\n\n\n<h3 class=\"wp-block-heading\">Otvoreno je pitanje eutanazije<\/h3>\n\n\n\n<p>Pred kraj godine, sasvim jasno, Sindikat umirovljenika otvorio je i pitanje eutanazije koja je u Hrvatskoj i dalje \u2013 tabu tema. &#8220;Smatram da bi eutanazija trebala biti pravo svakog pu\u00adnoljetnog gra\u0111anina, a to zna\u010di da se izri\u010dito protivim eutana\u00adziji djece i maloljetnika, kao \u0161to je to slu\u010daj u Belgiji koja jedina zemlja na svijetu koja je dozvolila eutanaziju djece&#8221;, kazao je prof. dr. sc. Ivica Kelam, predstojnik Hrvatskog bioeti\u010dkog dru\u0161tva, predstojnik Katedre za filozofiju i povijest na Fakultetu za od\u00adgojne i obrazovne znanosti Sveu\u010dili\u0161ta u Osijeku i voditelj Centra za integrativnu bioetiku Sveu\u010dili\u0161ta u Osijeku. Na\u0161i \u010ditatelji uglavnom su pozitivno reagirali na ovu temu, no zamjetan je strah da bi se ovaj institut mogao zloupotrebljavati.<\/p>\n\n\n\n<h3 class=\"wp-block-heading\">Kultura rada u mirovini i dalje ne postoji<\/h3>\n\n\n\n<p>Za razliku od protestantskih zemalja, mirovina u Hrvatskoj i dalje je naj\u010de\u0161\u0107e \u2013 mirovanje. Ma koliko bili siroma\u0161ni, hrvatski umirovljenici s prijekorom gledaju na zakonsku mogu\u0107nost rada do pola radnog vremena uz zadr\u017eavanje mirovine. Jer u mirovini se treba odmarati, kuki\u010dati, kuhati, \u010duvati unuke, gledati serije, a mo\u017eda i pone\u0161to raditi \u2013 ali na crno. Lak\u0161e je promijeniti dr\u017eavu, nego mentalitet, mogli bismo re\u0107i. Ulje na vatru dolijevali su analiti\u010dari koji su se zauzimali za penalizaciju ranijeg umirovljenja. Primjerice, Damir Novotny koji ka\u017ee: &#8220;Na\u0161i neki umirovljenicu su mladi, njih oko tristo, \u010detiristo tisu\u0107a i mogli bi i dalje raditi.&#8221;<\/p>\n\n\n\n<figure class=\"wp-block-image size-large\"><img loading=\"lazy\" decoding=\"async\" width=\"740\" height=\"444\" src=\"https:\/\/www.mojevrijeme.hr\/magazin\/wp-content\/uploads\/2019\/05\/damir-novotny-740x444.jpg\" alt=\"\" class=\"wp-image-26889\" srcset=\"https:\/\/www.mojevrijeme.hr\/magazin\/wp-content\/uploads\/2019\/05\/damir-novotny-740x444.jpg 740w, https:\/\/www.mojevrijeme.hr\/magazin\/wp-content\/uploads\/2019\/05\/damir-novotny-636x382.jpg 636w, https:\/\/www.mojevrijeme.hr\/magazin\/wp-content\/uploads\/2019\/05\/damir-novotny-768x461.jpg 768w, https:\/\/www.mojevrijeme.hr\/magazin\/wp-content\/uploads\/2019\/05\/damir-novotny-590x354.jpg 590w, https:\/\/www.mojevrijeme.hr\/magazin\/wp-content\/uploads\/2019\/05\/damir-novotny-400x240.jpg 400w, https:\/\/www.mojevrijeme.hr\/magazin\/wp-content\/uploads\/2019\/05\/damir-novotny-1000x600.jpg 1000w, https:\/\/www.mojevrijeme.hr\/magazin\/wp-content\/uploads\/2019\/05\/damir-novotny-820x492.jpg 820w, https:\/\/www.mojevrijeme.hr\/magazin\/wp-content\/uploads\/2019\/05\/damir-novotny.jpg 1200w\" sizes=\"auto, (max-width: 740px) 100vw, 740px\" \/><figcaption>Damir Novotny (screenshot: Al Jazeera)<\/figcaption><\/figure>\n\n\n\n<h3 class=\"wp-block-heading\">Pre\u0161utni minusi? Nismo znali ni da postoje!<\/h3>\n\n\n\n<p>Do ove godine malo je tko znao \u0161to je to pre\u0161utni minus. Rije\u010d je o iznosima prekora\u010denja koji su prosjeku u razini dvostrukog iznosa mirovine, poja\u0161njava nam \u010delnica (SUH-a) Jasna Petrovi\u0107 i dodaje da je prosje\u010dna mirovina u Hrvatskoj 2.600 kuna. Vjerojatno je kako je ve\u0107ina starijih osoba iskoristila mogu\u0107nost kori\u0161tenja pre\u0161utnog prekora\u010denja, prije svega zbog toga jer nisu bili informirani niti upozoreni o \u010demu je to\u010dno rije\u010d. Ono \u0161to zabrinjava, nagla\u0161ava, je bojazan da bi reguliranje ovog pitanja, o kojem pregovaraju Ministarstvo financija, HNB i banke, moglo prouzro\u010diti novi val ovrha nad mirovinama. <\/p>\n\n\n\n<p>&#8220;To je jako veliki broj umirovljenika. Posljedice ukidanja ili smanjenja minusa vidjet \u0107e se na kraju ove i po\u010detkom idu\u0107e godine. Stra\u0161no je o\u010dekivati koliko \u0107e biti budu\u0107ih ovrha, bit \u0107e ih sigurno&#8221;, kazala je Petrovi\u0107 o ovoj nepo\u0161tenoj bankarskoj praksi.<\/p>\n\n\n\n<h3 class=\"wp-block-heading\">Povi\u0161ica koja to nije<\/h3>\n\n\n\n<p>Uskla\u0111ivanje mirovina s rastom pla\u0107a nije povi\u0161ica mirovina, godinama ve\u0107 govore umirovljeni\u010dki aktivisti. Da je tomu tako, govori i podatak da su s 1. srpnjem mirovine porasle za 2,46 posto, a to zna\u010di porast mjese\u010dnih primanja od 42,77 kuna za gra\u0111ane s najmanjim mirovinama, do 180,74 kuna za umirovljenike u rangu najvi\u0161ih mirovina, a u ukupnom prosjeku, rije\u010d je o pove\u0107anju od 68,93 kuna mjese\u010dno. <\/p>\n\n\n\n<p>&#8220;Nedovoljno, bijesno, jadno&#8221;, komentirali su umirovljenici. &#8220;Danas je tu\u017ean dan jer je prosje\u010dna mirovina realno pala na samo 35,98 posto udjela u prosje\u010dnoj neto pla\u0107i. Jedan umirovljenik vrijedi samo tre\u0107inu zaposlenoga! A cijene povr\u0107a i vo\u0107a, a uskoro \u0107e i energenata, idu gore i do 30 posto. Ho\u0107e li po\u010deti obra\u010duni kod kontejnera i kanti za sme\u0107e, ho\u0107e li se umirovljenici boriti \u2018za posljednju bocu\u2019?\u201d objavio je Sindikat umirovljenika.<\/p>\n\n\n\n<figure class=\"wp-block-image size-large\"><img loading=\"lazy\" decoding=\"async\" width=\"740\" height=\"410\" src=\"https:\/\/www.mojevrijeme.hr\/magazin\/wp-content\/uploads\/2018\/09\/staklo-otpad-740x410.jpg\" alt=\"\" class=\"wp-image-18011\" srcset=\"https:\/\/www.mojevrijeme.hr\/magazin\/wp-content\/uploads\/2018\/09\/staklo-otpad.jpg 740w, https:\/\/www.mojevrijeme.hr\/magazin\/wp-content\/uploads\/2018\/09\/staklo-otpad-636x352.jpg 636w\" sizes=\"auto, (max-width: 740px) 100vw, 740px\" \/><figcaption>foto: Pixabay<\/figcaption><\/figure>\n\n\n\n<h3 class=\"wp-block-heading\">Hrelja ubacio u tre\u0107u brzinu i uletio u HDZ<\/h3>\n\n\n\n<p>Silvano Hrelja, saborski zastupnik Hrvatske stranke umirovljenika, podr\u017eao je rebalans prora\u010duna u Saboru. Ve\u0107 je ranije najavljivao kako \u0107e njegov uvjet za to biti svojevrsna reforma obiteljskih mirovina na na\u010din da pre\u017eivjeli partner, uz zadr\u017eavanje svoje, dobije i dio mirovine preminulog partnera. <\/p>\n\n\n\n<p>&#8220;Ja mogu do besvijesti pisati zakone i dobivati odbijenice. Ja sam okrenuo stranicu, novi na\u010din rje\u0161avanja problema. Koji god epitet zbog toga dobijem, ja \u0107u ga s ponosom nositi jer \u0107e na\u0161i ljudi dobiti ne\u0161to vi\u0161e novca i ne\u0161to dostojanstvenije \u017eivjeti u starosti&#8221;, kazao je Hrelja,. &#8220;Dogovorili smo da \u0107e krajnja implementacija dogovorenih zakona biti 2023. godine, dio i ranije&#8221;, rekao je nekada\u0161nji prvak HSU-a koji za sebe ka\u017ee da nije \u017eetoni\u010di\u0107. &#8220;Ja sam ubrziva\u010d procesa. Mi smo na istom putu, ali ja ubrzavam proces.&#8221;<\/p>\n\n\n\n<figure class=\"wp-block-image size-large\"><img loading=\"lazy\" decoding=\"async\" width=\"740\" height=\"444\" src=\"https:\/\/www.mojevrijeme.hr\/magazin\/wp-content\/uploads\/2019\/12\/silvano-hrelja-740x444.jpg\" alt=\"\" class=\"wp-image-32510\" srcset=\"https:\/\/www.mojevrijeme.hr\/magazin\/wp-content\/uploads\/2019\/12\/silvano-hrelja-740x444.jpg 740w, https:\/\/www.mojevrijeme.hr\/magazin\/wp-content\/uploads\/2019\/12\/silvano-hrelja-636x382.jpg 636w, https:\/\/www.mojevrijeme.hr\/magazin\/wp-content\/uploads\/2019\/12\/silvano-hrelja-768x461.jpg 768w, https:\/\/www.mojevrijeme.hr\/magazin\/wp-content\/uploads\/2019\/12\/silvano-hrelja-590x354.jpg 590w, https:\/\/www.mojevrijeme.hr\/magazin\/wp-content\/uploads\/2019\/12\/silvano-hrelja-400x240.jpg 400w, https:\/\/www.mojevrijeme.hr\/magazin\/wp-content\/uploads\/2019\/12\/silvano-hrelja-1000x600.jpg 1000w, https:\/\/www.mojevrijeme.hr\/magazin\/wp-content\/uploads\/2019\/12\/silvano-hrelja-820x492.jpg 820w, https:\/\/www.mojevrijeme.hr\/magazin\/wp-content\/uploads\/2019\/12\/silvano-hrelja.jpg 1200w\" sizes=\"auto, (max-width: 740px) 100vw, 740px\" \/><figcaption>Silvano Hrelja<\/figcaption><\/figure>\n\n\n\n<h3 class=\"wp-block-heading\">Podignut je prihodovni cenzus za dopunsko zdravstveno osiguranje<\/h3>\n\n\n\n<p>Kada ne mo\u017ee krupni\u0161, mo\u017ee sitni\u0161. Vlada je prihvatila prijedlog Silvana Hrelje o izmjenama Zakona o dobrovoljnom zdravstvenom osiguranju po kojem se podi\u017ee prihodovni cenzus na osnovi kojeg gra\u0111ani ostvaruju pravo na to da im dr\u017eava pla\u0107a dopunsko zdravstveno osiguranje pa \u0107e tako ubudu\u0107e taj cenzus po \u010dlanu ku\u0107anstva biti 2.000 kuna, a za samca se penje na 2.500 tisu\u0107e kuna. Prevedeno, dr\u017eava kani pla\u0107ati dopunsko osiguranje za dodatnih 120.000 ljudi.<\/p>\n\n\n\n<h3 class=\"wp-block-heading\">Da smo bar u Jugoslaviji\u2026<\/h3>\n\n\n\n<p>Nakon cjelogodi\u0161njih spekulacija, odobrena je i tre\u0107a doza. Prvo umirovljenicima, a ne\u0161to kasnije i cijeloj populaciji punoljetnih. Problem je jedino \u0161to brojni hrvatski umirovljenici nisu primili ni prvu dozu cjepiva protiv koronavirusa, odri\u010du\u0107i se tako odgovornosti za vlastito zdravlje. Javno zdravlje, ta tekovina koju isti\u010du kad govore o biv\u0161oj dr\u017eavi, danas ne zna\u010di ama ba\u0161 ni\u0161ta.<\/p>\n\n\n\n<figure class=\"wp-block-image size-large\"><img loading=\"lazy\" decoding=\"async\" width=\"740\" height=\"444\" src=\"https:\/\/www.mojevrijeme.hr\/magazin\/wp-content\/uploads\/2020\/06\/cijepljenje-jugoslavija-740x444.jpg\" alt=\"\" class=\"wp-image-38171\" srcset=\"https:\/\/www.mojevrijeme.hr\/magazin\/wp-content\/uploads\/2020\/06\/cijepljenje-jugoslavija-740x444.jpg 740w, https:\/\/www.mojevrijeme.hr\/magazin\/wp-content\/uploads\/2020\/06\/cijepljenje-jugoslavija-636x382.jpg 636w, https:\/\/www.mojevrijeme.hr\/magazin\/wp-content\/uploads\/2020\/06\/cijepljenje-jugoslavija-768x461.jpg 768w, https:\/\/www.mojevrijeme.hr\/magazin\/wp-content\/uploads\/2020\/06\/cijepljenje-jugoslavija-1536x922.jpg 1536w, https:\/\/www.mojevrijeme.hr\/magazin\/wp-content\/uploads\/2020\/06\/cijepljenje-jugoslavija-1500x900.jpg 1500w, https:\/\/www.mojevrijeme.hr\/magazin\/wp-content\/uploads\/2020\/06\/cijepljenje-jugoslavija-1600x960.jpg 1600w, https:\/\/www.mojevrijeme.hr\/magazin\/wp-content\/uploads\/2020\/06\/cijepljenje-jugoslavija-590x354.jpg 590w, https:\/\/www.mojevrijeme.hr\/magazin\/wp-content\/uploads\/2020\/06\/cijepljenje-jugoslavija-400x240.jpg 400w, https:\/\/www.mojevrijeme.hr\/magazin\/wp-content\/uploads\/2020\/06\/cijepljenje-jugoslavija-1000x600.jpg 1000w, https:\/\/www.mojevrijeme.hr\/magazin\/wp-content\/uploads\/2020\/06\/cijepljenje-jugoslavija-820x492.jpg 820w, https:\/\/www.mojevrijeme.hr\/magazin\/wp-content\/uploads\/2020\/06\/cijepljenje-jugoslavija.jpg 2000w\" sizes=\"auto, (max-width: 740px) 100vw, 740px\" \/><figcaption>Cijepljenje u Jugoslaviji 1972. godine (screenshot: AP\/Youtube)<\/figcaption><\/figure>\n\n\n\n<p class=\"has-text-align-center has-text-color\" style=\"color:#666666;font-size:0.8rem\">Ovaj prilog nastao je uz potporu Fonda za poticanje pluralizma i raznovrsnosti elektroni\u010dkih medija <br>u okviru projekta &#8220;\u017divim, u\u010dim, rastem \u2013 Aktivno starenje, zdravo starenje&#8221;<\/p>\n<div id=\"mojev-1281357255\" class=\"mojev-kraj-teksta mojev-entity-placement\" style=\"margin-bottom: 20px;margin-left: auto;margin-right: auto;text-align: center;\"><div class=\"mojev-adlabel\">oglas<\/div><div style=\"height: 250px;\"><script async src=\"https:\/\/pagead2.googlesyndication.com\/pagead\/js\/adsbygoogle.js?client=ca-pub-8106111766207173\"\r\n     crossorigin=\"anonymous\"><\/script>\r\n<!-- Display-1 -->\r\n<ins class=\"adsbygoogle\"\r\n     style=\"display:block\"\r\n     data-ad-client=\"ca-pub-8106111766207173\"\r\n     data-ad-slot=\"1465712950\"\r\n     data-ad-format=\"auto\"\r\n     data-full-width-responsive=\"true\"><\/ins>\r\n<script>\r\n     (adsbygoogle = window.adsbygoogle || []).push({});\r\n<\/script><\/div><\/div>","protected":false},"excerpt":{"rendered":"<p>U kratkom pregledu godine izdvajamo doga\u0111aje koji su obilje\u017eili umirovljeni\u010dki \u017eivot u Hrvatskoj. <\/p>\n","protected":false},"author":10,"featured_media":45364,"comment_status":"closed","ping_status":"closed","sticky":false,"template":"","format":"standard","meta":{"footnotes":""},"categories":[9,2853],"tags":[712],"class_list":["post-55639","post","type-post","status-publish","format-standard","has-post-thumbnail","hentry","category-vijesti","category-zivim-ucim-rastem","tag-godisnji-pregled"],"_links":{"self":[{"href":"https:\/\/www.mojevrijeme.hr\/magazin\/wp-json\/wp\/v2\/posts\/55639","targetHints":{"allow":["GET"]}}],"collection":[{"href":"https:\/\/www.mojevrijeme.hr\/magazin\/wp-json\/wp\/v2\/posts"}],"about":[{"href":"https:\/\/www.mojevrijeme.hr\/magazin\/wp-json\/wp\/v2\/types\/post"}],"author":[{"embeddable":true,"href":"https:\/\/www.mojevrijeme.hr\/magazin\/wp-json\/wp\/v2\/users\/10"}],"replies":[{"embeddable":true,"href":"https:\/\/www.mojevrijeme.hr\/magazin\/wp-json\/wp\/v2\/comments?post=55639"}],"version-history":[{"count":0,"href":"https:\/\/www.mojevrijeme.hr\/magazin\/wp-json\/wp\/v2\/posts\/55639\/revisions"}],"wp:featuredmedia":[{"embeddable":true,"href":"https:\/\/www.mojevrijeme.hr\/magazin\/wp-json\/wp\/v2\/media\/45364"}],"wp:attachment":[{"href":"https:\/\/www.mojevrijeme.hr\/magazin\/wp-json\/wp\/v2\/media?parent=55639"}],"wp:term":[{"taxonomy":"category","embeddable":true,"href":"https:\/\/www.mojevrijeme.hr\/magazin\/wp-json\/wp\/v2\/categories?post=55639"},{"taxonomy":"post_tag","embeddable":true,"href":"https:\/\/www.mojevrijeme.hr\/magazin\/wp-json\/wp\/v2\/tags?post=55639"}],"curies":[{"name":"wp","href":"https:\/\/api.w.org\/{rel}","templated":true}]}}