{"id":55763,"date":"2022-01-15T13:21:17","date_gmt":"2022-01-15T12:21:17","guid":{"rendered":"https:\/\/www.mojevrijeme.hr\/magazin\/?p=55763"},"modified":"2022-01-15T13:22:00","modified_gmt":"2022-01-15T12:22:00","slug":"zagrebacki-umirovljenik-pucao-na-djecu-zracnicom-ranio-maloljetnicu","status":"publish","type":"post","link":"https:\/\/www.mojevrijeme.hr\/magazin\/2022\/01\/zagrebacki-umirovljenik-pucao-na-djecu-zracnicom-ranio-maloljetnicu\/","title":{"rendered":"Zagreba\u010dki umirovljenik pucao na djecu, zra\u010dnicom ranio maloljetnicu"},"content":{"rendered":"\n<p>Zagreba\u010dka policija uhitila je 70-godi\u0161njeg umirovljenika koji je u \u010detvrtak predve\u010der na zagreba\u010dkom Jarunu pucao iz zra\u010dne pu\u0161ke i pritom ranio jednu maloljetnicu. Sre\u0107a u nesre\u0107i je da je djevoj\u010dica, koju je jedan naboj pogodio u potkoljenicu, zadobila lak\u0161e ozljede, pi\u0161e<a href=\"https:\/\/www.jutarnji.hr\/vijesti\/crna-kronika\/penzioner-u-zagrebu-iz-zracne-puske-pucao-na-grupu-maloljetnika-jednu-djevojcicu-pogodio-u-potkoljenicu-15145729\" target=\"_blank\" rel=\"noreferrer noopener\"> Jutarnji list<\/a>. <\/p>\n\n\n\n<p>Odmah po dojavi oko 18.30 sati, policajci su pristigli na mjesto intervencije u Ulicu Franje Fuisa te su vrlo brzo u\u0161li u trag 70-godi\u0161njaku kojeg su po dovr\u0161etku kriminalisti\u010dkog istra\u017eivanja kazneno prijavili za dovo\u0111enje u opasnost \u017eivota i imovine op\u0107eopasnom radnjom ili sredstvom. <\/p>\n\n\n\n<p>Obradom je utvr\u0111eno da je mu\u0161karac iz zra\u010dne pu\u0161ke cal. 4,5 mm iz zgrade u ulici Josipa Prikrila ispalio vi\u0161e hitaca u smjeru maloljetnih osoba koje su se nalazile u Fuisovoj, preko puta parka. Osumnji\u010deni je predan pritvorskom nadzorniku a posebno izvje\u0161\u0107e dostavljeno je nadle\u017enom dr\u017eavnom odvjetni\u0161tvu.<\/p><div id=\"mojev-3738456844\" class=\"mojev-u-tekstu mojev-entity-placement\" style=\"margin-left: auto;margin-right: auto;text-align: center;\"><div class=\"mojev-adlabel\">oglas<\/div><div style=\"height: 250px;\"><script async src=\"https:\/\/pagead2.googlesyndication.com\/pagead\/js\/adsbygoogle.js?client=ca-pub-8106111766207173\"\r\n     crossorigin=\"anonymous\"><\/script>\r\n<!-- Prikazni 1 u tekstu -->\r\n<ins class=\"adsbygoogle\"\r\n     style=\"display:block\"\r\n     data-ad-client=\"ca-pub-8106111766207173\"\r\n     data-ad-slot=\"8535551207\"\r\n     data-ad-format=\"auto\"\r\n     data-full-width-responsive=\"true\"><\/ins>\r\n<script>\r\n     (adsbygoogle = window.adsbygoogle || []).push({});\r\n<\/script><\/div><\/div><br style=\"clear: both; display: block; float: none;\"\/>\n<div id=\"mojev-490697462\" class=\"mojev-kraj-teksta mojev-entity-placement\" style=\"margin-bottom: 20px;margin-left: auto;margin-right: auto;text-align: center;\"><div class=\"mojev-adlabel\">oglas<\/div><div style=\"height: 250px;\"><script async src=\"https:\/\/pagead2.googlesyndication.com\/pagead\/js\/adsbygoogle.js?client=ca-pub-8106111766207173\"\r\n     crossorigin=\"anonymous\"><\/script>\r\n<!-- Display-1 -->\r\n<ins class=\"adsbygoogle\"\r\n     style=\"display:block\"\r\n     data-ad-client=\"ca-pub-8106111766207173\"\r\n     data-ad-slot=\"1465712950\"\r\n     data-ad-format=\"auto\"\r\n     data-full-width-responsive=\"true\"><\/ins>\r\n<script>\r\n     (adsbygoogle = window.adsbygoogle || []).push({});\r\n<\/script><\/div><\/div>","protected":false},"excerpt":{"rendered":"<p>Osumnji\u010deni je predan pritvorskom nadzorniku a posebno izvje\u0161\u0107e dostavljeno je nadle\u017enom dr\u017eavnom odvjetni\u0161tvu.<\/p>\n","protected":false},"author":1,"featured_media":33639,"comment_status":"closed","ping_status":"closed","sticky":false,"template":"","format":"standard","meta":{"footnotes":""},"categories":[9],"tags":[596,39],"class_list":["post-55763","post","type-post","status-publish","format-standard","has-post-thumbnail","hentry","category-vijesti","tag-crna-kronika","tag-zagreb"],"_links":{"self":[{"href":"https:\/\/www.mojevrijeme.hr\/magazin\/wp-json\/wp\/v2\/posts\/55763","targetHints":{"allow":["GET"]}}],"collection":[{"href":"https:\/\/www.mojevrijeme.hr\/magazin\/wp-json\/wp\/v2\/posts"}],"about":[{"href":"https:\/\/www.mojevrijeme.hr\/magazin\/wp-json\/wp\/v2\/types\/post"}],"author":[{"embeddable":true,"href":"https:\/\/www.mojevrijeme.hr\/magazin\/wp-json\/wp\/v2\/users\/1"}],"replies":[{"embeddable":true,"href":"https:\/\/www.mojevrijeme.hr\/magazin\/wp-json\/wp\/v2\/comments?post=55763"}],"version-history":[{"count":0,"href":"https:\/\/www.mojevrijeme.hr\/magazin\/wp-json\/wp\/v2\/posts\/55763\/revisions"}],"wp:featuredmedia":[{"embeddable":true,"href":"https:\/\/www.mojevrijeme.hr\/magazin\/wp-json\/wp\/v2\/media\/33639"}],"wp:attachment":[{"href":"https:\/\/www.mojevrijeme.hr\/magazin\/wp-json\/wp\/v2\/media?parent=55763"}],"wp:term":[{"taxonomy":"category","embeddable":true,"href":"https:\/\/www.mojevrijeme.hr\/magazin\/wp-json\/wp\/v2\/categories?post=55763"},{"taxonomy":"post_tag","embeddable":true,"href":"https:\/\/www.mojevrijeme.hr\/magazin\/wp-json\/wp\/v2\/tags?post=55763"}],"curies":[{"name":"wp","href":"https:\/\/api.w.org\/{rel}","templated":true}]}}