{"id":56124,"date":"2022-01-26T18:09:36","date_gmt":"2022-01-26T17:09:36","guid":{"rendered":"https:\/\/www.mojevrijeme.hr\/magazin\/?p=56124"},"modified":"2022-01-26T18:10:01","modified_gmt":"2022-01-26T17:10:01","slug":"ciro-blazevic-imao-sam-ispunjen-zivot-odlazim-spokojan-to-je-divno","status":"publish","type":"post","link":"https:\/\/www.mojevrijeme.hr\/magazin\/2022\/01\/ciro-blazevic-imao-sam-ispunjen-zivot-odlazim-spokojan-to-je-divno\/","title":{"rendered":"\u0106iro Bla\u017eevi\u0107: &#8216;Imao sam ispunjen \u017eivot, odlazim spokojan. To je divno!&#8217;"},"content":{"rendered":"\n<p>Legendarni nogometni trener <strong>Miroslav \u0106iro Bla\u017eevi\u0107<\/strong> za <a href=\"https:\/\/dnevnik.hr\/showbuzz\/inmagazin\/ciro-blazevic-progovorio-o-borbi-s-karcinomom-djetinjstvu-odnosu-s-ocem-i-unucima---693559.html\" target=\"_blank\" rel=\"noreferrer noopener\">Novu TV<\/a> je progovorio o \u010ditavom nizu intimnih tema; od o\u010deva alkoholizma preko siroma\u0161tva u mladosti do zlo\u0107udne bolesti od koje boluje.<\/p>\n\n\n\n<p>Ocu je, ka\u017ee, na posljetku oprostio. &#8220;Kakav je god, on je moj otac i ve\u0107 sam ja odrastao momak, imam 28 godina, dobijem vijest iz Travnika da ima cirozu i bogami se raspla\u010dem. Ja mom sinu ka\u017eem: &#8216;Sine , dobio sam najgoru bolest na svijetu, tvoj otac ima po tre\u0107i put rak&#8217;, on ne pla\u010de. Ali razli\u010diti smo i to \u010dovjek mora znati, a ne preko sebe osu\u0111ivat nekog tko je ro\u0111en da bude druga\u010diji.&#8221;<\/p>\n\n\n\n<p>Smrti se, ka\u017ee, ne boji i nada se da \u0107e stvarno gore napraviti jednu nogometnu ekipu. &#8220;I tako sa humorom \u010dekam taj \u010das, ali logi\u010dno je da \u010dovjek u ovoj dobi razmi\u0161lja o tome, sretan sam da mi je najve\u0107i problem kome \u0107u \u0161to ostaviti. Meni je moj tata ostavio kredit, a ja sam ipak uspio napravit jedno malo bogatstvo i ne\u0161to \u0107u svojoj djeci i unucima ostavit, i to je jedan lijep dojam&#8221;, ka\u017ee \u0106iro koji je djed \u0161estero unuka.<\/p><div id=\"mojev-1590919953\" class=\"mojev-u-tekstu mojev-entity-placement\" style=\"margin-left: auto;margin-right: auto;text-align: center;\"><div class=\"mojev-adlabel\">oglas<\/div><div style=\"height: 250px;\"><script async src=\"https:\/\/pagead2.googlesyndication.com\/pagead\/js\/adsbygoogle.js?client=ca-pub-8106111766207173\"\r\n     crossorigin=\"anonymous\"><\/script>\r\n<!-- Prikazni 1 u tekstu -->\r\n<ins class=\"adsbygoogle\"\r\n     style=\"display:block\"\r\n     data-ad-client=\"ca-pub-8106111766207173\"\r\n     data-ad-slot=\"8535551207\"\r\n     data-ad-format=\"auto\"\r\n     data-full-width-responsive=\"true\"><\/ins>\r\n<script>\r\n     (adsbygoogle = window.adsbygoogle || []).push({});\r\n<\/script><\/div><\/div><br style=\"clear: both; display: block; float: none;\"\/>\n\n\n\n<p>&#8220;Ja sam Bogu zahvalan da jo\u0161 nije dozvolio da budem potpuno sijed. Ljudi su sijedi ve\u0107 sa 40 godina, a ja imam 87 i nisam jo\u0161 sijed. Davno sam morao bit sijed jer sam takvih pote\u0161ko\u0107a i nepravdi u \u017eivotu imao tako da je to sve ipak u genetici. Ali mislim da \u0107u za mjesec dana, ako budem \u017eiv, bit potpuno sijed, jer ova terapija koju uzimam \u0107e se pobrinuti za to i stra\u0161no sam znati\u017eeljan kakav \u0107u bit. Ne bih \u017eelio da itko \u017eali za mnom, imao sam ispunjen \u017eivot i odlazim spokojan. \u0160to je to divno! To je tako jedna privilegija i zato svima poru\u010dujem da budu dobri&#8221;, zaklju\u010dio je \u0106iro. <\/p>\n<div id=\"mojev-1311566783\" class=\"mojev-kraj-teksta mojev-entity-placement\" style=\"margin-bottom: 20px;margin-left: auto;margin-right: auto;text-align: center;\"><div class=\"mojev-adlabel\">oglas<\/div><div style=\"height: 250px;\"><script async src=\"https:\/\/pagead2.googlesyndication.com\/pagead\/js\/adsbygoogle.js?client=ca-pub-8106111766207173\"\r\n     crossorigin=\"anonymous\"><\/script>\r\n<!-- Display-1 -->\r\n<ins class=\"adsbygoogle\"\r\n     style=\"display:block\"\r\n     data-ad-client=\"ca-pub-8106111766207173\"\r\n     data-ad-slot=\"1465712950\"\r\n     data-ad-format=\"auto\"\r\n     data-full-width-responsive=\"true\"><\/ins>\r\n<script>\r\n     (adsbygoogle = window.adsbygoogle || []).push({});\r\n<\/script><\/div><\/div>","protected":false},"excerpt":{"rendered":"<p>&#8216;Jadni su oni koji ne vjeruju. Ja \u010dak vjerujem da su u zadnjoj utakmici gore an\u0111eli izgubili protiv \u0111avola i kad ja do\u0111em gore vodit an\u0111ele, gotovi su \u0111avoli, ka\u017ee \u0106iro.<\/p>\n","protected":false},"author":1,"featured_media":27156,"comment_status":"closed","ping_status":"closed","sticky":false,"template":"","format":"standard","meta":{"footnotes":""},"categories":[84],"tags":[1149,43],"class_list":["post-56124","post","type-post","status-publish","format-standard","has-post-thumbnail","hentry","category-show","tag-ciro-blazevic","tag-karcinom"],"_links":{"self":[{"href":"https:\/\/www.mojevrijeme.hr\/magazin\/wp-json\/wp\/v2\/posts\/56124","targetHints":{"allow":["GET"]}}],"collection":[{"href":"https:\/\/www.mojevrijeme.hr\/magazin\/wp-json\/wp\/v2\/posts"}],"about":[{"href":"https:\/\/www.mojevrijeme.hr\/magazin\/wp-json\/wp\/v2\/types\/post"}],"author":[{"embeddable":true,"href":"https:\/\/www.mojevrijeme.hr\/magazin\/wp-json\/wp\/v2\/users\/1"}],"replies":[{"embeddable":true,"href":"https:\/\/www.mojevrijeme.hr\/magazin\/wp-json\/wp\/v2\/comments?post=56124"}],"version-history":[{"count":0,"href":"https:\/\/www.mojevrijeme.hr\/magazin\/wp-json\/wp\/v2\/posts\/56124\/revisions"}],"wp:featuredmedia":[{"embeddable":true,"href":"https:\/\/www.mojevrijeme.hr\/magazin\/wp-json\/wp\/v2\/media\/27156"}],"wp:attachment":[{"href":"https:\/\/www.mojevrijeme.hr\/magazin\/wp-json\/wp\/v2\/media?parent=56124"}],"wp:term":[{"taxonomy":"category","embeddable":true,"href":"https:\/\/www.mojevrijeme.hr\/magazin\/wp-json\/wp\/v2\/categories?post=56124"},{"taxonomy":"post_tag","embeddable":true,"href":"https:\/\/www.mojevrijeme.hr\/magazin\/wp-json\/wp\/v2\/tags?post=56124"}],"curies":[{"name":"wp","href":"https:\/\/api.w.org\/{rel}","templated":true}]}}