{"id":56286,"date":"2022-02-02T10:20:28","date_gmt":"2022-02-02T09:20:28","guid":{"rendered":"https:\/\/www.mojevrijeme.hr\/magazin\/?p=56286"},"modified":"2022-02-02T10:20:29","modified_gmt":"2022-02-02T09:20:29","slug":"rijeka-godisnji-pokazi-za-umirovljenike-kostati-ce-i-do-700-kuna","status":"publish","type":"post","link":"https:\/\/www.mojevrijeme.hr\/magazin\/2022\/02\/rijeka-godisnji-pokazi-za-umirovljenike-kostati-ce-i-do-700-kuna\/","title":{"rendered":"Rijeka: Godi\u0161nji pokazi za umirovljenike ko\u0161tati \u0107e i do 700 kuna"},"content":{"rendered":"\n<p>Rije\u010dko Komunalno dru\u0161tvo Autotrolej kani podi\u0107i cijene svih svojih usluga javnoga prijevoza i to za 20 posto. Opravdanje se pronalazi u tome da i danas va\u017ei cjenik iz 2008. godine. Inflacija i promjene navika putnika, samo su neki od razloga za ovaj korak.<\/p>\n\n\n\n<p>Gradona\u010delnik <strong>Marko Filipovi\u0107<\/strong> ka\u017ee da je rije\u010d o te\u0161koj odluci, ali i koraku koji se mora poduzeti da bi javni gradski prijevoz funkcionirao.<\/p>\n\n\n\n<p>Poskupjet \u0107e pojedina\u010dne dnevne karte, mjese\u010dne i godi\u0161nje pokazne radni\u010dke, u\u010deni\u010dke, studentske, socijalne i umirovljeni\u010dke karte, dok \u0107e cijene karata za starije od 65 odletjeti u nebo.<\/p><div id=\"mojev-2921650022\" class=\"mojev-u-tekstu mojev-entity-placement\" style=\"margin-left: auto;margin-right: auto;text-align: center;\"><div class=\"mojev-adlabel\">oglas<\/div><div style=\"height: 250px;\"><script async src=\"https:\/\/pagead2.googlesyndication.com\/pagead\/js\/adsbygoogle.js?client=ca-pub-8106111766207173\"\r\n     crossorigin=\"anonymous\"><\/script>\r\n<!-- Prikazni 1 u tekstu -->\r\n<ins class=\"adsbygoogle\"\r\n     style=\"display:block\"\r\n     data-ad-client=\"ca-pub-8106111766207173\"\r\n     data-ad-slot=\"8535551207\"\r\n     data-ad-format=\"auto\"\r\n     data-full-width-responsive=\"true\"><\/ins>\r\n<script>\r\n     (adsbygoogle = window.adsbygoogle || []).push({});\r\n<\/script><\/div><\/div><br style=\"clear: both; display: block; float: none;\"\/>\n\n\n\n<p>Pojedina\u010dna karta za prvu zonu, koja vrijedi 60 minuta, a kupljena je u vozilu, umjesto dosada\u0161njih 10, prema dana\u0161njem prijedlogu stajat \u0107e 12 kuna. Dnevna karta za prvu zonu stajat \u0107e 24 kune, a za sve \u010detiri zone 41 kunu.<\/p>\n\n\n\n<p>Za socijalno ugro\u017eene gra\u0111ane starije od 65 godina godi\u0161nja karta \u0107e sa 30 sko\u010diti na 100 kuna. Oni koji sada pla\u0107aju 78 kuna, ubudu\u0107e bi pla\u0107ali 300 kuna. Dio korisnika bi umjesto 144 kune pla\u0107ao godi\u0161nju kartu od 500 kuna, a dio bi, umjesto 198 kuna, godi\u0161nju kartu morao platiti 700 kuna.<\/p>\n<div id=\"mojev-1824755070\" class=\"mojev-kraj-teksta mojev-entity-placement\" style=\"margin-bottom: 20px;margin-left: auto;margin-right: auto;text-align: center;\"><div class=\"mojev-adlabel\">oglas<\/div><div style=\"height: 250px;\"><script async src=\"https:\/\/pagead2.googlesyndication.com\/pagead\/js\/adsbygoogle.js?client=ca-pub-8106111766207173\"\r\n     crossorigin=\"anonymous\"><\/script>\r\n<!-- Display-1 -->\r\n<ins class=\"adsbygoogle\"\r\n     style=\"display:block\"\r\n     data-ad-client=\"ca-pub-8106111766207173\"\r\n     data-ad-slot=\"1465712950\"\r\n     data-ad-format=\"auto\"\r\n     data-full-width-responsive=\"true\"><\/ins>\r\n<script>\r\n     (adsbygoogle = window.adsbygoogle || []).push({});\r\n<\/script><\/div><\/div>","protected":false},"excerpt":{"rendered":"<p>Poskupjet \u0107e pojedina\u010dne dnevne karte, mjese\u010dne i godi\u0161nje pokazne radni\u010dke, u\u010deni\u010dke, studentske, socijalne i umirovljeni\u010dke karte, dok \u0107e cijene karata za starije od 65 odletjeti u nebo.<\/p>\n","protected":false},"author":1,"featured_media":56290,"comment_status":"closed","ping_status":"closed","sticky":false,"template":"","format":"standard","meta":{"footnotes":""},"categories":[9],"tags":[3039,878,875,93],"class_list":["post-56286","post","type-post","status-publish","format-standard","has-post-thumbnail","hentry","category-vijesti","tag-autotrolej","tag-javni-prijevoz","tag-poskupljenje","tag-rijeka"],"_links":{"self":[{"href":"https:\/\/www.mojevrijeme.hr\/magazin\/wp-json\/wp\/v2\/posts\/56286","targetHints":{"allow":["GET"]}}],"collection":[{"href":"https:\/\/www.mojevrijeme.hr\/magazin\/wp-json\/wp\/v2\/posts"}],"about":[{"href":"https:\/\/www.mojevrijeme.hr\/magazin\/wp-json\/wp\/v2\/types\/post"}],"author":[{"embeddable":true,"href":"https:\/\/www.mojevrijeme.hr\/magazin\/wp-json\/wp\/v2\/users\/1"}],"replies":[{"embeddable":true,"href":"https:\/\/www.mojevrijeme.hr\/magazin\/wp-json\/wp\/v2\/comments?post=56286"}],"version-history":[{"count":0,"href":"https:\/\/www.mojevrijeme.hr\/magazin\/wp-json\/wp\/v2\/posts\/56286\/revisions"}],"wp:featuredmedia":[{"embeddable":true,"href":"https:\/\/www.mojevrijeme.hr\/magazin\/wp-json\/wp\/v2\/media\/56290"}],"wp:attachment":[{"href":"https:\/\/www.mojevrijeme.hr\/magazin\/wp-json\/wp\/v2\/media?parent=56286"}],"wp:term":[{"taxonomy":"category","embeddable":true,"href":"https:\/\/www.mojevrijeme.hr\/magazin\/wp-json\/wp\/v2\/categories?post=56286"},{"taxonomy":"post_tag","embeddable":true,"href":"https:\/\/www.mojevrijeme.hr\/magazin\/wp-json\/wp\/v2\/tags?post=56286"}],"curies":[{"name":"wp","href":"https:\/\/api.w.org\/{rel}","templated":true}]}}