{"id":56405,"date":"2022-02-07T11:07:43","date_gmt":"2022-02-07T10:07:43","guid":{"rendered":"https:\/\/www.mojevrijeme.hr\/magazin\/?p=56405"},"modified":"2022-02-07T11:22:59","modified_gmt":"2022-02-07T10:22:59","slug":"radijska-i-televizijska-legenda-zlatna-belavic-kada-dobijete-izazov-prihvatite-ga","status":"publish","type":"post","link":"https:\/\/www.mojevrijeme.hr\/magazin\/2022\/02\/radijska-i-televizijska-legenda-zlatna-belavic-kada-dobijete-izazov-prihvatite-ga\/","title":{"rendered":"Radijska i televizijska legenda Zlatna Belavi\u0107: Kada dobijete izazov \u2013 prihvatite ga!"},"content":{"rendered":"\n<p><strong>Zlatnu Belavi\u0107<\/strong> sam, nakon \u0161to je umirovljena, ponovno vidjela negdje pred Bo\u017ei\u0107. Ali ne na malom ekranu. Briljirala je u kazali\u0161noj predstavi &#8220;Polaganost&#8221; \u0161to su je \u0161ti\u0107enici Doma za starije Centar u Zagrebu realizirali pod redateljskom palicom Borne Armaninija u okviru projekta sufinanciranog iz Europskog socijalnog fonda pod nazivom Smijeh kao lijek. Malo je re\u0107i da me odu\u0161evila \u2013 djelovala je poput profesionalne glumice, bila je sigurna u sebe, u svoj nastup, tekst, a cijeloj pri\u010di dala je sjajan <em>touch <\/em>autoironije.<\/p>\n\n\n\n<p>Osim toga, nisam mogla ne primijetiti kako fantasti\u010dno izgleda. Tek poslije, prilikom realizacije ovog intervjua, Zlatna \u0107e mi otkriti kako je pred dvije godine do\u017eivjela masivni mo\u017edani udar, \u0161to cijeloj pri\u010di daje jo\u0161 sna\u017eniju dimenziju. Ponovno je u\u010dila hodati, govoriti i pisati i nikad se nije predala. Dapa\u010de, usvojila je i neke sasvim nove vje\u0161tine.<\/p>\n\n\n\n<h2 class=\"wp-block-heading\">Gluma kao izazov<\/h2>\n\n\n\n<p>&#8220;Gluma je za mene bila nepoznanica. Moram Vam re\u0107i, malo sam se bojala svega toga, ali sam prihvatila izazov. Ja nikad ne odustajem pa sam si i tada rekla \u2013 vidi mo\u017ee\u0161 li, poku\u0161aj&#8221;, prisje\u0107a se Zlatna po\u010detaka rada na predstavi, prije nepune godine dana.<\/p><div id=\"mojev-4042226880\" class=\"mojev-u-tekstu mojev-entity-placement\" style=\"margin-left: auto;margin-right: auto;text-align: center;\"><div class=\"mojev-adlabel\">oglas<\/div><div style=\"height: 250px;\"><script async src=\"https:\/\/pagead2.googlesyndication.com\/pagead\/js\/adsbygoogle.js?client=ca-pub-8106111766207173\"\r\n     crossorigin=\"anonymous\"><\/script>\r\n<!-- Prikazni 1 u tekstu -->\r\n<ins class=\"adsbygoogle\"\r\n     style=\"display:block\"\r\n     data-ad-client=\"ca-pub-8106111766207173\"\r\n     data-ad-slot=\"8535551207\"\r\n     data-ad-format=\"auto\"\r\n     data-full-width-responsive=\"true\"><\/ins>\r\n<script>\r\n     (adsbygoogle = window.adsbygoogle || []).push({});\r\n<\/script><\/div><\/div><br style=\"clear: both; display: block; float: none;\"\/>\n\n\n\n<p>Naime, ka\u017ee, nikada nije nastupala pred publikom \u2013 njezina su publika bili \u0161irokokutni i uskokutni objektiv iza kojega je bio kamerman. Ili nije bio, ako bi oti\u0161ao zapaliti cigaretu. &#8220;Vi se zapravo obra\u0107ate stroju, nemate nikakav <em>feedback<\/em>. Dobijete ga tek kad je sve gotovo. U ovoj predstavi, odmah sam imala tu va\u017enu povratnu informaciju i rekla sam si \u2013 pa glumcima je ipak lak\u0161e!&#8221;<\/p>\n\n\n\n<p>Predstava je bila izuzetno uspje\u0161na. Pamtim jo\u0161 uvijek gromoglasne aplauze. &#8220;Bilo je i ne\u0161to suza&#8221;, prisje\u0107a se Zlatna. &#8220;Dok govori\u0161 tekst, ti odmah vidi\u0161 jesi li uspio i ho\u0107e\u0161 li nastaviti. Ili si mo\u017eda preglumio pa \u0107e\u0161 se povu\u0107i.&#8221;<\/p>\n\n\n\n<p>O predstavi &#8220;Polaganost&#8221; <a rel=\"noreferrer noopener\" href=\"https:\/\/www.mojevrijeme.hr\/magazin\/2021\/12\/umirovljenici-pred-bozic-premijerno-odigrali-predstavu-o-starenju\/\" data-type=\"post\" data-id=\"55103\" target=\"_blank\">ve\u0107 smo pisali<\/a>, a u njoj su, osim glumom i interpretacijom, \u0161ti\u0107enici doma sudjelovali i sa svojim stvarnim \u017eivotnim pri\u010dama. &#8220;To je predstava kakve se sada rade u kazali\u0161tima \u2013 vi\u0161e nema \u010distih \u017eanrova. To je jedan <em>mi\u0161ung. <\/em>Tako se danas rade i filmovi, tako se rade predstave, tako se pi\u0161u i knjige. Mislim da bi moj profesor Peterli\u0107 i\u0161\u010dupao svu svoju gustu kosu da je jo\u0161 \u017eiv i da to vidi\u2026 (smijeh). Mogu re\u0107i da je to bio jedan uspje\u0161an kola\u017e, a moj dio je bio svojevrsni uvod onome \u0161to \u0107e gledatelji mo\u0107i vidjeti&#8221;, govori mi ova za\u010dudno vitalna \u017eena, ina\u010de profesorica engleskog jezika i komparativne knji\u017eevnosti.<\/p>\n\n\n\n<p>Nakon izvedbe, bila je, ka\u017ee ugodno iznena\u0111ena uspjehom. &#8220;Uvijek sam skromna u o\u010dekivanjima, osim toga, vrlo smo naporno radili. Probe su bile zahtjevne, ali i vrlo vesele. To je bio kao da\u0161ak svje\u017eeg zraka. U tim smo groznim vremenima dobili priliku za dru\u017eenje. Imali smo toliko komedija situacije tijekom tog procesa, stalno smo se smijali i zabavljali. I sav se trud itekako isplatio.&#8221;<\/p>\n\n\n\n<figure class=\"wp-block-image size-large\"><img loading=\"lazy\" decoding=\"async\" width=\"740\" height=\"444\" src=\"https:\/\/www.mojevrijeme.hr\/magazin\/wp-content\/uploads\/2021\/12\/predstava-740x444.jpg\" alt=\"\" class=\"wp-image-55113\" srcset=\"https:\/\/www.mojevrijeme.hr\/magazin\/wp-content\/uploads\/2021\/12\/predstava-740x444.jpg 740w, https:\/\/www.mojevrijeme.hr\/magazin\/wp-content\/uploads\/2021\/12\/predstava-636x382.jpg 636w, https:\/\/www.mojevrijeme.hr\/magazin\/wp-content\/uploads\/2021\/12\/predstava-768x461.jpg 768w, https:\/\/www.mojevrijeme.hr\/magazin\/wp-content\/uploads\/2021\/12\/predstava-1536x922.jpg 1536w, https:\/\/www.mojevrijeme.hr\/magazin\/wp-content\/uploads\/2021\/12\/predstava-1500x900.jpg 1500w, https:\/\/www.mojevrijeme.hr\/magazin\/wp-content\/uploads\/2021\/12\/predstava-1600x960.jpg 1600w, https:\/\/www.mojevrijeme.hr\/magazin\/wp-content\/uploads\/2021\/12\/predstava-590x354.jpg 590w, https:\/\/www.mojevrijeme.hr\/magazin\/wp-content\/uploads\/2021\/12\/predstava-400x240.jpg 400w, https:\/\/www.mojevrijeme.hr\/magazin\/wp-content\/uploads\/2021\/12\/predstava-1000x600.jpg 1000w, https:\/\/www.mojevrijeme.hr\/magazin\/wp-content\/uploads\/2021\/12\/predstava-820x492.jpg 820w, https:\/\/www.mojevrijeme.hr\/magazin\/wp-content\/uploads\/2021\/12\/predstava-1080x648.jpg 1080w, https:\/\/www.mojevrijeme.hr\/magazin\/wp-content\/uploads\/2021\/12\/predstava.jpg 2000w\" sizes=\"auto, (max-width: 740px) 100vw, 740px\" \/><figcaption>Predstava Polaganost (foto: Doringo)<\/figcaption><\/figure>\n\n\n\n<p>Iako generalna proba nije pro\u0161la kako su se nadali, Zlatna i ovaj veseli ansambl nisu klonuli duhom. &#8220;Sjetila sam se tada moga oca koji je bio prvak Opere HNK i koji bi mi uvijek govorio: \u010cuj, generalka je bila katastrofa, \u0161to zna\u010di da bu predstava bila OK! Za\u0161to je to tako? Zato jer se ljudi na toj probi suo\u010de sa stvarnim stanjem, priznaju si se da bilo stra\u0161no i skupe zadnje atome snage kako bi na premijeri sve proteklo kako treba. Upravo tako bilo je i nama&#8221;, otkriva ova novope\u010dena glumica.<\/p>\n\n\n\n<h3 class=\"wp-block-heading\">Dru\u017eenje u doba korone<\/h3>\n\n\n\n<p>Rad na predstavi, ka\u017ee Zlatna Belavi\u0107, svim je sudionicima donio i prekrasno dru\u017eenje. U domu je, isti\u010de, i ina\u010de dobra klima, ali svjesna je da je rad sa starijim ljudima izuzetno te\u017eak. <\/p>\n\n\n\n<p>&#8220;Stariji ljudi s razlogom slove za te\u0161ke. Oni koji su u dom do\u0161li svojom voljom, oni su genijalni. Prihva\u0107aju sve aktivnosti, \u010dak i one koje nisu za njih. Imamo sre\u0107u \u0161to imamo na\u0161u divnu gospo\u0111u Slavicu Butkovi\u0107, socijalnu radnicu koja je zadu\u017eena za kulturu i slobodne aktivnosti. Ona je tom domu udahnula du\u0161u. Uvijek prona\u0111e stotine aktivnosti i svakoga dana se mo\u017eete ne\u010dim baviti. Ali, naravno, ako ste nezadovoljni ili ako ste <em>hoch<\/em>, onda vas to ni\u0161ta ne\u0107e zanimati i u\u017eivat \u0107ete isklju\u010divo u svom nezadovoljstvu. Ali i to se da prevladati&#8221;, ka\u017ee na\u0161a sugovornica.<\/p>\n\n\n\n<p>Priznaje kako je dobro raspolo\u017eenje dobrano uzdrmala situacija s koronavirusom: &#8220;Jako se puno umiralo, to nam je svima stra\u0161no te\u0161ko palo. Umre vam \u010dovjek kojega ste poznavali od preko puta, umre onaj s lijeve strane pa onaj s desne. Dakle, smrt je bila tu, me\u0111u nama. Znam, re\u0107i \u0107ete da to nije ni\u0161ta novo. Pa i nije, smrt je sastavni dio \u017eivota, ali malo ih je u jednom trenutku bilo previ\u0161e. Jo\u0161 uvijek ih ima previ\u0161e, ali ono \u0161to je stra\u0161no je da smo se na to navikli. Cjepivo je malo smanjilo na\u0161 osje\u0107aj nemo\u0107i, ali svejedno je te\u0161ko. Svaki put kad \u010dujem te brojke, ja se zgrozim.&#8221;<\/p>\n\n\n\n<h3 class=\"wp-block-heading\">Aktivni u mirovini<\/h3>\n\n\n\n<p>U domu, Zlatna sudjeluje u brojnim aktivnostima. S obzirom na svoj <em>background, <\/em>posebno u\u017eiva u knji\u017eevnim susretima na kojima se analiziraju i komentiraju razna knji\u017eevna djela.<\/p>\n\n\n\n<p>\u201eKrenuli smo s Danteom pa je bio Dostojevski pa Ranko Marinkovi\u0107, a uskoro \u0107emo imati Dinka \u0160imunovi\u0107a. Ja pak za svoju du\u0161u ponovno \u010ditam neka djela za koje sam si jo\u0161 davno rekla da \u0107u ih pro\u010ditati ponovo. Uhvatila sam se Dostojevskog kojeg sam \u010ditala i voljela, ali pred jedno 50 godina. Sad \u0107u vam re\u0107i i za\u0161to. Odem ja, usred svih ovih mjera, sa svoje dvije prijateljice u kazali\u0161te, na Idiota. Veselim se beskrajno, imamo krasna mjesta. I krene predstava. No, u na\u0161em, 11. redu parketa ne \u010dujete niti jednu jedinu rije\u010d! Osim Jadranke \u0110oki\u0107 u jednom trenutku kada iza\u0111e izvan scene i vi\u010de. No, kako nemamo kontekst, ne znamo na \u0161to ili koga se dere. Do\u0161lo mi je da zvi\u017edim, ali sam pomislila da mo\u017eda ja vi\u0161e ne \u010dujem dobro. No, ni moje prijateljice nisu ni\u0161ta \u010dule. Onda smo zaklju\u010dile da je vjerojatno tehnika bila u \u0161trajku ili su im preskupi bili mikrofoni-bubice koje se danas mogu staviti bilo gdje. To se moralo \u010duti jer Dostojevski je \u010disti tekst. Stoga sam uzela Dostojevskog i krenula ga ponovo \u010ditati i u\u017eivati u tom savr\u0161enom \u0161tivu&#8221;, podijelila je Zlatna spremno s nama ovu malu anegdotu.<\/p>\n\n\n\n<figure class=\"wp-block-image size-large\"><img loading=\"lazy\" decoding=\"async\" width=\"740\" height=\"444\" src=\"https:\/\/www.mojevrijeme.hr\/magazin\/wp-content\/uploads\/2021\/12\/zlatna-belavic-740x444.jpg\" alt=\"\" class=\"wp-image-55115\" srcset=\"https:\/\/www.mojevrijeme.hr\/magazin\/wp-content\/uploads\/2021\/12\/zlatna-belavic-740x444.jpg 740w, https:\/\/www.mojevrijeme.hr\/magazin\/wp-content\/uploads\/2021\/12\/zlatna-belavic-636x382.jpg 636w, https:\/\/www.mojevrijeme.hr\/magazin\/wp-content\/uploads\/2021\/12\/zlatna-belavic-768x461.jpg 768w, https:\/\/www.mojevrijeme.hr\/magazin\/wp-content\/uploads\/2021\/12\/zlatna-belavic-1536x922.jpg 1536w, https:\/\/www.mojevrijeme.hr\/magazin\/wp-content\/uploads\/2021\/12\/zlatna-belavic-1500x900.jpg 1500w, https:\/\/www.mojevrijeme.hr\/magazin\/wp-content\/uploads\/2021\/12\/zlatna-belavic-1600x960.jpg 1600w, https:\/\/www.mojevrijeme.hr\/magazin\/wp-content\/uploads\/2021\/12\/zlatna-belavic-590x354.jpg 590w, https:\/\/www.mojevrijeme.hr\/magazin\/wp-content\/uploads\/2021\/12\/zlatna-belavic-400x240.jpg 400w, https:\/\/www.mojevrijeme.hr\/magazin\/wp-content\/uploads\/2021\/12\/zlatna-belavic-1000x600.jpg 1000w, https:\/\/www.mojevrijeme.hr\/magazin\/wp-content\/uploads\/2021\/12\/zlatna-belavic-820x492.jpg 820w, https:\/\/www.mojevrijeme.hr\/magazin\/wp-content\/uploads\/2021\/12\/zlatna-belavic-1080x648.jpg 1080w, https:\/\/www.mojevrijeme.hr\/magazin\/wp-content\/uploads\/2021\/12\/zlatna-belavic.jpg 2000w\" sizes=\"auto, (max-width: 740px) 100vw, 740px\" \/><figcaption>Zlatna Belavi\u0107 (foto: Doringo)<\/figcaption><\/figure>\n\n\n\n<p>&#8220;Imam doista razne zanimacije i nikad mi nije dosadno. Odem i ku\u0107i. U na\u0161em stanu sada \u017eivi moj mla\u0111i sin i brine se za na\u0161a dva psa. Znate, jedina mana ovog doma je da ne primaju ku\u0107ne ljubimce. Kada bi se to moglo, to bi bio dom s pet zvjezdica. No, dobro, i ovako je super&#8221;, ka\u017ee Zlatna Belavi\u0107.<\/p>\n\n\n\n<h3 class=\"wp-block-heading\">Pletenje kao rehabilitacija<\/h3>\n\n\n\n<p>Uz sve navedeno, vratila se i svom nekada\u0161njem hobiju. &#8220;Kako zbog mo\u017edanog udara imam oduzetu lijevu ruku, bez obzira na sva stiskanja loptica, prste ne mogu stisnuti dovoljno. Pa sam pitala na\u0161e divne fizioterapeute, te ljude koji vole svoj posao i vole nas &#8211; ljude s kojima rade,  bih li mogla opet plesti. I dali su mi zeleno svjetlo. Ne mogu Vam opisati kako je to izgledalo na po\u010detku. To je bilo dva mjeseca ispadanja igle iz ruke i dva mjeseca dizanja. A bila je to igla broj 6, najdeblja mogu\u0107a. Ali nisam odustala. Sad ve\u0107 mogu isplesti d\u017eemper na igle broj 3&#8221;, pohvalila se ponosno Zlatna.<\/p>\n\n\n\n<p>U okviru doma, zajedno s jo\u0161 nekoliko gospo\u0111a, pokrenula je malu akciju pletenja za djecu iz doma u Nazorovoj ulici. &#8220;Za Bo\u017ei\u0107 smo spakirale dvije velike ko\u0161are pletenih kapica, presvlaka za dje\u010dje kreveti\u0107e, \u010darapica, d\u017eemperi\u0107a i vunenih igra\u010daka i darovale im. Same smo se organizirale i to je bilo divno za vidjeti i do\u017eivjeti. Svaka od nas plela je po svojim idejama i kreirale smo jedinstvene male komade.&#8221;<\/p>\n\n\n\n<h3 class=\"wp-block-heading\">Baka &#8211; dinosaur<\/h3>\n\n\n\n<p>Zlatna Belavi\u0107 je i baka \u010detverogodi\u0161nje unu\u010dice Marte koja s roditeljima \u017eivi u Njema\u010dkoj. Taj dio svoje obitelji nije vidjela od ljeta, kada su bili na odmoru.<\/p>\n\n\n\n<p>&#8220;Odrekla sam se sve tehnologije, makar sam s tim radila skroz do mirovine. Jednostavno sam zasi\u0107ena. Rekla sam &#8211; dosta. Sada je vrijeme za pra\u017enjenje. Mislim i da se na to izgubi jako puno vremena. Rekla sam sinu da sam jako zadovoljna svojim obi\u010dnim mobitelom. Mogu snimiti i spremiti fotografije, mogu poslati poruku i dovoljan mi je za kratke razgovore. Ostalo mi je gubitak vremena. Rekla sam im da do\u0111u \u010de\u0161\u0107e, da se vidimo u\u017eivo. Drugo me ne zanima. A onda me je Marta jednom pitala: Bako, za\u0161to ja tebe ne vidim kada razgovaramo? A ja sam joj rekla: Zato jer je tvoja baka dinosaurus. I sad je ona silno sretna \u0161to ima baku dinosaura, di\u010di se time. Ka\u017ee da je i ona mali dino&#8221;, smije se ova vitalna baka.<\/p>\n\n\n\n<p>&#8220;Nisam moderna baka koja <em>skajpa<\/em>, <em>surfa<\/em> i ostalo. Sad sam <em>wabi-sabi<\/em>, \u010disti minimum. Imam svojih 18 kvadrata i to je sve \u0161to mi treba. Knjige posudim iz ku\u0107ne biblioteke pa ih vratim. Sad \u0107e moj sin i Idiota vratiti ku\u0107i. I ni\u0161ta mi ne odvla\u010di pa\u017enju. Slu\u0161am radio, glazbu uglavnom. Ona je jako va\u017ean dio mog \u017eivota, uvijek bila i danas je. Imam vremena za ljude i za sebe. Televizor nemam i televiziju uop\u0107e ne gledam&#8221;, obja\u0161njava mi svoj \u017eivotni stil Zlatna.<\/p>\n\n\n\n<h3 class=\"wp-block-heading\">Nema predaje!<\/h3>\n\n\n\n<p>Medijima i novinarskoj struci danas jako zamjera \u2013 predaju, a ona je, ka\u017ee, najvidljivija na ameri\u010dkom primjeru.<br>&#8220;Grupa novinara sjedi, a predsjednik vrije\u0111a novinara CNN-a. Ne mogu pojmiti da oni nisu ustali i oti\u0161li. Jer mi kao profesija imamo toliko toga na raspolaganju; od ustati i oti\u0107i preko ne objaviti ono \u0161to je rekao pa do ne objaviti ono \u0161to je objavio na Twitteru. Ali ne, danas treba biti brz i zaraditi lovu \u2013 klikovi, gledanost, broj prodanih primjeraka.&#8221;<\/p>\n\n\n\n<p>&#8220;Mi smo izgubili dostojanstvo i profesiju. Profu\u0107kali smo \u0161ansu. A posljedica je to da nam ljudi ne vjeruju. I onda tra\u017ee druge izvore informacija po mre\u017eama gdje ne postoji obaveza provjere podataka. Ljudi grozni\u010davo tra\u017ee istinu, i to ne samo u novinarstvu, ve\u0107 i u petpara\u010dkoj knji\u017eevnosti, na mjestima na kojima mi ne bi palo na pamet da je uop\u0107e mogu tra\u017eiti. Ljudi tra\u017ee istinu, a mi im to ne damo&#8221;, analizira ova iskusna novinarka i urednica.<\/p>\n\n\n\n<figure class=\"wp-block-image size-large\"><img loading=\"lazy\" decoding=\"async\" width=\"740\" height=\"444\" src=\"https:\/\/www.mojevrijeme.hr\/magazin\/wp-content\/uploads\/2022\/02\/zlatna-belavic-hrt-740x444.jpg\" alt=\"\" class=\"wp-image-56422\" srcset=\"https:\/\/www.mojevrijeme.hr\/magazin\/wp-content\/uploads\/2022\/02\/zlatna-belavic-hrt-740x444.jpg 740w, https:\/\/www.mojevrijeme.hr\/magazin\/wp-content\/uploads\/2022\/02\/zlatna-belavic-hrt-636x382.jpg 636w, https:\/\/www.mojevrijeme.hr\/magazin\/wp-content\/uploads\/2022\/02\/zlatna-belavic-hrt-768x461.jpg 768w, https:\/\/www.mojevrijeme.hr\/magazin\/wp-content\/uploads\/2022\/02\/zlatna-belavic-hrt-1536x922.jpg 1536w, https:\/\/www.mojevrijeme.hr\/magazin\/wp-content\/uploads\/2022\/02\/zlatna-belavic-hrt-1500x900.jpg 1500w, https:\/\/www.mojevrijeme.hr\/magazin\/wp-content\/uploads\/2022\/02\/zlatna-belavic-hrt-1600x960.jpg 1600w, https:\/\/www.mojevrijeme.hr\/magazin\/wp-content\/uploads\/2022\/02\/zlatna-belavic-hrt-590x354.jpg 590w, https:\/\/www.mojevrijeme.hr\/magazin\/wp-content\/uploads\/2022\/02\/zlatna-belavic-hrt-400x240.jpg 400w, https:\/\/www.mojevrijeme.hr\/magazin\/wp-content\/uploads\/2022\/02\/zlatna-belavic-hrt-1000x600.jpg 1000w, https:\/\/www.mojevrijeme.hr\/magazin\/wp-content\/uploads\/2022\/02\/zlatna-belavic-hrt-820x492.jpg 820w, https:\/\/www.mojevrijeme.hr\/magazin\/wp-content\/uploads\/2022\/02\/zlatna-belavic-hrt-1080x648.jpg 1080w, https:\/\/www.mojevrijeme.hr\/magazin\/wp-content\/uploads\/2022\/02\/zlatna-belavic-hrt.jpg 2000w\" sizes=\"auto, (max-width: 740px) 100vw, 740px\" \/><figcaption>Zlatna Belavi\u0107 (screenshot: HRT, 1993.)<\/figcaption><\/figure>\n\n\n\n<p>&#8220;A budu\u0107i da smo se izgubili i predali (jer nam o tome ovisi pla\u0107a i egzistencija), damo se preveslati. Daju nam se kosti, a pravih tema nema. Ve\u0107 u rujnu pro\u0161le godine znalo se da \u0107e poskupiti energenti, a mi ganjamo pri\u010de o tome tko je kome obnovio stan. To su osobni obra\u010duni preko nas. Naprosto ne znamo razlu\u010diti i to zato jer pravi, srednji uredni\u010dki kadar vi\u0161e ne postoji. On je uni\u0161ten, umirovljen, ubijen ili otjeran. A oni gore su nametnuti svugdje. Od strane ogla\u0161iva\u010da ili Sabora? Nebitno! Pitali su me neki znanci je li HTV strana\u010dka televizija. Jest i uvijek \u0107e biti. Dok god se bude Vije\u0107e biralo na na\u010din na koji se bira, dok god se glavni ravnatelj bude tako birao, dok god se bude financirala na ovaj na\u010din \u2013 tako \u0107e biti&#8221;, ka\u017ee Zlatna Belavi\u0107.<\/p>\n\n\n\n<h3 class=\"wp-block-heading\">Novinarka, ali prije svega mama<\/h3>\n\n\n\n<p>Jako je voljela svoj posao, a najve\u0107e zadovoljstvo joj je bilo ostaviti trag, biti koristan, napraviti ne\u0161to. &#8220;Kao novinarka i urednica imala sam osje\u0107aj da dajem neki svoj doprinos u vrlo zanimljivim i te\u0161kim vremenima. Vi\u0161estrana\u010dje, rat, poslijeratno razdoblje, pretvorbe \u2013 to su bili klju\u010dni momenti hrvatske povijesti.&#8221;<\/p>\n\n\n\n<p>Ipak, nagla\u0161ava, uvijek je bila prije svega mama. &#8220;Tako sam htjela i odlu\u010dila. Onda sam dalje bila sve ostalo; k\u0107i, prevoditeljica (jer se od moje pla\u0107e nije moglo \u017eivjeti) i profesorica engleskog jezika u SUVAG-u. Sve to paralelno s radom na televiziji. I nikad nisam bila umorna, adrenalin me dr\u017eao. A kad njegovo djelovanje splasne, onda ste tu gdje sam ja sada&#8221;, ka\u017ee pomalo gorko Zlatna. &#8220;Uvijek sam znala da \u0107u sve to na neki na\u010din platiti. Nisam znala kada ni kako, ali znala sam da ho\u0107u. I jesam.&#8221;<\/p>\n\n\n\n<h3 class=\"wp-block-heading\">Prihvatite izazov!<\/h3>\n\n\n\n<p>U svojoj je karijeri pro\u0161la doslovno sve \u0161to se moglo pro\u0107i. Od spikiranja, vo\u0111enja radijskih i TV emisija, ure\u0111ivanja vijesti, Dnevnika, Zagreba\u010dke panorame.<\/p>\n\n\n\n<p>&#8220;S nostalgijom pamtim &#8216;Male no\u0107ne razgovore&#8217;, prve radijske \u017eive emisije koje su trajale po pet sati u komadu. Nikad nisam imala problema s linijom jer nakon pet sati \u0161to to &#8216;odvozite&#8217;, odmah ste pola kile lak\u0161i (smijeh). 2000. godine sam, jer su me &#8216;stavili na led&#8217;, zavr\u0161ila u Obrazovnom programu. Dobila sam emisiju koja se zvala No\u0107ni brzoglas, trajala od pono\u0107i do jedan i i\u0161la je u\u017eivo. Dobila sam i punu slobodu da radim \u0161to god \u017eelim. Emisiju sam radila s Vojom \u0160iljkom i za nju birala vje\u010dne teme. Ja sam bila na telefonima. Javljali su nam se pametni i obrazovani ljudi, a gledatelji su nam bili jako va\u017ean dio emisije. Uglavnom, \u017eelim re\u0107i i poru\u010diti mladim kolegama: kad dobijete izazov \u2013 prihvatite ga! Nikad ne znate \u0161to vam mo\u017ee donijeti. Riskirate, naravno, ali uvijek treba zaroniti i nema predaje. Nikada!&#8221;<\/p>\n\n\n\n<div id=\"blokovi\"><img decoding=\"async\" src=\"https:\/\/www.mojevrijeme.hr\/magazin\/wp-content\/uploads\/2020\/09\/esf-lenta.jpg\">\nOvaj prilog objavljen je u sklopu projekta \u201cNovo vrijeme\u201d. Projekt je sufinancirala\nEuropska unija sredstvima Europskog socijalnog fonda. Sadr\u017eaj priloga isklju\u010diva\nje odgovornost Udruge Ho\u0107u stranicu.<\/div>\n<div id=\"mojev-2842472401\" class=\"mojev-kraj-teksta mojev-entity-placement\" style=\"margin-bottom: 20px;margin-left: auto;margin-right: auto;text-align: center;\"><div class=\"mojev-adlabel\">oglas<\/div><div style=\"height: 250px;\"><script async src=\"https:\/\/pagead2.googlesyndication.com\/pagead\/js\/adsbygoogle.js?client=ca-pub-8106111766207173\"\r\n     crossorigin=\"anonymous\"><\/script>\r\n<!-- Display-1 -->\r\n<ins class=\"adsbygoogle\"\r\n     style=\"display:block\"\r\n     data-ad-client=\"ca-pub-8106111766207173\"\r\n     data-ad-slot=\"1465712950\"\r\n     data-ad-format=\"auto\"\r\n     data-full-width-responsive=\"true\"><\/ins>\r\n<script>\r\n     (adsbygoogle = window.adsbygoogle || []).push({});\r\n<\/script><\/div><\/div>","protected":false},"excerpt":{"rendered":"<p>Legendarna radijska i televizijska novinarka, urednica, voditeljica i spikerica Zlatna Belavi\u0107 danas je umirovljenica, ali njezini dani u zagreba\u010dkom Domu za starije Centar u Klai\u0107evoj ulici nisu nimalo mirni. Dapa\u010de, 24 sata premalo je za sve njezine aktivnosti, zanimacije i hobije. Uz kavu u njezinu omiljenom kafi\u0107u u Dalmatinskoj ulici, prisjetila se i svoje uzbudljive novinarske i uredni\u010dke karijere te nam je otkrila da danas televiziju uop\u0107e ne gleda. <\/p>\n","protected":false},"author":13,"featured_media":56421,"comment_status":"closed","ping_status":"closed","sticky":false,"template":"","format":"standard","meta":{"footnotes":""},"categories":[85],"tags":[2339,142,97,3003],"class_list":["post-56405","post","type-post","status-publish","format-standard","has-post-thumbnail","hentry","category-aktivno-starenje","tag-novo-vrijeme","tag-televizija","tag-umirovljenicki-dom","tag-zlatna-belavic"],"_links":{"self":[{"href":"https:\/\/www.mojevrijeme.hr\/magazin\/wp-json\/wp\/v2\/posts\/56405","targetHints":{"allow":["GET"]}}],"collection":[{"href":"https:\/\/www.mojevrijeme.hr\/magazin\/wp-json\/wp\/v2\/posts"}],"about":[{"href":"https:\/\/www.mojevrijeme.hr\/magazin\/wp-json\/wp\/v2\/types\/post"}],"author":[{"embeddable":true,"href":"https:\/\/www.mojevrijeme.hr\/magazin\/wp-json\/wp\/v2\/users\/13"}],"replies":[{"embeddable":true,"href":"https:\/\/www.mojevrijeme.hr\/magazin\/wp-json\/wp\/v2\/comments?post=56405"}],"version-history":[{"count":0,"href":"https:\/\/www.mojevrijeme.hr\/magazin\/wp-json\/wp\/v2\/posts\/56405\/revisions"}],"wp:featuredmedia":[{"embeddable":true,"href":"https:\/\/www.mojevrijeme.hr\/magazin\/wp-json\/wp\/v2\/media\/56421"}],"wp:attachment":[{"href":"https:\/\/www.mojevrijeme.hr\/magazin\/wp-json\/wp\/v2\/media?parent=56405"}],"wp:term":[{"taxonomy":"category","embeddable":true,"href":"https:\/\/www.mojevrijeme.hr\/magazin\/wp-json\/wp\/v2\/categories?post=56405"},{"taxonomy":"post_tag","embeddable":true,"href":"https:\/\/www.mojevrijeme.hr\/magazin\/wp-json\/wp\/v2\/tags?post=56405"}],"curies":[{"name":"wp","href":"https:\/\/api.w.org\/{rel}","templated":true}]}}