{"id":56430,"date":"2022-02-07T16:32:55","date_gmt":"2022-02-07T15:32:55","guid":{"rendered":"https:\/\/www.mojevrijeme.hr\/magazin\/?p=56430"},"modified":"2022-02-09T15:14:53","modified_gmt":"2022-02-09T14:14:53","slug":"pokrenuta-je-peticija-da-se-na-kovanicu-eura-stavi-dalmatinac","status":"publish","type":"post","link":"https:\/\/www.mojevrijeme.hr\/magazin\/2022\/02\/pokrenuta-je-peticija-da-se-na-kovanicu-eura-stavi-dalmatinac\/","title":{"rendered":"Pokrenuta je peticija da se na kovanicu eura stavi &#8211; dalmatinac"},"content":{"rendered":"\n<p>Hrvatska knji\u017eevnica i prevoditeljica s njema\u010dkom adresom, <strong>Alida Bremer<\/strong>, pokrenula je peticiju kojom bi se na kovanicu eura, umjesto slabo poznate kune, stavio \u0161irom svijeta poznati i omiljeni &#8211; dalmatinski pas. Nakon skandala koji je nastao izborom plagiranog dizajnerskog rje\u0161enja za hrvatsku kovanicu eura, ovako bi se neutralizirala \u0161teta na\u010dinjena Hrvatskoj, smatraju potpisnici. <\/p>\n\n\n\n<p>Dalmatinski psi poznati su po jedinstvenom to\u010dkastom sloju dlake; nijedna druga \u010distokrvna pasmina nema ovakve jedinstvene to\u010dkaste oznake. Pasmina je dobila ime po Dalmaciji za koju se vjeruje da je izvorno mjesto podrijetla dalmatinskog psa. Hrvatska po\u0161ta stavila ga je na markicu vrijednosti 5 kuna jo\u0161 2001. godine. Svjetsku slavu ovi psi postigli su Disneyevim ekranizacijama novele &#8220;101 dalmatinac&#8221; koju je 1956. godine objavila engleska novelistica Dorothy Gladys Smith.<\/p>\n\n\n\n<p>&#8220;Uvjerenja smo da je pas dalmatinac iz puno razloga prepoznatljiv i zanimljiv znak, \u0161to nije zanemarivo ni kad razmi\u0161ljamo o turizmu kao va\u017enoj grani gospodarstva, a koja ovisi i o autenti\u010dnim i sna\u017enim simbolima&#8221;, stoji u peticiji ispod koje u ovom trenutku stoji gotovo 200 potpisnika.<\/p><div id=\"mojev-420417350\" class=\"mojev-u-tekstu mojev-entity-placement\" style=\"margin-left: auto;margin-right: auto;text-align: center;\"><div class=\"mojev-adlabel\">oglas<\/div><div style=\"height: 250px;\"><script async src=\"https:\/\/pagead2.googlesyndication.com\/pagead\/js\/adsbygoogle.js?client=ca-pub-8106111766207173\"\r\n     crossorigin=\"anonymous\"><\/script>\r\n<!-- Prikazni 1 u tekstu -->\r\n<ins class=\"adsbygoogle\"\r\n     style=\"display:block\"\r\n     data-ad-client=\"ca-pub-8106111766207173\"\r\n     data-ad-slot=\"8535551207\"\r\n     data-ad-format=\"auto\"\r\n     data-full-width-responsive=\"true\"><\/ins>\r\n<script>\r\n     (adsbygoogle = window.adsbygoogle || []).push({});\r\n<\/script><\/div><\/div><br style=\"clear: both; display: block; float: none;\"\/>\n\n\n\n<p>&#8220;Dalmatinac je me\u0111unarodno priznata autohtona hrvatska pasmina, trgovci i poklisari slavne Dubrova\u010dke Republike, tog velikog uzora i primjera dobre vladavine, poklanjali su ih kao diplomatski dar i znak dobre volje po cijelom svijetu. Na skulpturama i slikama dubrova\u010dkih umjetnika iz ranijih stolje\u0107a mo\u017ee se vidjeti motiv psa dalmatinca, \u0161to ga \u010dini i vrijednim dijelom hrvatske kulturne ba\u0161tine&#8221;, ka\u017ee peticija koja \u0107e nakon zaklju\u010denog prikupljanja potpisa biti odaslana na adresu Hrvatske narodne banke. <\/p>\n\n\n\n<p>&#8220;Na\u0161 je argument i njegova izrazito simpati\u010dna pojava. Uvjereni smo da bi kovanica s likom psa dalmatinca nai\u0161la na ogromne simpatije djece i mladih, ali i mnogih starijih gra\u0111ana diljem Europske Unije. Budu\u0107i da je problem s izborom kovanice s kunom dosegao veliku me\u0111unarodnu vidljivost, smatramo da se nastala \u0161teta reputaciji Republike Hrvatske u procesu izbora hrvatskih kovanica mo\u017ee jednostavno otkloniti promjenom motiva na kovanici. Hrvatska kovaonica novca ve\u0107 je 2021. izradila prve srebrnjake i zlatnike s likom psa dalmatinca, tako da ova ideja i nije toliko neobi\u010dna, a mi se nadamo da je uvjerljiva i da \u0107e se i Vama svidjeti&#8221;, zaklju\u010dak je peticije koju mo\u017eete prona\u0107i i <a href=\"https:\/\/www.facebook.com\/alida.bremer\/posts\/3088204471393924\" target=\"_blank\" rel=\"noreferrer noopener\">potpisati na Facebooku.<\/a><\/p>\n\n\n\n<iframe loading=\"lazy\" src=\"https:\/\/www.facebook.com\/plugins\/post.php?href=https%3A%2F%2Fwww.facebook.com%2Falida.bremer%2Fposts%2F3088204471393924&amp;width=740&amp;show_text=true&amp;appId=702830876459350&amp;height=227\" width=\"740\" height=\"227\" style=\"border:none;overflow:hidden\" scrolling=\"no\" frameborder=\"0\" allowfullscreen=\"true\" allow=\"autoplay; clipboard-write; encrypted-media; picture-in-picture; web-share\"><\/iframe>\n<div id=\"mojev-461085865\" class=\"mojev-kraj-teksta mojev-entity-placement\" style=\"margin-bottom: 20px;margin-left: auto;margin-right: auto;text-align: center;\"><div class=\"mojev-adlabel\">oglas<\/div><div style=\"height: 250px;\"><script async src=\"https:\/\/pagead2.googlesyndication.com\/pagead\/js\/adsbygoogle.js?client=ca-pub-8106111766207173\"\r\n     crossorigin=\"anonymous\"><\/script>\r\n<!-- Display-1 -->\r\n<ins class=\"adsbygoogle\"\r\n     style=\"display:block\"\r\n     data-ad-client=\"ca-pub-8106111766207173\"\r\n     data-ad-slot=\"1465712950\"\r\n     data-ad-format=\"auto\"\r\n     data-full-width-responsive=\"true\"><\/ins>\r\n<script>\r\n     (adsbygoogle = window.adsbygoogle || []).push({});\r\n<\/script><\/div><\/div>","protected":false},"excerpt":{"rendered":"<p>Uvjereni smo da bi kovanica s likom psa dalmatinca nai\u0161la na ogromne simpatije djece i mladih, ali i mnogih starijih gra\u0111ana diljem Europske Unije. Budu\u0107i da je problem s izborom kovanice s kunom dosegao veliku me\u0111unarodnu vidljivost, smatramo da se nastala \u0161teta reputaciji Republike Hrvatske u procesu izbora hrvatskih kovanica mo\u017ee jednostavno otkloniti promjenom motiva na kovanici.<\/p>\n","protected":false},"author":1,"featured_media":56435,"comment_status":"closed","ping_status":"closed","sticky":false,"template":"","format":"standard","meta":{"footnotes":""},"categories":[9],"tags":[3044,2795,705,781],"class_list":["post-56430","post","type-post","status-publish","format-standard","has-post-thumbnail","hentry","category-vijesti","tag-alida-bremer","tag-euro","tag-peticija","tag-psi"],"_links":{"self":[{"href":"https:\/\/www.mojevrijeme.hr\/magazin\/wp-json\/wp\/v2\/posts\/56430","targetHints":{"allow":["GET"]}}],"collection":[{"href":"https:\/\/www.mojevrijeme.hr\/magazin\/wp-json\/wp\/v2\/posts"}],"about":[{"href":"https:\/\/www.mojevrijeme.hr\/magazin\/wp-json\/wp\/v2\/types\/post"}],"author":[{"embeddable":true,"href":"https:\/\/www.mojevrijeme.hr\/magazin\/wp-json\/wp\/v2\/users\/1"}],"replies":[{"embeddable":true,"href":"https:\/\/www.mojevrijeme.hr\/magazin\/wp-json\/wp\/v2\/comments?post=56430"}],"version-history":[{"count":0,"href":"https:\/\/www.mojevrijeme.hr\/magazin\/wp-json\/wp\/v2\/posts\/56430\/revisions"}],"wp:featuredmedia":[{"embeddable":true,"href":"https:\/\/www.mojevrijeme.hr\/magazin\/wp-json\/wp\/v2\/media\/56435"}],"wp:attachment":[{"href":"https:\/\/www.mojevrijeme.hr\/magazin\/wp-json\/wp\/v2\/media?parent=56430"}],"wp:term":[{"taxonomy":"category","embeddable":true,"href":"https:\/\/www.mojevrijeme.hr\/magazin\/wp-json\/wp\/v2\/categories?post=56430"},{"taxonomy":"post_tag","embeddable":true,"href":"https:\/\/www.mojevrijeme.hr\/magazin\/wp-json\/wp\/v2\/tags?post=56430"}],"curies":[{"name":"wp","href":"https:\/\/api.w.org\/{rel}","templated":true}]}}