{"id":56450,"date":"2022-02-08T17:09:07","date_gmt":"2022-02-08T16:09:07","guid":{"rendered":"https:\/\/www.mojevrijeme.hr\/magazin\/?p=56450"},"modified":"2022-02-08T18:23:18","modified_gmt":"2022-02-08T17:23:18","slug":"vilim-ribic-opet-predlaze-porez-na-nekretnine-u-kojima-ne-zivite","status":"publish","type":"post","link":"https:\/\/www.mojevrijeme.hr\/magazin\/2022\/02\/vilim-ribic-opet-predlaze-porez-na-nekretnine-u-kojima-ne-zivite\/","title":{"rendered":"Vilim Ribi\u0107 predlo\u017eio premijeru porez na nekretnine u kojima ne \u017eivite"},"content":{"rendered":"\n<p>Glavni tajnik Nezavisnog sindikata znanosti i obrazovanja te \u010dlan Gospodarsko-socijalnog vije\u0107a, <strong>Vilim Ribi\u0107<\/strong>, za N1 televiziju kazao je da je na nedavnom sastanku s premijerom <strong>Andrejom Plenkovi\u0107em<\/strong> predlagao porez na nekretnine. <\/p>\n\n\n\n<p>&#8220;Dakle ako \u010dovjek \u017eivi u nekakvoj nekretnini, onda naravno da ne\u0107ete oporezovati. Mi imamo porez na potro\u0161nju, PDV. Onaj tko je bogat ima daleko ve\u0107u masu raspolo\u017eivog dohotka, onaj tko je siroma\u0161an ima manju nakon oporezivanja. S tim novcem jednako pla\u0107aju PDV. Zna\u010di, udio poreza koji pla\u0107a siroma\u0161ni gra\u0111anin je znatno ve\u0107i nego za bogate&#8221;, ka\u017ee Ribi\u0107. <\/p>\n\n\n\n<p>&#8220;Ovdje bi oporezivali bogate i napravili redistribuciju nacionalnog bogatstva kako bi ljudi vidjeli da mogu \u017eivjeti u pravednoj zemlji&#8221;, obja\u0161njava Ribi\u0107. Ka\u017ee da redistribuciju nacionalnog bogatstva rade sve socijalne dr\u017eave te da je to ustavna kategorija.<\/p><div id=\"mojev-3304975752\" class=\"mojev-u-tekstu mojev-entity-placement\" style=\"margin-left: auto;margin-right: auto;text-align: center;\"><div class=\"mojev-adlabel\">oglas<\/div><div style=\"height: 250px;\"><script async src=\"https:\/\/pagead2.googlesyndication.com\/pagead\/js\/adsbygoogle.js?client=ca-pub-8106111766207173\"\r\n     crossorigin=\"anonymous\"><\/script>\r\n<!-- Prikazni 1 u tekstu -->\r\n<ins class=\"adsbygoogle\"\r\n     style=\"display:block\"\r\n     data-ad-client=\"ca-pub-8106111766207173\"\r\n     data-ad-slot=\"8535551207\"\r\n     data-ad-format=\"auto\"\r\n     data-full-width-responsive=\"true\"><\/ins>\r\n<script>\r\n     (adsbygoogle = window.adsbygoogle || []).push({});\r\n<\/script><\/div><\/div><br style=\"clear: both; display: block; float: none;\"\/>\n<div id=\"mojev-3438087279\" class=\"mojev-kraj-teksta mojev-entity-placement\" style=\"margin-bottom: 20px;margin-left: auto;margin-right: auto;text-align: center;\"><div class=\"mojev-adlabel\">oglas<\/div><div style=\"height: 250px;\"><script async src=\"https:\/\/pagead2.googlesyndication.com\/pagead\/js\/adsbygoogle.js?client=ca-pub-8106111766207173\"\r\n     crossorigin=\"anonymous\"><\/script>\r\n<!-- Display-1 -->\r\n<ins class=\"adsbygoogle\"\r\n     style=\"display:block\"\r\n     data-ad-client=\"ca-pub-8106111766207173\"\r\n     data-ad-slot=\"1465712950\"\r\n     data-ad-format=\"auto\"\r\n     data-full-width-responsive=\"true\"><\/ins>\r\n<script>\r\n     (adsbygoogle = window.adsbygoogle || []).push({});\r\n<\/script><\/div><\/div>","protected":false},"excerpt":{"rendered":"<p>Ka\u017ee da redistribuciju nacionalnog bogatstva rade sve socijalne dr\u017eave te da je to ustavna kategorija.<\/p>\n","protected":false},"author":1,"featured_media":14945,"comment_status":"closed","ping_status":"closed","sticky":false,"template":"","format":"standard","meta":{"footnotes":""},"categories":[9],"tags":[918,3045,573,1707],"class_list":["post-56450","post","type-post","status-publish","format-standard","has-post-thumbnail","hentry","category-vijesti","tag-imovina","tag-porez-na-nekretnine","tag-porezi","tag-vilim-ribic"],"_links":{"self":[{"href":"https:\/\/www.mojevrijeme.hr\/magazin\/wp-json\/wp\/v2\/posts\/56450","targetHints":{"allow":["GET"]}}],"collection":[{"href":"https:\/\/www.mojevrijeme.hr\/magazin\/wp-json\/wp\/v2\/posts"}],"about":[{"href":"https:\/\/www.mojevrijeme.hr\/magazin\/wp-json\/wp\/v2\/types\/post"}],"author":[{"embeddable":true,"href":"https:\/\/www.mojevrijeme.hr\/magazin\/wp-json\/wp\/v2\/users\/1"}],"replies":[{"embeddable":true,"href":"https:\/\/www.mojevrijeme.hr\/magazin\/wp-json\/wp\/v2\/comments?post=56450"}],"version-history":[{"count":0,"href":"https:\/\/www.mojevrijeme.hr\/magazin\/wp-json\/wp\/v2\/posts\/56450\/revisions"}],"wp:featuredmedia":[{"embeddable":true,"href":"https:\/\/www.mojevrijeme.hr\/magazin\/wp-json\/wp\/v2\/media\/14945"}],"wp:attachment":[{"href":"https:\/\/www.mojevrijeme.hr\/magazin\/wp-json\/wp\/v2\/media?parent=56450"}],"wp:term":[{"taxonomy":"category","embeddable":true,"href":"https:\/\/www.mojevrijeme.hr\/magazin\/wp-json\/wp\/v2\/categories?post=56450"},{"taxonomy":"post_tag","embeddable":true,"href":"https:\/\/www.mojevrijeme.hr\/magazin\/wp-json\/wp\/v2\/tags?post=56450"}],"curies":[{"name":"wp","href":"https:\/\/api.w.org\/{rel}","templated":true}]}}