{"id":56751,"date":"2022-02-17T16:45:15","date_gmt":"2022-02-17T15:45:15","guid":{"rendered":"https:\/\/www.mojevrijeme.hr\/magazin\/?p=56751"},"modified":"2022-02-17T17:36:16","modified_gmt":"2022-02-17T16:36:16","slug":"spika-kritizirao-jasnu-petrovic-i-visnju-fortunu-plenkoviceve-pudlice-i-trabanti","status":"publish","type":"post","link":"https:\/\/www.mojevrijeme.hr\/magazin\/2022\/02\/spika-kritizirao-jasnu-petrovic-i-visnju-fortunu-plenkoviceve-pudlice-i-trabanti\/","title":{"rendered":"\u0160pika kritizirao Jasnu Petrovi\u0107 i Vi\u0161nju Fortunu: Plenkovi\u0107eve pudlice i trabanti!"},"content":{"rendered":"\n<p>&#8220;Kao \u0161to se i o\u010dekivalo Vlada &nbsp;je iza\u0161la sa svojim paketom mjera kojima je po rije\u010dima premijera Plenkovi\u0107a cilj za\u0161tita pu\u010danstva od enormnog pove\u0107anja cijena energenata. Ako malo bolje pogledamo na \u010diju se sve potporu sa umirovljeni\u010dke strane pozivaju, a radi se naravno o njihovim, sada ve\u0107 vi\u0161egodi\u0161njim &#8216;pudlicama&#8217; odnosno &nbsp;SUH-u, MUH-u i HSU-u onda je jasno da se radi o samo jo\u0161 jednom spinu Vlade kojim u stvari ni\u0161ta ne rje\u0161ava. Radi se dakle o samo jo\u0161 jednom u nizu mazanja o\u010diju umirovljenicima i u pravilu uz potporu SUH-a, MUH-a i HSU-a&#8221;, stoji u objavi stranke Blok umirovljenici zajedno, s koju potpisuje predsjednik <strong>Milivoj \u0160pika<\/strong>. <\/p>\n\n\n\n<p>&#8220;Jasno je svakom utopljeniku odnosno siromahu koje dr\u017eava pogubnom politikom stvara kao na traci &nbsp;i najmanja slamka, pa makar i samo privremeno, mo\u017ee biti trenutni spas pa je isklju\u010divo gledaju\u0107i u tom kontekstu svaka pomo\u0107 ugro\u017eenoj populaciji dobro do\u0161la, no ako se malo bolje pogleda lako je zaklju\u010diti da se ovdje ne radi ni o kakvoj pomo\u0107i ve\u0107 samo o daljnjem osiroma\u0161ivanju umirovljenika. Nije li tu\u017ena istina da se nakon svake pomo\u0107i Vlade koju navodni borci odnosno Jasna Perovi\u0107 (SUH), Vi\u0161nja Fortuna (MUH), i HSU za umirovljenike &#8216;isposluju&#8217; onima kojima poma\u017eu bude samo jo\u0161 gore, a siroma\u0161nih samo jo\u0161 vi\u0161e&#8221;, pita se \u0160pika. <\/p>\n\n\n\n<p>&#8220;Da Vlada uistinu, kao i \u010desto spominjani &#8216;trabanti&#8217; \u017eele pomo\u0107i umirovljenicima onda bi se potrudili jednom brzom politi\u010dkom odlukom pove\u0107ati mirovine koje bi za npr. 20 godina sta\u017ea bile oko iznosa koji je granica siroma\u0161tva odnosno 2.900 kuna. Tko ka\u017ee da za npr. 30 godina sta\u017ea najmanja mirovinom ne mo\u017ee biti u visini minimalne pla\u0107e odnosno 3.750 kn, ili da idemo jo\u0161 korak dalje i ka\u017eemo da za npr. 41 godinom sta\u017ea i 65 godina starosti mirovina treba biti u visini 75 \u2013 80 posto neto pla\u0107e u posljednjih ili najpovoljnijih 10 godina sta\u017ea. Sve navedeno se i te kako mo\u017ee brzo provesti kada bi postojala politi\u010dka volja vladaju\u0107ih odnosno Plenkovi\u0107a.&#8221;<\/p><div id=\"mojev-3311580593\" class=\"mojev-u-tekstu mojev-entity-placement\" style=\"margin-left: auto;margin-right: auto;text-align: center;\"><div class=\"mojev-adlabel\">oglas<\/div><div style=\"height: 250px;\"><script async src=\"https:\/\/pagead2.googlesyndication.com\/pagead\/js\/adsbygoogle.js?client=ca-pub-8106111766207173\"\r\n     crossorigin=\"anonymous\"><\/script>\r\n<!-- Prikazni 1 u tekstu -->\r\n<ins class=\"adsbygoogle\"\r\n     style=\"display:block\"\r\n     data-ad-client=\"ca-pub-8106111766207173\"\r\n     data-ad-slot=\"8535551207\"\r\n     data-ad-format=\"auto\"\r\n     data-full-width-responsive=\"true\"><\/ins>\r\n<script>\r\n     (adsbygoogle = window.adsbygoogle || []).push({});\r\n<\/script><\/div><\/div><br style=\"clear: both; display: block; float: none;\"\/>\n\n\n\n<p>&#8220;Da Vlada krene sa navedenim pove\u0107anjem mirovina onda ne bi trebala sada na ovaj na\u010din &#8216;pomagati&#8217; a u stvari doslovno otimati kada je rije\u010d o mirovinama kako bi se nakon toga mogli pojaviti kao spasitelji i glumatati da poma\u017eu onima koje su prethodno osiroma\u0161ili, i sve rade na na\u010din kako bi ispalo da im velikodu\u0161no poma\u017eu, a u stvari im sa njihovim novcem &#8216;dijele milostinju&#8217;. Ova trojka takozvanih umirovljeni\u010dkih predstavnika koje HDZ \u010dvrsto dr\u017ei uz sebe je samo ve\u0107 vi\u0161e puta vi\u0111en smokvin list i slu\u017ei HDZ-u samo da umirovljenike mo\u017ee guliti i dalje&#8221;, nastavlja \u0160pika pa zaklju\u010duje: <\/p>\n\n\n\n<p>&#8220;U svemu tome je posebno smije\u0161no tobo\u017enje neslaganje HSU-a sa prijedlogom odnosno podr\u0161kom Silvana Hrelje prijedlogu HDZ-a umjesto prijedlogu vlastite stranke. Svima je poznato da Silvano Hrelja \u010dlan i saborski zastupnik HSU-a podr\u017eava Vladu HDZ-a zajedno sa svojim predsjednikom Veselkom Gabri\u010devi\u0107em pa je ovo njihovo navodne neslaganje samo jo\u0161 jedna prozirna i jadna dimna zavjesa za naivne i lakovjerne.&#8221; <\/p>\n\n\n\n<p>Odgovor Jasne Petrovi\u0107 <a href=\"https:\/\/www.mojevrijeme.hr\/magazin\/2022\/02\/petrovic-spika-je-koalirao-s-hdz-om-a-nas-naziva-plenkovicevim-pudlicama-smijesno\/\" data-type=\"post\" data-id=\"56759\">pro\u010ditajte <\/a>ovdje. <\/p>\n<div id=\"mojev-3358122908\" class=\"mojev-kraj-teksta mojev-entity-placement\" style=\"margin-bottom: 20px;margin-left: auto;margin-right: auto;text-align: center;\"><div class=\"mojev-adlabel\">oglas<\/div><div style=\"height: 250px;\"><script async src=\"https:\/\/pagead2.googlesyndication.com\/pagead\/js\/adsbygoogle.js?client=ca-pub-8106111766207173\"\r\n     crossorigin=\"anonymous\"><\/script>\r\n<!-- Display-1 -->\r\n<ins class=\"adsbygoogle\"\r\n     style=\"display:block\"\r\n     data-ad-client=\"ca-pub-8106111766207173\"\r\n     data-ad-slot=\"1465712950\"\r\n     data-ad-format=\"auto\"\r\n     data-full-width-responsive=\"true\"><\/ins>\r\n<script>\r\n     (adsbygoogle = window.adsbygoogle || []).push({});\r\n<\/script><\/div><\/div>","protected":false},"excerpt":{"rendered":"<p>Predsjednik stranke Blok umirovljenici zajedno o\u0161tro je nasrnuo na umirovljeni\u010dke aktivistkinje za koje tvrdi da rade u interesu vlade Andreja Plenkovi\u0107a. <\/p>\n","protected":false},"author":1,"featured_media":6589,"comment_status":"closed","ping_status":"closed","sticky":false,"template":"","format":"standard","meta":{"footnotes":""},"categories":[9],"tags":[3055,684,854],"class_list":["post-56751","post","type-post","status-publish","format-standard","has-post-thumbnail","hentry","category-vijesti","tag-energetski-dodatak","tag-jasna-petrovic","tag-milivoj-spika"],"_links":{"self":[{"href":"https:\/\/www.mojevrijeme.hr\/magazin\/wp-json\/wp\/v2\/posts\/56751","targetHints":{"allow":["GET"]}}],"collection":[{"href":"https:\/\/www.mojevrijeme.hr\/magazin\/wp-json\/wp\/v2\/posts"}],"about":[{"href":"https:\/\/www.mojevrijeme.hr\/magazin\/wp-json\/wp\/v2\/types\/post"}],"author":[{"embeddable":true,"href":"https:\/\/www.mojevrijeme.hr\/magazin\/wp-json\/wp\/v2\/users\/1"}],"replies":[{"embeddable":true,"href":"https:\/\/www.mojevrijeme.hr\/magazin\/wp-json\/wp\/v2\/comments?post=56751"}],"version-history":[{"count":0,"href":"https:\/\/www.mojevrijeme.hr\/magazin\/wp-json\/wp\/v2\/posts\/56751\/revisions"}],"wp:featuredmedia":[{"embeddable":true,"href":"https:\/\/www.mojevrijeme.hr\/magazin\/wp-json\/wp\/v2\/media\/6589"}],"wp:attachment":[{"href":"https:\/\/www.mojevrijeme.hr\/magazin\/wp-json\/wp\/v2\/media?parent=56751"}],"wp:term":[{"taxonomy":"category","embeddable":true,"href":"https:\/\/www.mojevrijeme.hr\/magazin\/wp-json\/wp\/v2\/categories?post=56751"},{"taxonomy":"post_tag","embeddable":true,"href":"https:\/\/www.mojevrijeme.hr\/magazin\/wp-json\/wp\/v2\/tags?post=56751"}],"curies":[{"name":"wp","href":"https:\/\/api.w.org\/{rel}","templated":true}]}}