{"id":56775,"date":"2022-02-18T08:24:19","date_gmt":"2022-02-18T07:24:19","guid":{"rendered":"https:\/\/www.mojevrijeme.hr\/magazin\/?p=56775"},"modified":"2022-02-19T11:50:28","modified_gmt":"2022-02-19T10:50:28","slug":"aladrovic-objasnio-kakva-ce-biti-procedura-za-isplatu-energetskog-dodatka","status":"publish","type":"post","link":"https:\/\/www.mojevrijeme.hr\/magazin\/2022\/02\/aladrovic-objasnio-kakva-ce-biti-procedura-za-isplatu-energetskog-dodatka\/","title":{"rendered":"Aladrovi\u0107 objasnio proceduru za isplatu energetskog dodatka umirovljenicima"},"content":{"rendered":"\n<p>Uz smanjenje PDV-a na prehrambene grupe proizvoda i energenata te subvencioniranje energenata pojedinim dru\u0161tvenim skupinama, Vlada je u sklopu mjera pomo\u0107i ubla\u017eavanja cijena rasta energenata odlu\u010dila isplatiti i energetski dodatak umirovljenicima. Njegov iznos varirat \u0107e ovisno o visini mirovine i isplatit \u0107e se jednokratno. <\/p>\n\n\n\n<p>Energetski dodatak, poru\u010duje resorni ministar&nbsp;<strong>kopija je COVID dodatka<\/strong>&nbsp;iz pro\u0161le godine, prenosi <a rel=\"noreferrer noopener\" href=\"https:\/\/dnevnik.hr\/vijesti\/hrvatska\/vlada-krece-u-krpanje-proracuna-umirovljenika---696543.html\" target=\"_blank\">Nova TV<\/a>.<\/p>\n\n\n\n<p>&#8220;Provedba \u0107e biti vrlo sli\u010dna, preko Hrvatskog zavoda za mirovinsko osiguranje, ne\u0107e biti potrebne prijave osim za one koji imaju inozemne mirovine da bi se utvrdio iznos tih mirovina&#8221;, rekao je u srijedu ministar rada, mirovinskog sustava, obitelji i socijalne politike&nbsp;<strong>Josip Aladrovi\u0107<\/strong>.<\/p><div id=\"mojev-2217375385\" class=\"mojev-u-tekstu mojev-entity-placement\" style=\"margin-left: auto;margin-right: auto;text-align: center;\"><div class=\"mojev-adlabel\">oglas<\/div><div style=\"height: 250px;\"><script async src=\"https:\/\/pagead2.googlesyndication.com\/pagead\/js\/adsbygoogle.js?client=ca-pub-8106111766207173\"\r\n     crossorigin=\"anonymous\"><\/script>\r\n<!-- Prikazni 1 u tekstu -->\r\n<ins class=\"adsbygoogle\"\r\n     style=\"display:block\"\r\n     data-ad-client=\"ca-pub-8106111766207173\"\r\n     data-ad-slot=\"8535551207\"\r\n     data-ad-format=\"auto\"\r\n     data-full-width-responsive=\"true\"><\/ins>\r\n<script>\r\n     (adsbygoogle = window.adsbygoogle || []).push({});\r\n<\/script><\/div><\/div><br style=\"clear: both; display: block; float: none;\"\/>\n\n\n\n<p>Oni prethodno trebaju Hrvatskom zavodu za mirovinsko osiguranje dostaviti dokaz o<strong>&nbsp;neto iznosu mirovine za o\u017eujak<\/strong>. Isplate \u0107e, ka\u017ee, krenuti krajem travnja ili po\u010detkom svibnja.<\/p>\n\n\n\n<ul class=\"wp-block-list\"><li>71.940 umirovljenika koji imaju mirovinu do 1.500 kuna primiti \u0107e 1.200 kuna naknade<\/li><li>116.776 umirovljenika koji imaju mirovinu do 2.000 kuna primiti \u0107e 900 kuna naknade<\/li><li>327.478 umirovljenika koji imaju mirovinu do 3.000 kuna primiti \u0107e 600 kuna naknade<\/li><li>204.486 umirovljenika koji primaju mirovinu do 4.000 kuna primiti \u0107e 400 kuna naknade<\/li><\/ul>\n<div id=\"mojev-3429079893\" class=\"mojev-kraj-teksta mojev-entity-placement\" style=\"margin-bottom: 20px;margin-left: auto;margin-right: auto;text-align: center;\"><div class=\"mojev-adlabel\">oglas<\/div><div style=\"height: 250px;\"><script async src=\"https:\/\/pagead2.googlesyndication.com\/pagead\/js\/adsbygoogle.js?client=ca-pub-8106111766207173\"\r\n     crossorigin=\"anonymous\"><\/script>\r\n<!-- Display-1 -->\r\n<ins class=\"adsbygoogle\"\r\n     style=\"display:block\"\r\n     data-ad-client=\"ca-pub-8106111766207173\"\r\n     data-ad-slot=\"1465712950\"\r\n     data-ad-format=\"auto\"\r\n     data-full-width-responsive=\"true\"><\/ins>\r\n<script>\r\n     (adsbygoogle = window.adsbygoogle || []).push({});\r\n<\/script><\/div><\/div>","protected":false},"excerpt":{"rendered":"<p>Za razliku od energetskog dodatka, vau\u010deri za socijalno ugro\u017eene kupce energenata nisu, ka\u017eu iz Vlade, usmjereni na umirovljenike osim ako ne spadaju u socijalno ugro\u017eene skupine.<\/p>\n","protected":false},"author":1,"featured_media":45992,"comment_status":"closed","ping_status":"closed","sticky":false,"template":"","format":"standard","meta":{"footnotes":""},"categories":[9],"tags":[3055,1804,875],"class_list":["post-56775","post","type-post","status-publish","format-standard","has-post-thumbnail","hentry","category-vijesti","tag-energetski-dodatak","tag-josip-aladrovic","tag-poskupljenje"],"_links":{"self":[{"href":"https:\/\/www.mojevrijeme.hr\/magazin\/wp-json\/wp\/v2\/posts\/56775","targetHints":{"allow":["GET"]}}],"collection":[{"href":"https:\/\/www.mojevrijeme.hr\/magazin\/wp-json\/wp\/v2\/posts"}],"about":[{"href":"https:\/\/www.mojevrijeme.hr\/magazin\/wp-json\/wp\/v2\/types\/post"}],"author":[{"embeddable":true,"href":"https:\/\/www.mojevrijeme.hr\/magazin\/wp-json\/wp\/v2\/users\/1"}],"replies":[{"embeddable":true,"href":"https:\/\/www.mojevrijeme.hr\/magazin\/wp-json\/wp\/v2\/comments?post=56775"}],"version-history":[{"count":0,"href":"https:\/\/www.mojevrijeme.hr\/magazin\/wp-json\/wp\/v2\/posts\/56775\/revisions"}],"wp:featuredmedia":[{"embeddable":true,"href":"https:\/\/www.mojevrijeme.hr\/magazin\/wp-json\/wp\/v2\/media\/45992"}],"wp:attachment":[{"href":"https:\/\/www.mojevrijeme.hr\/magazin\/wp-json\/wp\/v2\/media?parent=56775"}],"wp:term":[{"taxonomy":"category","embeddable":true,"href":"https:\/\/www.mojevrijeme.hr\/magazin\/wp-json\/wp\/v2\/categories?post=56775"},{"taxonomy":"post_tag","embeddable":true,"href":"https:\/\/www.mojevrijeme.hr\/magazin\/wp-json\/wp\/v2\/tags?post=56775"}],"curies":[{"name":"wp","href":"https:\/\/api.w.org\/{rel}","templated":true}]}}