{"id":56778,"date":"2022-02-20T11:47:00","date_gmt":"2022-02-20T10:47:00","guid":{"rendered":"https:\/\/www.mojevrijeme.hr\/magazin\/?p=56778"},"modified":"2022-02-20T23:49:10","modified_gmt":"2022-02-20T22:49:10","slug":"ni-u-mirovini-nema-pravice-umirovljenice-su-uglavnom-siromasnije-od-umirovljenika","status":"publish","type":"post","link":"https:\/\/www.mojevrijeme.hr\/magazin\/2022\/02\/ni-u-mirovini-nema-pravice-umirovljenice-su-uglavnom-siromasnije-od-umirovljenika\/","title":{"rendered":"Ni u mirovini nema pravice: Umirovljenice su, uglavnom, siroma\u0161nije od umirovljenika"},"content":{"rendered":"\n<p>U isto vrijeme kada Hrvatska treba s kune prije\u0107i na euro po\u010detkom 2023. godine, prema obe\u0107anjima vladaju\u0107ih trebao bi krenuti i druga\u010diji na\u010din isplate obiteljskih mirovina. Kako \u0107e novi model to\u010dno izgledati, jo\u0161 se utvr\u0111uje unutar radne skupine Nacionalnog vije\u0107a za umirovljenike i starije osobe. <\/p>\n\n\n\n<p>Zakon bi trebao ugledati svjetlo dana do srpnja, najavio je nedavno u Saboru resorni ministar. Udovicama i udovcima omogu\u0107it \u0107e se izbor koji dosad nisu imali, uz vlastitu mirovinu dobivati i dio mirovine supru\u017enika od 10 do 50 posto, ovisno o tome koliko je pokojna osoba bila u sustavu mirovinskog osiguranja. Ili zbog niskog iznosa vlastite odabrati mirovinu pokojnog supru\u017enika koji bi se sa sada\u0161njih 70 pove\u0107ao najvi\u0161e na 80 posto. <\/p>\n\n\n\n<h3 class=\"wp-block-heading\">U i\u0161\u010dekivanju novog modela obiteljskih mirovina<\/h3>\n\n\n\n<p>Ostaje pri\u010dekati i vidjeti ho\u0107e li to i koliko olak\u0161ati budu\u0107nost tom dijelu umirovljenica, koje ionako prema statistikama, financijski zaostaju u odnosu prema mu\u0161karcima. Naime, razlika u mirovinama nastavlja se na onu me\u0111u pla\u0107ama i u naravi zna\u010di \u010dak 15 posto manja primanja. Ta je nejednakost dodatni uteg za same starije \u017eene, koje su ionako i samim statusom &#8216;hrvatskog umirovljenika&#8217; ve\u0107 izlo\u017eene pove\u0107anom riziku od siroma\u0161tva. No rijetke \u0107e o svojoj te\u0161koj situaciji otvoreno progovoriti, pa za njih to redovno \u010dine i nadle\u017ene upozoravaju umirovljeni\u010dke aktivistkinje i udruge.<\/p><div id=\"mojev-2418725631\" class=\"mojev-u-tekstu mojev-entity-placement\" style=\"margin-left: auto;margin-right: auto;text-align: center;\"><div class=\"mojev-adlabel\">oglas<\/div><div style=\"height: 250px;\"><script async src=\"https:\/\/pagead2.googlesyndication.com\/pagead\/js\/adsbygoogle.js?client=ca-pub-8106111766207173\"\r\n     crossorigin=\"anonymous\"><\/script>\r\n<!-- Prikazni 1 u tekstu -->\r\n<ins class=\"adsbygoogle\"\r\n     style=\"display:block\"\r\n     data-ad-client=\"ca-pub-8106111766207173\"\r\n     data-ad-slot=\"8535551207\"\r\n     data-ad-format=\"auto\"\r\n     data-full-width-responsive=\"true\"><\/ins>\r\n<script>\r\n     (adsbygoogle = window.adsbygoogle || []).push({});\r\n<\/script><\/div><\/div><br style=\"clear: both; display: block; float: none;\"\/>\n\n\n\n<p>Ovom prilikom nam je za Mojevrijeme.hr vi\u0161e o samoj situaciji na terenu ispri\u010dala \u010delnica novozagreba\u010dkog ogranka Matice umirovljenika Hrvatske, podru\u017enice Botinec <strong>\u0160tefanija Merka\u0161<\/strong> (76).\u00a0<\/p>\n\n\n\n<p>Ona je nedavno ostala bez supruga koji je uslijed bolesti preminuo u 83. godini. S dvije mirovine njih dvoje su lijepo \u017eivjeli, napominje. No rastavila ih je bolest, \u0161to nitko ne mo\u017ee sprije\u010diti. Pred sobom su imali jo\u0161 mnogo planova za budu\u0107nost, ali smrt je sve prekinula. Iako \u0107e gospo\u0111a \u0160tefanija nadalje morati sama, zadovoljna je \u0161to \u0107e se mo\u0107i osloniti samo na svoju mirovinu kad su u pitanju \u017eivotni tro\u0161kovi. Ina\u010de, u mirovini je ve\u0107 21 godinu. A cijeli radni vijek, punih 38 godina provela je na poslu obra\u010duna pla\u0107a u jednoj od najstarijih doma\u0107ih tvrtki Klara Zagreb s tradicijom duljom od 150 godina.\u00a0<\/p>\n\n\n\n<h3 class=\"wp-block-heading\">U riziku od siroma\u0161tva ve\u0107inom \u017eene s radni\u010dkom mirovinom<\/h3>\n\n\n\n<p>&#8220;Radila sam na takvom poslu i rukovoditeljskoj poziciji tako da mogu lijepo \u017eivjeti. Za razliku od mnogih drugih umirovljenica s ovog na\u0161eg podru\u010dja koje su suo\u010dene s puno te\u017eim socijalnim situacijama&#8221;, upozorava i odmah dodaje. Bez obzira jesu li poput nje tako\u0111er ostale udovice, \u017eive li otprije u sama\u010dkom ku\u0107anstvu jer su se razi\u0161le sa \u017eivotnim partnerom ili su, pak, umirovljeni\u010dke dane do\u010dekale prinudno, zbog neke bolesti ili zdravstvenog stanja, pa su u invalidskoj mirovini. Okolnosti mogu biti razli\u010dite, no op\u0107enito \u017eene su u mirovini u vidno nepovoljnijem polo\u017eaju, primje\u0107uje na\u0161a sugovornica.\u00a0<\/p>\n\n\n\n<figure class=\"wp-block-image size-large\"><img loading=\"lazy\" decoding=\"async\" width=\"740\" height=\"444\" src=\"https:\/\/www.mojevrijeme.hr\/magazin\/wp-content\/uploads\/2022\/02\/stefanija-merkas-740x444.jpg\" alt=\"\" class=\"wp-image-56822\" srcset=\"https:\/\/www.mojevrijeme.hr\/magazin\/wp-content\/uploads\/2022\/02\/stefanija-merkas-740x444.jpg 740w, https:\/\/www.mojevrijeme.hr\/magazin\/wp-content\/uploads\/2022\/02\/stefanija-merkas-636x382.jpg 636w, https:\/\/www.mojevrijeme.hr\/magazin\/wp-content\/uploads\/2022\/02\/stefanija-merkas-768x461.jpg 768w, https:\/\/www.mojevrijeme.hr\/magazin\/wp-content\/uploads\/2022\/02\/stefanija-merkas-1536x922.jpg 1536w, https:\/\/www.mojevrijeme.hr\/magazin\/wp-content\/uploads\/2022\/02\/stefanija-merkas-1500x900.jpg 1500w, https:\/\/www.mojevrijeme.hr\/magazin\/wp-content\/uploads\/2022\/02\/stefanija-merkas-1600x960.jpg 1600w, https:\/\/www.mojevrijeme.hr\/magazin\/wp-content\/uploads\/2022\/02\/stefanija-merkas-590x354.jpg 590w, https:\/\/www.mojevrijeme.hr\/magazin\/wp-content\/uploads\/2022\/02\/stefanija-merkas-400x240.jpg 400w, https:\/\/www.mojevrijeme.hr\/magazin\/wp-content\/uploads\/2022\/02\/stefanija-merkas-1000x600.jpg 1000w, https:\/\/www.mojevrijeme.hr\/magazin\/wp-content\/uploads\/2022\/02\/stefanija-merkas-820x492.jpg 820w, https:\/\/www.mojevrijeme.hr\/magazin\/wp-content\/uploads\/2022\/02\/stefanija-merkas-1080x648.jpg 1080w, https:\/\/www.mojevrijeme.hr\/magazin\/wp-content\/uploads\/2022\/02\/stefanija-merkas.jpg 2000w\" sizes=\"auto, (max-width: 740px) 100vw, 740px\" \/><figcaption>\u0160tefanija Merka\u0161 (foto: Vlatka Koren)<\/figcaption><\/figure>\n\n\n\n<p>Pri tom je \u010dinjenica da u botine\u010dkom ogranku imaju dosta takvih slu\u010dajeva dodatni poticaj gospo\u0111i \u0160tefaniji da se nastavi anga\u017eirati oko organiziranja aktivnosti kojima mogu animirati zajednicu i makar sadr\u017eajima pomo\u0107i najugro\u017eenijim \u010dlanicama. U njezinu slu\u010daju, razlika izme\u0111u vlastite i mirovine pokojnog supruga bila je 70 kuna. Zbog toga nije ni \u017eeljela, niti u novim, sama\u010dkim okolnostima bila prisiljena odlu\u010divati s kojim \u0107e primanjem dalje.&nbsp;<\/p>\n\n\n\n<p>S druge strane, mnoge kolegice u ogranku od ukupno stotinu \u010dlanova, na\u017ealost, nisu u takvoj poziciji i \u017eive prili\u010dno te\u0161ko, posvjedo\u010dila je.<\/p>\n\n\n\n<p>&#8220;Dru\u017eimo se ve\u0107 12 godina i mogu vam re\u0107i da ima svakakvih sudbina. Negdje oko 80 posto na\u0161ih \u017eena je socijalno ugro\u017eeno. Ima nas tek dvadesetak da u ovim dana\u0161njim okolnostima mo\u017eemo relativno dobro \u017eivjeti. A sada unatrag dvije godine, sve te na\u0161e \u010dlanice pored financijskih imaju dodatnu pote\u0161ko\u0107u do koje ne bi do\u0161lo da nije ove nesretne pandemije korone. A to su psiholo\u0161ko stanje, usamljenost, prekinuti socijalni kontakti. Tako da sada preko Matice poku\u0161avamo kroz edukaciju, uz savjete i pomo\u0107 patrona\u017ene sestre osvijestiti va\u017enost brige za zdravlje. Idu\u0107i tjedan \u0107e biti predavanje o dijabetesu i povi\u0161enom tlaku, da malo podsjetimo ljude na potrebno pra\u0107enje i mjerenje ako imaju te probleme.\u00a0 Oko mirovina, na\u017ealost, ionako sami ne mo\u017eemo ni\u0161ta.&#8221;<\/p>\n\n\n\n<p>Ve\u0107ina \u010dlanova Mati\u010dinog ogranka Novi Zagreb u mirovinu je oti\u0161la s radni\u010dkih pla\u0107a, sa srednjom ili ni\u017eom stru\u010dnom spremom, i to u razdoblju od 1997., 1998. godine. Kao \u0161to je poznato, prema do tada va\u017ee\u0107im uvjetima i zakonu, za izra\u010dun se uzimao prosjek pla\u0107e u deset najboljih uzastopnih godina. S novim zakonom nakon 1998. pove\u0107avao se broj godina koji se uzimao za osnovu izra\u010duna, a postotak prosjeka se 2000. smanjio sa 85 posto na 75 nakon 2005. da bi spalo na aktualnih 37 do 39 posto prosjeka pla\u0107e. Takvo upravljanje i na\u0161a \u010duvena logika rezultirali su apsurdom &#8211; ve\u0107im primanjima za manje sta\u017ea, odnosno manjim mirovinama za dulji rad, unato\u010d uskla\u0111enjima s inflacijom i pla\u0107ama.\u00a0\u00a0<\/p>\n\n\n\n<p>&#8220;Zato su i te razlike u socijali velike. To vi\u0161e nitko ne mo\u017ee spasiti, jedino dr\u017eava promjenama zakona i subvencioniranjem tih razlika. Za \u0161to ne vjerujem da \u0107e do\u0107i za mog \u017eivota, mislim da od toga ne bude ni\u0161ta. Ali tu bi se dalo puno toga napraviti&#8221;, primje\u0107uje gospo\u0111a \u0160tefanija.\u00a0<\/p>\n\n\n\n<h3 class=\"wp-block-heading\">Udovice ve\u0107inom u ugro\u017eenoj socijalnoj skupini<\/h3>\n\n\n\n<p>Pandemija je svima ote\u017eala \u017eivot pa tako i ovim umirovljenicima, pogotovo \u017eenama koje \u017eive same.\u00a0&#8220;Nakon ove dvije godine, korone, cijepljenja i svega, \u017eeljne su susreta i razgovora. Svakoj od njih koja nema svoj stan ili ku\u0107u, vlastite djece, supruga ili partnera, s mirovinom im je jako te\u0161ko. Evo, jedna gospo\u0111a koja nam se danas trebala pridru\u017eiti na kreativnoj radionici, ali je bila sprije\u010dena, ima 1.670 kuna mjese\u010dno. \u017dena \u017eivi sama, mu\u017e je oti\u0161ao, napustio ju je jo\u0161 za vrijeme rata. Ima odraslu k\u0107er koja ima svoju obitelj i \u017eivot dalje od Zagreba. Povremeno do\u0111e u posjet, tu i tamo joj donese ne\u0161to, koliko mo\u017ee. Ta je umirovljenica uvijek na popisu kad u ogranku tra\u017eimo ne\u0161to, neke pakete ili drugu pomo\u0107 kako bi odnijeli najugro\u017eenijima. Prije dvije, tri godine po ku\u0107ama smo redovno nosili po petnaestak paketa \u0161to smo dobivali od grada. Sada toga nema. A ne mo\u017eete samo tako ni u ku\u0107u ljudima zbog korone i svega.<\/p>\n\n\n\n<p>&#8220;Bili smo k tome o\u0161te\u0107eni i za \u010dlanarinu. Ali dobro, ljudi su se tek sad malo probudili. Po\u010deli su opet dolaziti na aktivnosti koje organiziramo; od nordijskog hodanja, \u0161aha do zbora, a i \u010dlanarine su krenule. Mirovinu im ne mo\u017eemo popraviti, ali ne\u0161to ipak zajedno mo\u017eemo&#8221;, navodi na\u0161a sugovornica. Ova baka \u010detvero ve\u0107 velikih unuka apelira na vr\u0161njake da se ne predaju. Iako je situacija u kojoj jedan supru\u017enik ostane bez drugog, re\u0107i \u0107e, katastrofa. Ne \u010dude stoga velika i\u0161\u010dekivanja promjene u na\u010dinu isplati obiteljske mirovine. U tom su dijelu \u017eene u pravilu zakinutije, dok se istovremeno kroz godine pove\u0107ava razlika izme\u0111u prosje\u010dnih &#8220;\u017eenskih&#8221; i &#8220;mu\u0161kih&#8221; mirovina, taj je jaz dosegnuo \u010dak 15 posto 2020.<\/p>\n\n\n\n<p>&#8220;Bila sam na jednom od sastanaka umirovljenika oko toga i apelirala da trebamo preuzeti zapadnja\u010dki model odnosno omogu\u0107imo taj odre\u0111eni dodatak iza pokojnog supru\u017enika. Prva katastrofa je samo\u0107a, a kad se otkine i polovina primanja ku\u0107anstvu koje je recimo imalo ukupno tek \u010detiri tisu\u0107e kuna, to je dodatni udar. A taj postotak na vlastitu mirovinu \u017eeni je u toj situaciji, kao i mu\u0161kome naravno, du\u0161u dalo da uop\u0107e nekako pre\u017eivi. Ina\u010de \u010dovjek stane. Sad imamo jedan takav slu\u010daj, gospodin je umro, a supruga ka\u017ee, ne zna \u0161to \u0107e dalje. Radila je u tekstilnoj industriji Vesna, mirovina je oko 2.600 kuna. Samo re\u017eije su joj 1.700 kuna tako da se pitam kako \u0107e ona s tim \u017eivjeti. Ali to je neminovno, prema va\u017ee\u0107em zakonu to je \u017ealosna hrvatska stvarnost. Jedini mogu\u0107i izbor sada je 70 posto supru\u017enikove mirovine, ako je bila ve\u0107a. U slu\u010daju da su bile podjednake \u017eenama se u kona\u010dnici to ne isplati&#8221;, obja\u0161njava Merka\u0161. I podsje\u0107a da manje od oko 170 tisu\u0107a umirovljenika u Hrvatskoj mjese\u010dno \u017eivi s primanjem iznad 4.000 kuna.\u00a0<\/p>\n\n\n\n<h3 class=\"wp-block-heading\">Ranjiva skupina tako\u0111er rastavljene i \u017eene u invalidskoj mirovini<\/h3>\n\n\n\n<p>Sve je krenulo nizbrdo jo\u0161 s pretvorbom, zaklju\u010duje <strong>Selma Tomi\u0107 <\/strong>(61). U prijevremenu mirovinu ova je rastavljena majka dviju odraslih k\u0107eri oti\u0161la prije \u010detiri godine. Zadnji posao bio je onaj sprema\u010dice, a ve\u0107inu radnog vijeka do promjene dru\u0161tvenog modela u javno-privatni provela je u ugostiteljstvu. Priu\u010dena za trgovkinju, to nikada nije radila. Nakon godina poslu\u017eivanja za \u0161ankom, premje\u0161tena je u kuhinju s obja\u0161njenjem da &#8220;nitko u lokalu ne \u017eeli staru konobaricu&#8221;. Pla\u0107a je i tada ovisila o tome koliko i gdje ima posla, a s privatizacijom je, ka\u017ee, sve oti\u0161lo k vragu pa tako i desetak lokala u Zagrebu u sklopu ugostiteljskog poduze\u0107a u kojem je bila zaposlena.<\/p>\n\n\n\n<figure class=\"wp-block-image size-large\"><img loading=\"lazy\" decoding=\"async\" width=\"740\" height=\"444\" src=\"https:\/\/www.mojevrijeme.hr\/magazin\/wp-content\/uploads\/2022\/02\/selma-tomic-740x444.jpg\" alt=\"\" class=\"wp-image-56825\" srcset=\"https:\/\/www.mojevrijeme.hr\/magazin\/wp-content\/uploads\/2022\/02\/selma-tomic-740x444.jpg 740w, https:\/\/www.mojevrijeme.hr\/magazin\/wp-content\/uploads\/2022\/02\/selma-tomic-636x382.jpg 636w, https:\/\/www.mojevrijeme.hr\/magazin\/wp-content\/uploads\/2022\/02\/selma-tomic-768x461.jpg 768w, https:\/\/www.mojevrijeme.hr\/magazin\/wp-content\/uploads\/2022\/02\/selma-tomic-1536x922.jpg 1536w, https:\/\/www.mojevrijeme.hr\/magazin\/wp-content\/uploads\/2022\/02\/selma-tomic-1500x900.jpg 1500w, https:\/\/www.mojevrijeme.hr\/magazin\/wp-content\/uploads\/2022\/02\/selma-tomic-1600x960.jpg 1600w, https:\/\/www.mojevrijeme.hr\/magazin\/wp-content\/uploads\/2022\/02\/selma-tomic-590x354.jpg 590w, https:\/\/www.mojevrijeme.hr\/magazin\/wp-content\/uploads\/2022\/02\/selma-tomic-400x240.jpg 400w, https:\/\/www.mojevrijeme.hr\/magazin\/wp-content\/uploads\/2022\/02\/selma-tomic-1000x600.jpg 1000w, https:\/\/www.mojevrijeme.hr\/magazin\/wp-content\/uploads\/2022\/02\/selma-tomic-820x492.jpg 820w, https:\/\/www.mojevrijeme.hr\/magazin\/wp-content\/uploads\/2022\/02\/selma-tomic-1080x648.jpg 1080w, https:\/\/www.mojevrijeme.hr\/magazin\/wp-content\/uploads\/2022\/02\/selma-tomic.jpg 2000w\" sizes=\"auto, (max-width: 740px) 100vw, 740px\" \/><figcaption>Selma Tomi\u0107 (foto: Vlatka Koren)<\/figcaption><\/figure>\n\n\n\n<p>&#8220;Mijenjale su se firme i radi\u0161 \u0161to ima, a \u0161to si stariji, sve je te\u017ee na\u0107i posao u struci. Radila sam u kuhinji Izbor je sve manji i kada do\u0111ete u odre\u0111ene godine, izra\u0111eni ste&#8221;, podsje\u0107a gospo\u0111a Selma. \u2018\u2019Radite \u0161to ima samo da dogurate do mirovine, starosne, prijevremene, kako tko mo\u017ee izdr\u017eati. Ja sam oti\u0161la ranije zbog zdravlja. Ki\u010dma ne podnosi dugotrajno stajanje. Nakon 36 godina radnog sta\u017ea bole ruke, noge, sve i nema\u0161 kuda. Ugostiteljstvo je lijepo zanimanje, ali u nekim godinama jednostavno vi\u0161e ne mo\u017eete.&#8221;<\/p>\n\n\n\n<p>Ova baka \u010detvero unuka mjesec va\u017ee prema odresku mirovine, s ovom posljednjom povi\u0161icom prima 1.965 kuna. Uz otkup stana koji jo\u0161 uvijek otpla\u0107uje, sa \u017eivotnim tro\u0161kovima i njezin se mjesec uglavnom raste\u017ee. Od kulturnih doga\u0111anja sve se svodi na izlo\u017ebe, zborske nastupe i kreativne radionice koje organiziraju u botine\u010dkoj podru\u017enici MUH-a. Kino, kazali\u0161te, sportske priredbe ve\u0107 su prili\u010dan izdatak.<\/p>\n\n\n\n<p>&#8220;Jednostavno, puno toga ne mo\u017eete si priu\u0161titi. Recimo, ovaj mjesec do\u0161la je razlika struje. Odluka je jasna ili se smrzava\u0161 ili se grije\u0161, a ako se grije\u0161, onda to i plati\u0161. A grijanje je na struju i kaj da vam velim.&#8221; Kao i ostaloj 721 tisu\u0107i umirovljenika s mirovinama do 4.000 kuna i njoj bi kakvo takvo olak\u0161anje trebao biti jednokratni energetski dodatak, od 400 do 1.200 kuna ovisno u kojoj su od \u010detiri financijske kategorije.<\/p>\n\n\n\n<p>Zbog naru\u0161enog zdravlja u mirovini, ali onoj invalidskoj je i <strong>Marija Galjuf<\/strong> (41). Njezin, spram hrvatskog prosjeka kratak radni vijek pokazuje jo\u0161 jednu boljku tr\u017ei\u0161ta rada, a posljedi\u010dno onda i iznosa mirovina.&nbsp;<\/p>\n\n\n\n<p>&#8220;Da mi se upisao sav sta\u017e, imala bih puno vi\u0161e od 15 godina. No, ve\u0107inom sam radila neprijavljena, na crno, to se bolje pla\u0107alo po\u0161to se nisu pla\u0107ali doprinosi, dopunsko i automatski se dobila ve\u0107a pla\u0107a. A raditi sam po\u010dela kak\u2019 sam zavr\u0161ila osnovnu \u0161kolu, od svoje 13 godine.&#8221;<\/p>\n\n\n\n<p>Razlog po\u010detku rada u maloljetni\u010dkoj dobi bile su mu\u010dne obiteljske okolnosti. Nakon tragi\u010dnog gubitka oca, majka je odredila Mariji da financijski pomogne oko dvoje mla\u0111ih, sestre i brata. &#8220;Iskreno ne znam \u0161to to zna\u010di u\u017eivati. Radila sam jo\u0161 kao dijete, u \u017eivotu nisam bila u disku. Sa 16 sam radila u kafi\u0107u, gdje sam skoro dobila metak u glavu od jednog gosta.&#8221;<\/p>\n\n\n\n<figure class=\"wp-block-image size-large\"><img loading=\"lazy\" decoding=\"async\" width=\"740\" height=\"444\" src=\"https:\/\/www.mojevrijeme.hr\/magazin\/wp-content\/uploads\/2022\/02\/marija-galjuf-740x444.jpg\" alt=\"\" class=\"wp-image-56826\" srcset=\"https:\/\/www.mojevrijeme.hr\/magazin\/wp-content\/uploads\/2022\/02\/marija-galjuf-740x444.jpg 740w, https:\/\/www.mojevrijeme.hr\/magazin\/wp-content\/uploads\/2022\/02\/marija-galjuf-636x382.jpg 636w, https:\/\/www.mojevrijeme.hr\/magazin\/wp-content\/uploads\/2022\/02\/marija-galjuf-768x461.jpg 768w, https:\/\/www.mojevrijeme.hr\/magazin\/wp-content\/uploads\/2022\/02\/marija-galjuf-1536x922.jpg 1536w, https:\/\/www.mojevrijeme.hr\/magazin\/wp-content\/uploads\/2022\/02\/marija-galjuf-1500x900.jpg 1500w, https:\/\/www.mojevrijeme.hr\/magazin\/wp-content\/uploads\/2022\/02\/marija-galjuf-1600x960.jpg 1600w, https:\/\/www.mojevrijeme.hr\/magazin\/wp-content\/uploads\/2022\/02\/marija-galjuf-590x354.jpg 590w, https:\/\/www.mojevrijeme.hr\/magazin\/wp-content\/uploads\/2022\/02\/marija-galjuf-400x240.jpg 400w, https:\/\/www.mojevrijeme.hr\/magazin\/wp-content\/uploads\/2022\/02\/marija-galjuf-1000x600.jpg 1000w, https:\/\/www.mojevrijeme.hr\/magazin\/wp-content\/uploads\/2022\/02\/marija-galjuf-820x492.jpg 820w, https:\/\/www.mojevrijeme.hr\/magazin\/wp-content\/uploads\/2022\/02\/marija-galjuf-1080x648.jpg 1080w, https:\/\/www.mojevrijeme.hr\/magazin\/wp-content\/uploads\/2022\/02\/marija-galjuf.jpg 2000w\" sizes=\"auto, (max-width: 740px) 100vw, 740px\" \/><figcaption>Marija Galjuf (foto: Vlatka Koren)<\/figcaption><\/figure>\n\n\n\n<p>S tog radnog mjesta oti\u0161la je dalje i na preporuke radila najvi\u0161e poslove na gra\u0111evini. Mirovina joj se sad popela na 1.205 kuna. &#8220;Nas je \u010detvero doma. Sin i suprug rade na dostavi hrane, prvoga dobiju pola pla\u0107e. K\u0107er je zadnja godina medicinske \u0161kole, razmi\u0161lja nastaviti dalje. A kaj si s ovom mojom mirovinom u svemu tome ja mogu priu\u0161titi, mo\u017eete si misliti. Ni\u0161ta!&#8221; zaklju\u010duje gospo\u0111a Marija.\u00a0\u00a0\u00a0<\/p>\n\n\n\n<p>Tu su i dva kredita pozajmice za kupovinu automobila da sin koji je po struci kuhar tako\u0111er sa zdravstvenim problemima mo\u017ee raditi dodatnu dostavu. No, vozilo je starijeg datuma, nedavno se pokvarilo, a za popravak trenutno nemaju novca. U zdravstvenom kartonu Marija ima nekoliko dijagnoza, izme\u0111u ostalih PTSP-a i te\u0161ke depresije kao posljedica djetinjstva kojeg u pravom smislu zapravo nije imala. Doista, sna\u017eniju metaforu od ove za generalni opis umirovljeni\u010dke realnosti u Hrvatskoj ne mo\u017eemo zamisliti.<\/p>\n\n\n\n<div id=\"blokovi\"><img decoding=\"async\" src=\"https:\/\/www.mojevrijeme.hr\/magazin\/wp-content\/uploads\/2020\/09\/esf-lenta.jpg\">\nOvaj prilog objavljen je u sklopu projekta \u201cNovo vrijeme\u201d. Projekt je sufinancirala\nEuropska unija sredstvima Europskog socijalnog fonda. Sadr\u017eaj priloga isklju\u010diva\nje odgovornost Udruge Ho\u0107u stranicu.<\/div>\n\n\n\n<p><\/p>\n<div id=\"mojev-2811240501\" class=\"mojev-kraj-teksta mojev-entity-placement\" style=\"margin-bottom: 20px;margin-left: auto;margin-right: auto;text-align: center;\"><div class=\"mojev-adlabel\">oglas<\/div><div style=\"height: 250px;\"><script async src=\"https:\/\/pagead2.googlesyndication.com\/pagead\/js\/adsbygoogle.js?client=ca-pub-8106111766207173\"\r\n     crossorigin=\"anonymous\"><\/script>\r\n<!-- Display-1 -->\r\n<ins class=\"adsbygoogle\"\r\n     style=\"display:block\"\r\n     data-ad-client=\"ca-pub-8106111766207173\"\r\n     data-ad-slot=\"1465712950\"\r\n     data-ad-format=\"auto\"\r\n     data-full-width-responsive=\"true\"><\/ins>\r\n<script>\r\n     (adsbygoogle = window.adsbygoogle || []).push({});\r\n<\/script><\/div><\/div>","protected":false},"excerpt":{"rendered":"<p>Velika ve\u0107ina umirovljenika u Hrvatskoj \u017eivi na rubu siroma\u0161tva. Manje od 2.500 kuna mjese\u010dno prima \u010dak oko 635 tisu\u0107a osoba, podaci su HZMO-a s kraja pro\u0161le godine. U opasnosti od siroma\u0161tva nalazi se svaki tre\u0107i umirovljenik. \u017dene su pri tom dodatno izlo\u017eene. Godinama se tiho pove\u0107ava razlika izme\u0111u njihovih i mirovina mu\u0161karaca, iako ih jednako poga\u0111aju rastu\u0107i \u017eivotni tro\u0161kovi. Najavljeno smanjenje PDV-a na 5 posto za meso, ribu, vo\u0107e, povr\u0107e, ulja i masti te plin (od ovog travnja do kraja o\u017eujka idu\u0107e godine) dobrodo\u0161la je kap u oceanu potreba. O\u010dekivanja su daleko ve\u0107a od novog modela obiteljskih mirovina koji bi trebao za\u017eivjeti po\u010detkom 2023.<\/p>\n","protected":false},"author":12,"featured_media":56833,"comment_status":"closed","ping_status":"closed","sticky":false,"template":"","format":"standard","meta":{"footnotes":""},"categories":[9],"tags":[2339,3012,237,122],"class_list":["post-56778","post","type-post","status-publish","format-standard","has-post-thumbnail","hentry","category-vijesti","tag-novo-vrijeme","tag-rodna-neravnopravnost","tag-siromastvo","tag-zene"],"_links":{"self":[{"href":"https:\/\/www.mojevrijeme.hr\/magazin\/wp-json\/wp\/v2\/posts\/56778","targetHints":{"allow":["GET"]}}],"collection":[{"href":"https:\/\/www.mojevrijeme.hr\/magazin\/wp-json\/wp\/v2\/posts"}],"about":[{"href":"https:\/\/www.mojevrijeme.hr\/magazin\/wp-json\/wp\/v2\/types\/post"}],"author":[{"embeddable":true,"href":"https:\/\/www.mojevrijeme.hr\/magazin\/wp-json\/wp\/v2\/users\/12"}],"replies":[{"embeddable":true,"href":"https:\/\/www.mojevrijeme.hr\/magazin\/wp-json\/wp\/v2\/comments?post=56778"}],"version-history":[{"count":0,"href":"https:\/\/www.mojevrijeme.hr\/magazin\/wp-json\/wp\/v2\/posts\/56778\/revisions"}],"wp:featuredmedia":[{"embeddable":true,"href":"https:\/\/www.mojevrijeme.hr\/magazin\/wp-json\/wp\/v2\/media\/56833"}],"wp:attachment":[{"href":"https:\/\/www.mojevrijeme.hr\/magazin\/wp-json\/wp\/v2\/media?parent=56778"}],"wp:term":[{"taxonomy":"category","embeddable":true,"href":"https:\/\/www.mojevrijeme.hr\/magazin\/wp-json\/wp\/v2\/categories?post=56778"},{"taxonomy":"post_tag","embeddable":true,"href":"https:\/\/www.mojevrijeme.hr\/magazin\/wp-json\/wp\/v2\/tags?post=56778"}],"curies":[{"name":"wp","href":"https:\/\/api.w.org\/{rel}","templated":true}]}}