{"id":56858,"date":"2022-02-22T09:01:19","date_gmt":"2022-02-22T08:01:19","guid":{"rendered":"https:\/\/www.mojevrijeme.hr\/magazin\/?p=56858"},"modified":"2022-02-22T09:01:20","modified_gmt":"2022-02-22T08:01:20","slug":"aladrovic-o-optuzbama-nikada-nikome-nisam-pogodovao-prilikom-zaposaljavanja","status":"publish","type":"post","link":"https:\/\/www.mojevrijeme.hr\/magazin\/2022\/02\/aladrovic-o-optuzbama-nikada-nikome-nisam-pogodovao-prilikom-zaposaljavanja\/","title":{"rendered":"Aladrovi\u0107 o optu\u017ebama: &#8216;Nikada nikome nisam pogodovao prilikom zapo\u0161aljavanja&#8217;"},"content":{"rendered":"\n<p>Ministar rada, mirovinskoga sustava, obitelji i socijalne politike\u00a0<strong>Josip Aladrovi\u0107<\/strong>\u00a0za <a href=\"https:\/\/www.jutarnji.hr\/vijesti\/hrvatska\/aladrovic-nikada-nikome-nisam-pogodovao-premijer-uvijek-ima-moj-mandat-na-raspolaganju-15161272\" target=\"_blank\" rel=\"noreferrer noopener\">Jutarnji list<\/a> izjavio je da nije radio ni\u0161ta protivno zakonu te da nije pogodovao pri ni\u010dijem zapo\u0161ljavanju u HZMO.<\/p>\n\n\n\n<p>&#8220;Nitko me nije kontaktirao niti sam bilo \u0161to dobio od USKOK-a, tako da o navodnim optu\u017ebama znam samo iz medija. Ali, naravno, odazvat \u0107u se svakom pozivu ako do toga do\u0111e&#8221;, kazao je Aladrovi\u0107. Na navod da ga se navodno sumnji\u010di za nezakonito zapo\u0161ljavanje konkretnih osoba, ustvrdio je da mu njihova imena nisu poznata.<\/p>\n\n\n\n<p>&#8220;Od tih doga\u0111aja pro\u0161lo je \u010detiri godine. U vrijeme dok sam upravljao sustavom Hrvatskog zavoda za mirovinsko osiguranje iz njega je oti\u0161lo vi\u0161e od 350 ljudi. \u0160to prirodnim odljevom, dakle u mirovinu, \u0161to odlaskom u neki drugi sustav. A govorimo o sustavu koji zapo\u0161ljava vi\u0161e od 2700 ljudi, a sistematizacijom je predvi\u0111ena potreba za jo\u0161 nekoliko stotina.&#8221;<\/p><div id=\"mojev-2268631487\" class=\"mojev-u-tekstu mojev-entity-placement\" style=\"margin-left: auto;margin-right: auto;text-align: center;\"><div class=\"mojev-adlabel\">oglas<\/div><div style=\"height: 250px;\"><script async src=\"https:\/\/pagead2.googlesyndication.com\/pagead\/js\/adsbygoogle.js?client=ca-pub-8106111766207173\"\r\n     crossorigin=\"anonymous\"><\/script>\r\n<!-- Prikazni 1 u tekstu -->\r\n<ins class=\"adsbygoogle\"\r\n     style=\"display:block\"\r\n     data-ad-client=\"ca-pub-8106111766207173\"\r\n     data-ad-slot=\"8535551207\"\r\n     data-ad-format=\"auto\"\r\n     data-full-width-responsive=\"true\"><\/ins>\r\n<script>\r\n     (adsbygoogle = window.adsbygoogle || []).push({});\r\n<\/script><\/div><\/div><br style=\"clear: both; display: block; float: none;\"\/>\n\n\n\n<p>&#8220;Nikada nikome nisam pogodovao&#8221;, decidiran je Aladrovi\u0107. Tvrdi da ni\u00a0<strong>Ana Mandac<\/strong>\u00a0ni doju\u010dera\u0161nji ministar\u00a0<strong>Darko Horvat<\/strong>\u00a0ni gradona\u010delnik \u017dupanje\u00a0<strong>Damir Juzba\u0161i\u0107<\/strong>\u00a0nisu od njega tra\u017eili da pogoduje pri bilo \u010dijem zapo\u0161ljavanju, a tako\u0111er isti\u010de da nikome nije dostavljao pitanja za testiranja na natje\u010dajima.<\/p>\n\n\n\n<p>&#8220;\u0160to se ti\u010de ministarskog mandata, on je uvijek na raspolaganju predsjedniku Vlade, pa tako i sada&#8221;, kazao je Aladrovi\u0107.<\/p>\n<div id=\"mojev-873984800\" class=\"mojev-kraj-teksta mojev-entity-placement\" style=\"margin-bottom: 20px;margin-left: auto;margin-right: auto;text-align: center;\"><div class=\"mojev-adlabel\">oglas<\/div><div style=\"height: 250px;\"><script async src=\"https:\/\/pagead2.googlesyndication.com\/pagead\/js\/adsbygoogle.js?client=ca-pub-8106111766207173\"\r\n     crossorigin=\"anonymous\"><\/script>\r\n<!-- Display-1 -->\r\n<ins class=\"adsbygoogle\"\r\n     style=\"display:block\"\r\n     data-ad-client=\"ca-pub-8106111766207173\"\r\n     data-ad-slot=\"1465712950\"\r\n     data-ad-format=\"auto\"\r\n     data-full-width-responsive=\"true\"><\/ins>\r\n<script>\r\n     (adsbygoogle = window.adsbygoogle || []).push({});\r\n<\/script><\/div><\/div>","protected":false},"excerpt":{"rendered":"<p>Kako Jutarnji list neslu\u017ebeno doznaje, iz dokaznog materijala koji su istra\u017eitelji prikupili tijekom izvida proizlazi sumnja da je Aladrovi\u0107 2018. i 2019. kao ravnatelj Hrvatskog zavoda za mirovinsko osiguranje pogodovao pri zapo\u0161ljavanju dviju \u017eenskih osoba u HZMO-u. Navodno je to \u010dinio na tra\u017eenje drugih osoba, koje bi tako\u0111er mogle biti obuhva\u0107ene ovim drugim krakom istrage.<\/p>\n","protected":false},"author":1,"featured_media":29078,"comment_status":"closed","ping_status":"closed","sticky":false,"template":"","format":"standard","meta":{"footnotes":""},"categories":[9],"tags":[1804,1807],"class_list":["post-56858","post","type-post","status-publish","format-standard","has-post-thumbnail","hentry","category-vijesti","tag-josip-aladrovic","tag-uskok"],"_links":{"self":[{"href":"https:\/\/www.mojevrijeme.hr\/magazin\/wp-json\/wp\/v2\/posts\/56858","targetHints":{"allow":["GET"]}}],"collection":[{"href":"https:\/\/www.mojevrijeme.hr\/magazin\/wp-json\/wp\/v2\/posts"}],"about":[{"href":"https:\/\/www.mojevrijeme.hr\/magazin\/wp-json\/wp\/v2\/types\/post"}],"author":[{"embeddable":true,"href":"https:\/\/www.mojevrijeme.hr\/magazin\/wp-json\/wp\/v2\/users\/1"}],"replies":[{"embeddable":true,"href":"https:\/\/www.mojevrijeme.hr\/magazin\/wp-json\/wp\/v2\/comments?post=56858"}],"version-history":[{"count":0,"href":"https:\/\/www.mojevrijeme.hr\/magazin\/wp-json\/wp\/v2\/posts\/56858\/revisions"}],"wp:featuredmedia":[{"embeddable":true,"href":"https:\/\/www.mojevrijeme.hr\/magazin\/wp-json\/wp\/v2\/media\/29078"}],"wp:attachment":[{"href":"https:\/\/www.mojevrijeme.hr\/magazin\/wp-json\/wp\/v2\/media?parent=56858"}],"wp:term":[{"taxonomy":"category","embeddable":true,"href":"https:\/\/www.mojevrijeme.hr\/magazin\/wp-json\/wp\/v2\/categories?post=56858"},{"taxonomy":"post_tag","embeddable":true,"href":"https:\/\/www.mojevrijeme.hr\/magazin\/wp-json\/wp\/v2\/tags?post=56858"}],"curies":[{"name":"wp","href":"https:\/\/api.w.org\/{rel}","templated":true}]}}