{"id":56984,"date":"2022-02-28T11:52:23","date_gmt":"2022-02-28T10:52:23","guid":{"rendered":"https:\/\/www.mojevrijeme.hr\/magazin\/?p=56984"},"modified":"2022-02-28T12:28:51","modified_gmt":"2022-02-28T11:28:51","slug":"spomenka-sparemblek-zivot-plesaca-nije-lak-ali-je-divan-svoje-znanje-prenosim-mladima","status":"publish","type":"post","link":"https:\/\/www.mojevrijeme.hr\/magazin\/2022\/02\/spomenka-sparemblek-zivot-plesaca-nije-lak-ali-je-divan-svoje-znanje-prenosim-mladima\/","title":{"rendered":"Spomenka \u0160paremblek: \u017divot plesa\u010da nije lak, ali je divan. Svoje znanje prenosim mladima"},"content":{"rendered":"\n<p>Dogovoriti intervju sa Spomenkom \u0160paremblek nije bilo jednostavno. Naime, njezin je raspored prepun obaveza i termina. Ipak, strpljenje se isplatilo \u2013 u dogovoreno vrijeme sti\u017ee lakim korakom, nasmijana i dotjerana, a ne mogu ne primijetiti i njezinu savr\u0161enu liniju. Poslije \u0107e mi, u razgovoru, otkriti da puno mo\u017ee zahvaliti dobrim genima, ali posve je jasno da iza svega stoji i velika disciplina te godine i godine napornog vje\u017ebanja.<\/p>\n\n\n\n<p>No, moja sugovornica zazire od kukanja, \u017ealjenja i bilo kakvog mistificiranja svog \u017eivotnog puta. O svim svojim doista sjajnim postignu\u0107ima pri\u010da s lako\u0107om kao da se sve to podrazumijeva.<\/p>\n\n\n\n<p>&#8220;U mirovinu sam oti\u0161la rano, s 47 godina, iz punog anga\u017emana, doslovno od danas do sutra. Bio mi je to prili\u010dan \u0161ok, a sada se pitam kako li je tek onima koji u mirovinu odlaze sa 65 godina. To mora da je jo\u0161 gore&#8221;, ka\u017ee g\u0111a. \u0160paremblek, poja\u0161njavaju\u0107i kako je tako rano zavr\u0161ila svoj profesionalni anga\u017eman, kao baletna solistica, a potom i kao baletni majstor, zahvaljuju\u0107i beneficiranom radnom sta\u017eu.<\/p><div id=\"mojev-3314508186\" class=\"mojev-u-tekstu mojev-entity-placement\" style=\"margin-left: auto;margin-right: auto;text-align: center;\"><div class=\"mojev-adlabel\">oglas<\/div><div style=\"height: 250px;\"><script async src=\"https:\/\/pagead2.googlesyndication.com\/pagead\/js\/adsbygoogle.js?client=ca-pub-8106111766207173\"\r\n     crossorigin=\"anonymous\"><\/script>\r\n<!-- Prikazni 1 u tekstu -->\r\n<ins class=\"adsbygoogle\"\r\n     style=\"display:block\"\r\n     data-ad-client=\"ca-pub-8106111766207173\"\r\n     data-ad-slot=\"8535551207\"\r\n     data-ad-format=\"auto\"\r\n     data-full-width-responsive=\"true\"><\/ins>\r\n<script>\r\n     (adsbygoogle = window.adsbygoogle || []).push({});\r\n<\/script><\/div><\/div><br style=\"clear: both; display: block; float: none;\"\/>\n\n\n\n<p>&#8220;Odete u mirovinu i odjednom padnete na financijski minimum. Kao solistica, imala sam odli\u010dnu pla\u0107u, a zara\u0111ivala sam i od anga\u017emana na televiziji. I onda odjednom \u2013 bum, ni\u010deg vi\u0161e nema! No, doga\u0111a se jo\u0161 jedna velika promjena: probudite se drugog jutra i vi\u0161e ne znate \u0161to biste sa sobom, naprosto imate vi\u0161ak vremena. Onda iza\u0111ete van i mislite si \u2013 \u0161to sam ja cijeli \u017eivot radila, gdje sam bila? I po\u010dnete ponovo otkrivati svijet jer smo mi plesa\u010di bili do te mjere zatvoreni u tom na\u0161em baletnom svijetu; u dvorani od jutra do mraka, od predstave do predstave, od sezone do sezone, da je svijet prolazio pored nas&#8221;, otkriva na\u0161a sugovornica.<\/p>\n\n\n\n<p>&#8220;Znate, ja imam i djecu i jako sam sretna zbog toga jer mnoge moje kolegice to naprosto nisu uspjele ostvariti. Imati djecu kao balerina, to je \u010dak i ansamblu te\u0161ko, a pogotovo je te\u0161ko ako ste solistica. Imam dva odrasla sina i silno sam ponosna na njihov uspjeh. Mla\u0111i, Daniel Rey trenutno je na diplomskom studiju ra\u010dunarske znanosti i umjetne inteligencije na KU Leuven u Belgiji, a stariji, David Rene, na UCL-u u Londonu zavr\u0161io je studij urbanog dizajna te danas radi u birou poznatog arhitekta Sira Davida Adjayea.&#8221;<\/p>\n\n\n\n<h3 class=\"wp-block-heading\">Balerina od djetinjstva<\/h3>\n\n\n\n<p>Op\u0107e je mi\u0161ljenje da \u017eivot balerine pretpostavlja brojna odricanja, naro\u010dito ona koja se ti\u010du fizi\u010dke spreme i discipline prehrane. &#8220;Nisam nikada imala problema s linijom, zahvalna sam svojim precima na dobrim genima. Znate, nerijetko bih nakon predstave, u 23 sata znala pe\u0107i svinjske kotlete. Kolegice su me pitale jesam li normalna, a ja sam naprosto bila gladna jer prije predstave nisam mogla jesti, pozlilo bi mi\u2026&#8221;<\/p>\n\n\n\n<figure class=\"wp-block-image size-large\"><img loading=\"lazy\" decoding=\"async\" width=\"740\" height=\"444\" src=\"https:\/\/www.mojevrijeme.hr\/magazin\/wp-content\/uploads\/2022\/02\/spomenka-sparemblek-3-740x444.jpg\" alt=\"\" class=\"wp-image-56997\" srcset=\"https:\/\/www.mojevrijeme.hr\/magazin\/wp-content\/uploads\/2022\/02\/spomenka-sparemblek-3-740x444.jpg 740w, https:\/\/www.mojevrijeme.hr\/magazin\/wp-content\/uploads\/2022\/02\/spomenka-sparemblek-3-636x382.jpg 636w, https:\/\/www.mojevrijeme.hr\/magazin\/wp-content\/uploads\/2022\/02\/spomenka-sparemblek-3-768x461.jpg 768w, https:\/\/www.mojevrijeme.hr\/magazin\/wp-content\/uploads\/2022\/02\/spomenka-sparemblek-3-1536x922.jpg 1536w, https:\/\/www.mojevrijeme.hr\/magazin\/wp-content\/uploads\/2022\/02\/spomenka-sparemblek-3-1500x900.jpg 1500w, https:\/\/www.mojevrijeme.hr\/magazin\/wp-content\/uploads\/2022\/02\/spomenka-sparemblek-3-1600x960.jpg 1600w, https:\/\/www.mojevrijeme.hr\/magazin\/wp-content\/uploads\/2022\/02\/spomenka-sparemblek-3-590x354.jpg 590w, https:\/\/www.mojevrijeme.hr\/magazin\/wp-content\/uploads\/2022\/02\/spomenka-sparemblek-3-400x240.jpg 400w, https:\/\/www.mojevrijeme.hr\/magazin\/wp-content\/uploads\/2022\/02\/spomenka-sparemblek-3-1000x600.jpg 1000w, https:\/\/www.mojevrijeme.hr\/magazin\/wp-content\/uploads\/2022\/02\/spomenka-sparemblek-3-820x492.jpg 820w, https:\/\/www.mojevrijeme.hr\/magazin\/wp-content\/uploads\/2022\/02\/spomenka-sparemblek-3-1080x648.jpg 1080w, https:\/\/www.mojevrijeme.hr\/magazin\/wp-content\/uploads\/2022\/02\/spomenka-sparemblek-3.jpg 2000w\" sizes=\"auto, (max-width: 740px) 100vw, 740px\" \/><figcaption>Spomenka \u0160paremblek na sceni (privatni album)<\/figcaption><\/figure>\n\n\n\n<p>Spomenka \u0160paremblek baletom se po\u010dela baviti u najranijem djetinjstvu. Paralelno je poha\u0111ala dvije \u0161kole; osnovnu (a onda i srednju) te baletnu.<\/p>\n\n\n\n<p>&#8220;To vas nau\u010di ogromnoj disciplini, ali i brzini u\u010denja. Nemate vremena kao drugi u\u010denici koji idu samo u jednu \u0161kolu. I onda nau\u010dite racionalizirati vrijeme jer morate sve nau\u010diti u puno kra\u0107em roku. A ja sam uvijek bila perfekcionist i nisam priznavala ocjene manje od \u010detvorke. I\u0161la sam i na dramsku, \u017eeljela sam biti spikerica. A onda sam otkrila radio-dramu pa sam po\u010dela snimati. Svirala sam i klavir. Ne\u0161to kasnije, silno sam \u017eeljela biti glumica. Sje\u0107am se da sam o tome razgovarala s pokojnim Zlatkom Crnkovi\u0107em koji mi je rekao da ako \u017eelim studirati na Akademiji, moram odustati od baleta. No, ja sam tada odustala od glume, iako sam poslije glumila i u dramskim predstavama&#8221;, otkriva nam Spomenka.<\/p>\n\n\n\n<h3 class=\"wp-block-heading\">Ljubavna pri\u010da koja traje cijeli \u017eivot<\/h3>\n\n\n\n<p>Ve\u0107 s deset godina plesala je u baletnim predstavama u HNK te odlazila na turneje, a nakon zavr\u0161ene baletne \u0161kole ve\u0107 je imala anga\u017eman u HNK-u. Tu se negdje dogodio i prvi sudbinski susret s tada ve\u0107 renomiranim koreografom <strong>Milkom \u0160paremblekom<\/strong> koji \u0107e, a tada to nije znala, postati njezin suprug.<\/p>\n\n\n\n<p>&#8220;Ja sam tada bila jako mlada, ali svega se sje\u0107am kao da je ju\u010der bilo. Nisam imala pojma da u kazali\u0161te dolazi koreograf iz inozemstva. Mi, mladi plesa\u010di tada smo samo vje\u017ebali i provodili dane u dvorani. Imali smo veliko po\u0161tovanje prema starijima; i plesa\u010dima i koreografima. Nikada ne\u0107u zaboraviti taj susret. Zapravo, to i nije bio susret, to je bio pogled&#8221;, prisje\u0107a se Spomenka.<\/p>\n\n\n\n<p>&#8220;Bili smo u dvorani, nas par plesa\u010da i pripremali smo se za vje\u017ebe. I ja primijetim da na vratima, naslonjen, stoji jedan \u010dovjek i gleda. Znate ono kad osjetite da gleda ba\u0161 u vas. I ja se okrenem kolegici i ka\u017eem joj: Za\u0161to ovaj \u010dovjek gleda u mene? A ona meni ka\u017ee: Jesi ti luda? Zna\u0161 li ti tko je to? Ja ka\u017eem: Nemam pojma. I tako je po\u010delo. I od tada se pri\u010da razvijala malo po malo, i\u0161la je svojim tijekom, ni\u0161ta nije bilo na brzinu, preko no\u0107i&#8221;, otkriva Spomenka \u0160paremblek.<\/p>\n\n\n\n<p>No, dodaje, nije to ba\u0161 bilo tako jednostavno kako ljudi misle. &#8220;Ja sam imala velikih problema zbog svega toga. Ljudi su sva\u0161ta govorili; od toga da me Milko prote\u017eira pa nadalje. Kao \u0161to sam ve\u0107 rekla, na po\u010detku nisam ni znala tko je on, a poslije je do\u0161ao, dr\u017eao nam je probe, vje\u017ebe. Pa ni njemu nije bilo ba\u0161 lako. U to vrijeme, na\u0161a je razlika u godinama bila jako neobi\u010dna i velika. Naime, on je 27 godina stariji od mene. Danas je to ve\u0107 uobi\u010dajeno, ali tada nije bilo.&#8221;<\/p>\n\n\n\n<figure class=\"wp-block-image size-large\"><img loading=\"lazy\" decoding=\"async\" width=\"740\" height=\"444\" src=\"https:\/\/www.mojevrijeme.hr\/magazin\/wp-content\/uploads\/2022\/02\/milko-spomenka-740x444.jpg\" alt=\"\" class=\"wp-image-56996\" srcset=\"https:\/\/www.mojevrijeme.hr\/magazin\/wp-content\/uploads\/2022\/02\/milko-spomenka-740x444.jpg 740w, https:\/\/www.mojevrijeme.hr\/magazin\/wp-content\/uploads\/2022\/02\/milko-spomenka-636x382.jpg 636w, https:\/\/www.mojevrijeme.hr\/magazin\/wp-content\/uploads\/2022\/02\/milko-spomenka-768x461.jpg 768w, https:\/\/www.mojevrijeme.hr\/magazin\/wp-content\/uploads\/2022\/02\/milko-spomenka-1536x922.jpg 1536w, https:\/\/www.mojevrijeme.hr\/magazin\/wp-content\/uploads\/2022\/02\/milko-spomenka-1500x900.jpg 1500w, https:\/\/www.mojevrijeme.hr\/magazin\/wp-content\/uploads\/2022\/02\/milko-spomenka-1600x960.jpg 1600w, https:\/\/www.mojevrijeme.hr\/magazin\/wp-content\/uploads\/2022\/02\/milko-spomenka-590x354.jpg 590w, https:\/\/www.mojevrijeme.hr\/magazin\/wp-content\/uploads\/2022\/02\/milko-spomenka-400x240.jpg 400w, https:\/\/www.mojevrijeme.hr\/magazin\/wp-content\/uploads\/2022\/02\/milko-spomenka-1000x600.jpg 1000w, https:\/\/www.mojevrijeme.hr\/magazin\/wp-content\/uploads\/2022\/02\/milko-spomenka-820x492.jpg 820w, https:\/\/www.mojevrijeme.hr\/magazin\/wp-content\/uploads\/2022\/02\/milko-spomenka-1080x648.jpg 1080w, https:\/\/www.mojevrijeme.hr\/magazin\/wp-content\/uploads\/2022\/02\/milko-spomenka.jpg 2000w\" sizes=\"auto, (max-width: 740px) 100vw, 740px\" \/><figcaption>Milko i Spomenka \u0160paremblek (privatni album)<\/figcaption><\/figure>\n\n\n\n<p>Spomenka i Milko \u0160paremblek svoju su vezu, otkriva nam na\u0161a sugovornica, slu\u017ebeno zapo\u010deli na turneji u Gr\u010dkoj. &#8220;On je bio koreograf koji je od mene kao balerine tra\u017eio puno. \u010cinilo mi se da od mene tra\u017ei i triput vi\u0161e nego od drugih plesa\u010dica. Nije htio da netko pomisli da me prote\u017eira. Bio je silno oprezan, me\u0111utim, ja sam tada ve\u0107 bila solistica te sam pod svojim djevoja\u010dkim prezimenom Kruni\u0107 ve\u0107 ostvarila mnoge zapa\u017eene uloge i dobila dobre kritike. Zna\u010di, nisam postigla ne\u0161to tek kada sam postala Spomenka \u0160paremblek. No, s obzirom da sam bila tako zaljubljena u Milka i da mi je sve \u0161to su ljudi govorili bilo posve nebitno, o tome nisam ni mislila niti sam na to obra\u0107ala pa\u017enju.&#8221;<\/p>\n\n\n\n<p>Ljudi su je, ka\u017ee, \u010desto znali pitati \u0161to vidi u Milku, kako odr\u017eava brak kada joj je suprug stalno u inozemstvu i sli\u010dno.<\/p>\n\n\n\n<p>&#8220;Ali ja sam samo prolazila pored njih i pu\u0161tala ih da govore, nisam se bavila tim stvarima. Moj je suprug doista jako puno putovao, ali stalno smo bili u kontaktu, telefonirali smo, pisali si pisma. Pa bi se on nakon nekoliko mjeseci vratio u Zagreb i tu radio. A Milko je i takav duh, ne voli dugo biti na jednom mjestu. Zato i jest obi\u0161ao cijeli svijet, radio je svugdje i upoznao nebrojeno puno plesa\u010da. Sada su u Portugalu napravili film o njemu, odnosno o kompaniji koju je tamo osnovao. Tra\u017eili su jako puno materijala i dokumentacije, a za to su se pobrinuli sinovi. Nedavno je bila premijera tog filma u kojem je velik dio posve\u0107en upravo Milku \u0160parembleku&#8221;, s ponosom pri\u010da Spomenka.<\/p>\n\n\n\n<p>Pitam je kako izgleda njihov su\u017eivot, kako uspijevaju pomiriti dva umjetni\u010dka senzibiliteta.<\/p>\n\n\n\n<p>&#8220;Znate, mi u posljednje vrijeme puno vi\u0161e raspravljamo nego onda kada sam ja aktivno plesala. Kada sam postala njegova asistentica, po\u010deli smo jako puno razgovarati i raspravljati. Prije \u2013 nikada. Niti bih se ja u bilo \u0161to mije\u0161ala. On je bio takva veli\u010dina, ja sam sve od njega nau\u010dila. I to ne samo u tom zvanju, ve\u0107 i o svijetu. On je kod ku\u0107e organizirao poslovne sastanke. Kada bi radio predstavu, cijela ekipa bi dolazila k nama doma, za na\u0161im ogromnim stolom se radilo, pripremalo. To je bio proces, nije bilo ni\u010dega na brzinu, ni\u0161ta se nije improviziralo&#8221;, prisje\u0107a se Spomenka \u0160paremblek.<\/p>\n\n\n\n<h3 class=\"wp-block-heading\">Pedago\u0161ki rad<\/h3>\n\n\n\n<p>Spomenka \u0160paremblek i danas aktivno i svakodnevno radi &#8211; predaje u \u0160koli za klasi\u010dni balet u Zagrebu. No, sjeme tog dana\u0161njeg dijela karijere, posijala je davno, dok je jo\u0161 bila mlada plesa\u010dica.<\/p>\n\n\n\n<p>&#8220;Poha\u0111ala sam u Baletnu \u0161kolu gdje sam imala divnu profesoricu koja nam je usadila ljubav prema baletu. Ona je bila prva osoba koja je oti\u0161la u Moskvu na studij pedagogije i koja je izbliza vidjela kako sve to tamo izgleda i to je onda prenosila nama. Nakon \u0161to sam zavr\u0161ila \u0161kolu i ve\u0107 ozbiljno plesala, po\u017eeljela sam oti\u0107i negdje van na usavr\u0161avanje. Me\u0111utim, dogodilo se ne\u0161to drugo. Dobila sam dvogodi\u0161nju stipendiju za Moskovsku dr\u017eavnu akademiju za koreografiju (MGAH). Ali ne plesa\u010dku, nego pedago\u0161ku! Isprva nisam \u017eeljela prihvatiti, no na koncu sam ipak oti\u0161la. I Milko me poticao da odem, znao je da mi je to va\u017eno u \u017eivotu&#8221;, pri\u010da Spomenka.<\/p>\n\n\n\n<p>U Moskvi je bila u dru\u0161tvu brojnih kolegica i kolega iz raznih dijelova svijeta, a bila je i najmla\u0111a me\u0111u njima. &#8220;\u017deljela sam nastaviti vje\u017ebati paralelno sa \u0161kolom pa su meni i svim ostalim kolegama koji nisu bili Rusi, predlo\u017eili da dvogodi\u0161nji studij poku\u0161amo &#8216;ugurati&#8217; u godinu dana. Ja sam to prihvatila, iz vi\u0161e razloga, pa i zato jer sam u HNK morala tra\u017eiti nepla\u0107eni dopust i bilo me je strah ho\u0107e li me posao do\u010dekati kad se vratim&#8221;, pojasnila je Spomenka.<\/p>\n\n\n\n<p>\u017divot u Moskvi u po\u010detku joj je bio prili\u010dno \u0161okantan. &#8220;Imala sam tada 21 godinu. \u017divjela sam u internatu, a kada sam do\u0161la s koferima, prvo su me pitali je li to sve moje. Bilo mi je neugodno re\u0107i da je. Nije bilo lako, puno toga je bilo potrebno otrpjeti. Raspored je bio prekrcan; vje\u017ebe, predavanja od jutra do sutra, pa onda prakti\u010dna nastava uz djecu. Nave\u010der smo bili na svim predstavama u Bolj\u0161oj teatru, imali smo slobodan ulaz kao studenti. U tih godinu dana kao da sam ugurala deset \u017eivota. Upoznala sam vrhunske plesa\u010de, bila sam u dvorani gdje je vje\u017ebala Maja Pliseckaja, a vje\u017ebe je dr\u017eao slavni pedagog Asaf Messerer. Ono o \u010demu sam slu\u0161ala i \u010ditala, sada sam to i \u017eivjela&#8221;, ka\u017ee Spomenka.<\/p>\n\n\n\n<figure class=\"wp-block-image size-large\"><img loading=\"lazy\" decoding=\"async\" width=\"740\" height=\"444\" src=\"https:\/\/www.mojevrijeme.hr\/magazin\/wp-content\/uploads\/2022\/02\/spomenka-sparemblek-2-740x444.jpg\" alt=\"\" class=\"wp-image-56998\" srcset=\"https:\/\/www.mojevrijeme.hr\/magazin\/wp-content\/uploads\/2022\/02\/spomenka-sparemblek-2-740x444.jpg 740w, https:\/\/www.mojevrijeme.hr\/magazin\/wp-content\/uploads\/2022\/02\/spomenka-sparemblek-2-636x382.jpg 636w, https:\/\/www.mojevrijeme.hr\/magazin\/wp-content\/uploads\/2022\/02\/spomenka-sparemblek-2-768x461.jpg 768w, https:\/\/www.mojevrijeme.hr\/magazin\/wp-content\/uploads\/2022\/02\/spomenka-sparemblek-2-1536x922.jpg 1536w, https:\/\/www.mojevrijeme.hr\/magazin\/wp-content\/uploads\/2022\/02\/spomenka-sparemblek-2-1500x900.jpg 1500w, https:\/\/www.mojevrijeme.hr\/magazin\/wp-content\/uploads\/2022\/02\/spomenka-sparemblek-2-1600x960.jpg 1600w, https:\/\/www.mojevrijeme.hr\/magazin\/wp-content\/uploads\/2022\/02\/spomenka-sparemblek-2-590x354.jpg 590w, https:\/\/www.mojevrijeme.hr\/magazin\/wp-content\/uploads\/2022\/02\/spomenka-sparemblek-2-400x240.jpg 400w, https:\/\/www.mojevrijeme.hr\/magazin\/wp-content\/uploads\/2022\/02\/spomenka-sparemblek-2-1000x600.jpg 1000w, https:\/\/www.mojevrijeme.hr\/magazin\/wp-content\/uploads\/2022\/02\/spomenka-sparemblek-2-820x492.jpg 820w, https:\/\/www.mojevrijeme.hr\/magazin\/wp-content\/uploads\/2022\/02\/spomenka-sparemblek-2-1080x648.jpg 1080w, https:\/\/www.mojevrijeme.hr\/magazin\/wp-content\/uploads\/2022\/02\/spomenka-sparemblek-2.jpg 2000w\" sizes=\"auto, (max-width: 740px) 100vw, 740px\" \/><figcaption>Spomenka \u0160paremblek na sceni (privatni album)<\/figcaption><\/figure>\n\n\n\n<p>U Moskvi je nau\u010dila ruski, a u\u010dila ga je intenzivno, svaki dan jer su sva predavanja bila na ruskom. Tamo je nau\u010dila i francuski, sve to u godinu dana. Tempo je, ka\u017ee, bio paklen. Uz puno truda i rada polo\u017eila je dr\u017eavne ispite s odli\u010dnim uspjehom te je dobila diplomu dvogodi\u0161njeg studija.<\/p>\n\n\n\n<p>&#8220;Bilo je kolega koji taj ritam naprosto nisu mogli izdr\u017eati. Jedan moj kolega iz Finske prekinuo je \u0161kolovanje i vratio se ku\u0107i. Rekao je da ni\u0161ta nije vrijedno tog mu\u010denja. Ve\u0107 je bio solist u Helsinkiju, a poslije je postao direktor baleta i glavni pedagog&#8221;, prisje\u0107a se Spomenka.<\/p>\n\n\n\n<p>Kada se vratila u Zagreb, nastavila je plesati i \u010dinilo joj se da joj diploma koju je u Moskvi stekla, trenutno nije potrebna. Ubrzo je uslijedio poziv iz \u0160kole za klasi\u010dni balet da preuzme jedan razred, no tamo se nije dugo zadr\u017eala. Silno je \u017eeljela plesati, a za pedagogiju, mislila je, uvijek ima vremena. Kasnije se usavr\u0161avala i na podru\u010dju modernog, ali i klasi\u010dnog baleta i u Parizu, a jako je puno i gostovala u inozemstvu.<\/p>\n\n\n\n<p>&#8220;Cijela moja generacija jako je puno plesala vani. Danas nema takvih mogu\u0107nosti. U tome nam je jako pomogao i HNK. Bili smo na turnejama u Americi, Rusiji &#8211; pro\u0161li smo doslovno cijeli svijet&#8221;, pri\u010da nam Spomenka.<\/p>\n\n\n\n<p>Kada je oti\u0161la u mirovinu, ponovno je stigao poziv iz Baletne \u0161kole \u2013 najprije je jednu u\u010denicu pripremala za natjecanje u Lausannei, a onda je ostala. Tako je danas vanjska suradnica \u0160kole i radi svakodnevno, ve\u0107 13 godina kao profesorica klasi\u010dnog baleta. &#8220;Sada radim ono za \u0161to sam se \u0161kolovala kao mlada i rad s djecom i mladima potpuno me obuzeo. Najprije sam vodila razrede od prvog do osmog, a onda sam sljede\u0107e dvije godine preuzela generacije srednje \u0161kole i sada radim samo s njima, i to samo klasiku.&#8221;<\/p>\n\n\n\n<p>Pitam je je li joj to sve naporno, znaju\u0107i da svakodnevni rad s djecom iziskuje velik trud i rad, ali i fizi\u010dke i sve ostale pripreme.<\/p>\n\n\n\n<p>&#8220;Nikada u \u017eivotu nisam razmi\u0161ljala o tome je li mi ne\u0161to naporno, a objektivno mi je bilo jako naporno. Tajna je u organizaciji, u postavljanju prioriteta. \u010cesto treba odlu\u010diti \u0161to vam je najbitnije. Osim toga, moram re\u0107i da mi je na \u010ditavom \u017eivotnom putu ogromnu pomo\u0107 pru\u017eala moja obitelj \u2013 moji sestra i brat s kojima sam i danas jako vezana. \u0160to se moje aktivnosti ti\u010de, i danas sve vje\u017ebe i pokrete pokazujem svojim u\u010denicima, nezamislivo mi je u\u0107i u dvoranu i samo sjediti. Moram biti u pokretu, moram mo\u0107i njima pokazati ono \u0161to od njih o\u010dekujem. I to \u0107u raditi sve dok mi moje tijelo to bude dopu\u0161talo&#8221;, zaklju\u010duje Spomenka \u0160paremblek. <\/p>\n\n\n\n<p>Za kraj otkriva kako su joj najve\u0107a motivacija za daljnji rad uspjesi njezinih u\u010denika, od kojih su neki, nakon zavr\u0161ene \u0160kole za klasi\u010dni balet u Zagrebu, uspjeli polo\u017eiti audicije na europskim baletnim akademijama te dobili posao u nekim od najpoznatijih svjetskih kazali\u0161ta.<\/p>\n\n\n\n<div id=\"blokovi\"><img decoding=\"async\" src=\"https:\/\/www.mojevrijeme.hr\/magazin\/wp-content\/uploads\/2020\/09\/esf-lenta.jpg\">\nOvaj prilog objavljen je u sklopu projekta \u201cNovo vrijeme\u201d. Projekt je sufinancirala\nEuropska unija sredstvima Europskog socijalnog fonda. Sadr\u017eaj priloga isklju\u010diva\nje odgovornost Udruge Ho\u0107u stranicu.<\/div>\n<div id=\"mojev-771028698\" class=\"mojev-kraj-teksta mojev-entity-placement\" style=\"margin-bottom: 20px;margin-left: auto;margin-right: auto;text-align: center;\"><div class=\"mojev-adlabel\">oglas<\/div><div style=\"height: 250px;\"><script async src=\"https:\/\/pagead2.googlesyndication.com\/pagead\/js\/adsbygoogle.js?client=ca-pub-8106111766207173\"\r\n     crossorigin=\"anonymous\"><\/script>\r\n<!-- Display-1 -->\r\n<ins class=\"adsbygoogle\"\r\n     style=\"display:block\"\r\n     data-ad-client=\"ca-pub-8106111766207173\"\r\n     data-ad-slot=\"1465712950\"\r\n     data-ad-format=\"auto\"\r\n     data-full-width-responsive=\"true\"><\/ins>\r\n<script>\r\n     (adsbygoogle = window.adsbygoogle || []).push({});\r\n<\/script><\/div><\/div>","protected":false},"excerpt":{"rendered":"<p>Spomenka \u0160paremblek u sebi spaja nekoliko karijera &#8211; onu cijenjene baletne solistice, koreografkinje i plesne pedagoginje. Iako je zahvaljuju\u0107i beneficiranom radnom sta\u017eu u mirovini od svoje 47. godine, i danas svakodnevno radi kao profesorica u zagreba\u010dkoj \u0160koli za klasi\u010dni balet. Njezin bi \u017eivot bez problema mogao ispuniti nekoliko romana, a s nama je podijelila nekoliko odabranih poglavlja.<\/p>\n","protected":false},"author":13,"featured_media":57010,"comment_status":"closed","ping_status":"closed","sticky":false,"template":"","format":"standard","meta":{"footnotes":""},"categories":[2],"tags":[382,2339,1342,3064],"class_list":["post-56984","post","type-post","status-publish","format-standard","has-post-thumbnail","hentry","category-mozaik","tag-balet","tag-novo-vrijeme","tag-rad-uz-mirovinu","tag-spomenka-sparemblek"],"_links":{"self":[{"href":"https:\/\/www.mojevrijeme.hr\/magazin\/wp-json\/wp\/v2\/posts\/56984","targetHints":{"allow":["GET"]}}],"collection":[{"href":"https:\/\/www.mojevrijeme.hr\/magazin\/wp-json\/wp\/v2\/posts"}],"about":[{"href":"https:\/\/www.mojevrijeme.hr\/magazin\/wp-json\/wp\/v2\/types\/post"}],"author":[{"embeddable":true,"href":"https:\/\/www.mojevrijeme.hr\/magazin\/wp-json\/wp\/v2\/users\/13"}],"replies":[{"embeddable":true,"href":"https:\/\/www.mojevrijeme.hr\/magazin\/wp-json\/wp\/v2\/comments?post=56984"}],"version-history":[{"count":0,"href":"https:\/\/www.mojevrijeme.hr\/magazin\/wp-json\/wp\/v2\/posts\/56984\/revisions"}],"wp:featuredmedia":[{"embeddable":true,"href":"https:\/\/www.mojevrijeme.hr\/magazin\/wp-json\/wp\/v2\/media\/57010"}],"wp:attachment":[{"href":"https:\/\/www.mojevrijeme.hr\/magazin\/wp-json\/wp\/v2\/media?parent=56984"}],"wp:term":[{"taxonomy":"category","embeddable":true,"href":"https:\/\/www.mojevrijeme.hr\/magazin\/wp-json\/wp\/v2\/categories?post=56984"},{"taxonomy":"post_tag","embeddable":true,"href":"https:\/\/www.mojevrijeme.hr\/magazin\/wp-json\/wp\/v2\/tags?post=56984"}],"curies":[{"name":"wp","href":"https:\/\/api.w.org\/{rel}","templated":true}]}}